{"id":24452,"date":"2019-05-15T12:03:47","date_gmt":"2019-05-15T11:03:47","guid":{"rendered":"https:\/\/blogs.fu-berlin.de\/bibliotheken\/?p=24452"},"modified":"2021-09-14T07:29:38","modified_gmt":"2021-09-14T06:29:38","slug":"europawahl-2019-das-europaeische-parlament","status":"publish","type":"post","link":"https:\/\/blogs.fu-berlin.de\/bibliotheken\/2019\/05\/15\/europawahl-2019-das-europaeische-parlament\/","title":{"rendered":"Europawahl 2019: Das Europ\u00e4ische Parlament"},"content":{"rendered":"\n<p><em><span class=\"has-inline-color has-bright-red-color\">Der Betrieb des \u201eDokumentationszentrums UN \u2013 EU\u201c wird eingestellt. Die entsprechende Literatur bleibt im Bestand und ist weiterhin zug\u00e4nglich.<\/span><\/em><\/p>\n\n\n<p><figure id=\"attachment_24887\" aria-describedby=\"caption-attachment-24887\" style=\"width: 264px\" class=\"wp-caption alignright\"><img loading=\"lazy\" decoding=\"async\" class=\"wp-image-24887\" src=\"https:\/\/blogs.fu-berlin.de\/bibliotheken\/files\/2019\/04\/european-parliament-1265254_1280-300x225.jpg\" alt=\"\" width=\"264\" height=\"198\" srcset=\"https:\/\/blogs.fu-berlin.de\/bibliotheken\/files\/2019\/04\/european-parliament-1265254_1280-300x225.jpg 300w, https:\/\/blogs.fu-berlin.de\/bibliotheken\/files\/2019\/04\/european-parliament-1265254_1280-1200x900.jpg 1200w, https:\/\/blogs.fu-berlin.de\/bibliotheken\/files\/2019\/04\/european-parliament-1265254_1280.jpg 1280w\" sizes=\"auto, (max-width: 264px) 85vw, 264px\" \/><figcaption id=\"caption-attachment-24887\" class=\"wp-caption-text\">Europaparlament Stra\u00dfburg Innenhof Quelle: Erich Westendarp auf Pixabay<\/figcaption><\/figure><\/p>\n<p>Am 26. Mai 2019 ist jede\/r wahlberechtigte EU-B\u00fcrger*innen aufgefordert politische Partizipation zu leben und die Vertreter seines Landes in das&nbsp;<a href=\"http:\/\/www.europarl.europa.eu\/about-parliament\/de\">Europ\u00e4ische Parlament (EP)<\/a> zu w\u00e4hlen.<\/p>\n<p><strong>Was sind die Aufgaben des Europ\u00e4ischen Parlaments:<\/strong><\/p>\n<ul>\n<li>Gemeinsam mit dem Rat der EU bestimmt und kontrolliert es den Haushalt der EU.&nbsp;Wer \u00fcber das Geld bestimmt, besitzt auch die Macht, politische Priorit\u00e4ten zu setzen.<\/li>\n<li>Das EP \u00fcbt Kontrolle \u00fcber alle anderen Institutionen der EU aus. Nach der Verabschiedung von Gesetzen und Haushaltspl\u00e4nen, pr\u00fcft es die ordnungsgem\u00e4\u00dfe und effiziente Umsetzung der haushaltspolitischen Vorgaben durch die Kommission und den Ministerrat.<\/li>\n<li>Das EP hat kein f\u00f6rmliches Recht zur Gesetzesinitiative, dieses Recht steht allein der Europ\u00e4ischen Kommission zu. Das EP und der Rat verf\u00fcgen jedoch \u00fcber ein politisches Initiativrecht, das den Institutionen erm\u00f6glicht, die Kommission zu neuen Initiativen aufzufordern. Diese Initiativen und die daraus folgenden m\u00f6glichen&nbsp;Rechtsvorschriften haben Auswirkungen auf den Lebensalltag aller EU-B\u00fcrger und B\u00fcrgerinnen, z.B in den Bereichen: Umweltschutz (Nutzung von Glyphosat), Verbraucherrechte (Roaming-Geb\u00fchren), Verkehr (Maut), Kapital (Euro), Waren (Im- und Export) und Dienstleistungen (Entsenderichtlinie).<\/li>\n<li>Das EP kann zu wichtigen Themen Berichte erarbeiten und Entschlie\u00dfungen verabschieden. Es st\u00f6\u00dft Diskussionen in Europa an und ist Ideengeber f\u00fcr die Ausgestaltung des institutionellen Rahmens der EU und die Weiterentwicklung der Vertr\u00e4ge.<\/li>\n<li>Das EP w\u00e4hlt den Kommissionspr\u00e4sidenten auf Vorschlag des Europ\u00e4ischen Rates.<\/li>\n<\/ul>\n<p><strong>Wie setzt sich das Europ\u00e4ische Parlament zusammen?<\/strong><\/p>\n<p>Die Anzahl der Abgeordneten im EP darf 750 nicht \u00fcberschreiten, zuz\u00fcglich des Pr\u00e4sidenten. Jeder Mitgliedstaat ist mindestens mit sechs und maximal mit 96 Sitze vertreten. Die Anzahl der Sitze pro Mitgliedstaat wird nach dem Grundsatz der <a href=\"http:\/\/www.bpb.de\/nachschlagen\/zahlen-und-fakten\/europawahl\/183203\/stimmengewichtung-und-sitzverteilung\">degressiven Proportionalit\u00e4t<\/a> verteilt. So hat Deutschland derzeit im EP gemessen an seiner Einwohnerzahl 96 Sitze, Malta 6.<\/p>\n<p>Die Abgeordneten stammen aus \u00fcber 200 nationalen Parteien, und schlie\u00dfen sich in 8 <a href=\"http:\/\/www.europarl.europa.eu\/about-parliament\/de\/organisation-and-rules\/organisation\/political-groups\">nationen\u00fcbergreifenden Fraktionen<\/a> und einer fraktionslosen Gruppe zusammen:<\/p>\n<ul>\n<li>Fraktion der Gr\u00fcnen \/ Freie Europ\u00e4ische Allianz<\/li>\n<li>Fraktion der Allianz der Liberalen und Demokraten f\u00fcr Europa<\/li>\n<li>Fraktion der Europ\u00e4ischen Volkspartei (Christdemokraten)<\/li>\n<li>Fraktion der Progressiven Allianz der Sozialdemokraten im Europ\u00e4ischen Parlament<\/li>\n<li>Fraktion der Europ\u00e4ischen Konservativen und Reformer<\/li>\n<li>Konf\u00f6derale Fraktion der Vereinigten Europ\u00e4ischen Linken\/Nordische Gr\u00fcne Linke<\/li>\n<li>Fraktion Europa der Freiheit und der direkten Demokratie<\/li>\n<li>Fraktion Europa der Nationen und der Freiheit<\/li>\n<li>Fraktionslos<\/li>\n<\/ul>\n<p>Die Abgeordneten w\u00e4hlen ihren Pr\u00e4sidenten und das gesamte Pr\u00e4sidium (Leitungsorgan des Parlaments), bestehend aus 14 Vizepr\u00e4sidenten und 6 Qu\u00e4storen, f\u00fcr zweieinhalb Jahre. Der <a href=\"https:\/\/www.europarl.europa.eu\/multiapp\/de\/biography-and-responsibilities\">Generalsekret\u00e4r<\/a> (seit M\u00e4rz 2009 Klaus Welle) unterst\u00fctzt das Parlament.<\/p>\n<p>Der Pr\u00e4sident des EPs vertritt das Parlament nach au\u00dfen und leitet die Sitzungen des Plenums sowie die Sitzungen des Pr\u00e4sidiums. Er wird zu Beginn und nach der H\u00e4lfte der Wahlperiode f\u00fcr zweieinhalb Jahre vom Parlament gew\u00e4hlt. Seit dem 17. Januar 2017 ist der <a href=\"https:\/\/www.europarl.europa.eu\/germany\/de\/europa-und-europawahlen\/das-pr\u00e4sidium\">Pr\u00e4sident<\/a> des Europ\u00e4ischen Parlaments <a href=\"http:\/\/www.europarl.europa.eu\/meps\/de\/2187\/ANTONIO_TAJANI\/home\">Antonio Tajani<\/a>.<\/p>\n<p><strong>Wann und wo kommt das EP zusammen?<\/strong><\/p>\n<p>Das EP hat seinen Sitz in Stra\u00dfburg. Monatlich trifft es sich zu den Plenartagungen und Haushaltstagungen. Zus\u00e4tzliche Plenartagungen und Treffen der Aussch\u00fcsse des Parlaments finden in Br\u00fcssel statt. Beide Standorte sind eng mit der Geschichte der EU verbunden. Stra\u00dfburg gilt als Symbol f\u00fcr den Frieden zwischen Deutschland und Frankreich. In Br\u00fcssel hat sowohl die EU ihren Hauptsitz als auch die Nato. So wird eine enge Zusammenarbeit mit den anderen EU-Institutionen und Nicht-EU-Organisationen sichergestellt.<\/p>\n<p><strong>Das Generalsekretariat des Europ\u00e4ischen Parlaments:<\/strong><\/p>\n<p>Die Mitarbeiter der <a href=\"http:\/\/www.europarl.europa.eu\/about-parliament\/de\/organisation-and-rules\/secretariat\">Parlamentsverwaltung<\/a> (Generalsekretariats) am Standort Luxemburg werden nicht gew\u00e4hlt. Sie sind \u00fcberwiegend Beamte und Beamtinnen, die per Auswahlverfahren aus allen L\u00e4ndern der Europ\u00e4ischen Union eingestellt werden.<\/p>\n<p>Das Generalsekretariat ist f\u00fcr die Verwaltung zust\u00e4ndig. Es besteht aus einem Generalsekret\u00e4r, 12 Generaldirektionen und dem Juristischen Dienst. &#8211; zusammen insgesamt \u00fcber 5000 Planstellen. Es koordiniert die Legislativarbeiten, die Organisation der Plenartagungen und der sonstigen Sitzungen. Es unterst\u00fctzt die Arbeit der parlamentarischen Organe und unterst\u00fctzt die Abgeordneten in der Aus\u00fcbung ihres Mandats in technischer Hinsicht und durch fachliche Beratung.&nbsp;Aufgrund der vierundzwanzig Amtssprachen der EU ist eine Vielzahl an Dolmetsch- und \u00dcbersetzungstellen notwendig.<\/p>\n<p>Das Europ\u00e4ische Parlament hat sich auf der Grundlage von <a href=\"https:\/\/eur-lex.europa.eu\/legal-content\/DE\/TXT\/HTML\/?uri=CELEX:12012E\/TXT&amp;from=EN\">Artikel 232 des Vertrags \u00fcber die Arbeitsweise der Europ\u00e4ischen Union<\/a> (AEUV) eine <a href=\"http:\/\/www.europarl.europa.eu\/sides\/getLastRules.do?language=DE&amp;reference=TOC\">Gesch\u00e4ftsordnung<\/a> gegeben. Diese Gesch\u00e4ftsordnung enth\u00e4lt alle Regeln in Bezug auf die interne Organisation und den internen Betrieb des Europ\u00e4ischen Parlaments.<\/p>\n<p>Noch mehr Informationen zur EU bekommen Sie in unserem <a href=\"https:\/\/www.ub.fu-berlin.de\/bibliothek\/uneu\/\">Dokumentationszentrum UN-EU<\/a>.<\/p>","protected":false},"excerpt":{"rendered":"<p>Der Betrieb des \u201eDokumentationszentrums UN \u2013 EU\u201c wird eingestellt. Die entsprechende Literatur bleibt im Bestand und ist weiterhin zug\u00e4nglich. Am 26. Mai 2019 ist jede\/r wahlberechtigte EU-B\u00fcrger*innen aufgefordert politische Partizipation zu leben und die Vertreter seines Landes in das&nbsp;Europ\u00e4ische Parlament (EP) zu w\u00e4hlen. Was sind die Aufgaben des Europ\u00e4ischen Parlaments: Gemeinsam mit dem Rat der &hellip; <a href=\"https:\/\/blogs.fu-berlin.de\/bibliotheken\/2019\/05\/15\/europawahl-2019-das-europaeische-parlament\/\" class=\"more-link\"><span class=\"screen-reader-text\">\u201eEuropawahl 2019: Das Europ\u00e4ische Parlament\u201c<\/span> weiterlesen<\/a><\/p>\n","protected":false},"author":2907,"featured_media":0,"comment_status":"open","ping_status":"open","sticky":false,"template":"","format":"standard","meta":{"footnotes":""},"categories":[9],"tags":[196664,2458,56944,218381,227440,227439,1163,227457,227458,196665],"class_list":["post-24452","post","type-post","status-publish","format-standard","hentry","category-allgemein","tag-bruessel","tag-dokumentationszentrum-un-eu","tag-europaeisches-parlament","tag-europawahl-2019","tag-fraktionen-im-europaeischen-parlament","tag-generalsekretariat-des-europaeischen-parlaments","tag-luxemburg","tag-parlamentsverwaltung","tag-praesident-des-europaeischen-parlaments","tag-strassburg"],"_links":{"self":[{"href":"https:\/\/blogs.fu-berlin.de\/bibliotheken\/wp-json\/wp\/v2\/posts\/24452","targetHints":{"allow":["GET"]}}],"collection":[{"href":"https:\/\/blogs.fu-berlin.de\/bibliotheken\/wp-json\/wp\/v2\/posts"}],"about":[{"href":"https:\/\/blogs.fu-berlin.de\/bibliotheken\/wp-json\/wp\/v2\/types\/post"}],"author":[{"embeddable":true,"href":"https:\/\/blogs.fu-berlin.de\/bibliotheken\/wp-json\/wp\/v2\/users\/2907"}],"replies":[{"embeddable":true,"href":"https:\/\/blogs.fu-berlin.de\/bibliotheken\/wp-json\/wp\/v2\/comments?post=24452"}],"version-history":[{"count":19,"href":"https:\/\/blogs.fu-berlin.de\/bibliotheken\/wp-json\/wp\/v2\/posts\/24452\/revisions"}],"predecessor-version":[{"id":29203,"href":"https:\/\/blogs.fu-berlin.de\/bibliotheken\/wp-json\/wp\/v2\/posts\/24452\/revisions\/29203"}],"wp:attachment":[{"href":"https:\/\/blogs.fu-berlin.de\/bibliotheken\/wp-json\/wp\/v2\/media?parent=24452"}],"wp:term":[{"taxonomy":"category","embeddable":true,"href":"https:\/\/blogs.fu-berlin.de\/bibliotheken\/wp-json\/wp\/v2\/categories?post=24452"},{"taxonomy":"post_tag","embeddable":true,"href":"https:\/\/blogs.fu-berlin.de\/bibliotheken\/wp-json\/wp\/v2\/tags?post=24452"}],"curies":[{"name":"wp","href":"https:\/\/api.w.org\/{rel}","templated":true}]}}