{"id":2454,"date":"2009-08-25T15:13:05","date_gmt":"2009-08-25T14:13:05","guid":{"rendered":"https:\/\/blogs.fu-berlin.de\/bibliotheken\/?p=2454"},"modified":"2009-08-25T16:10:51","modified_gmt":"2009-08-25T15:10:51","slug":"neue-schliesfacher-in-der-sozialwissenschaftlichen-bibliothek","status":"publish","type":"post","link":"https:\/\/blogs.fu-berlin.de\/bibliotheken\/2009\/08\/25\/neue-schliesfacher-in-der-sozialwissenschaftlichen-bibliothek\/","title":{"rendered":"Neue Schlie\u00dff\u00e4cher in der Sozialwissenschaftlichen Bibliothek"},"content":{"rendered":"<p><img loading=\"lazy\" decoding=\"async\" class=\"size-thumbnail wp-image-2453\" src=\"https:\/\/blogs.fu-berlin.de\/bibliotheken\/files\/2009\/08\/schliesfacher-neu-120x150.jpg\" alt=\"Foyer Garystra\u00dfe 55\" width=\"120\" height=\"150\" align=\"right\"><\/p>\n<p>Lange erwartet und endlich eingetroffen: Die neuen Schlie\u00dff\u00e4cher f\u00fcr die Sozialwissenschaftliche Bibliothek sind da! 64 ger\u00e4umige F\u00e4cher in der Garystra\u00dfe 55 und 84 ebenso gro\u00dfe F\u00e4cher in der Ihnestra\u00dfe 21 warten in sonnigem Gelb darauf, die Taschen, Jacken und M\u00e4ntel der Nutzerinnen und Nutzer der Bibliothek aufzunehmen!<br \/>\n<!--more--> Die Angst davor, seinen Schl\u00fcssel zu verlieren, hat nun ein Ende:  Die neuen F\u00e4cher funktionieren mit einem Codeschloss:   Zum Verschlie\u00dfen (und zum \u00d6ffnen) gibt man eine selbst gew\u00e4hlte vierstellige Zahl ein. Aber Achtung: bitte die vierstellige Zahl <strong>und<\/strong> die dreistellige Nummer des Schlie\u00dffaches merken! <\/p>\n","protected":false},"excerpt":{"rendered":"<p>Lange erwartet und endlich eingetroffen: Die neuen Schlie\u00dff\u00e4cher f\u00fcr die Sozialwissenschaftliche Bibliothek sind da! 64 ger\u00e4umige F\u00e4cher in der Garystra\u00dfe 55 und 84 ebenso gro\u00dfe F\u00e4cher in der Ihnestra\u00dfe 21 warten in sonnigem Gelb darauf, die Taschen, Jacken und M\u00e4ntel der Nutzerinnen und Nutzer der Bibliothek aufzunehmen!<\/p>\n","protected":false},"author":303,"featured_media":0,"comment_status":"open","ping_status":"open","sticky":false,"template":"","format":"standard","meta":{"footnotes":""},"categories":[600],"tags":[988,987],"class_list":["post-2454","post","type-post","status-publish","format-standard","hentry","category-fachbibliotheken","tag-codeschloss","tag-taschenfacher"],"_links":{"self":[{"href":"https:\/\/blogs.fu-berlin.de\/bibliotheken\/wp-json\/wp\/v2\/posts\/2454","targetHints":{"allow":["GET"]}}],"collection":[{"href":"https:\/\/blogs.fu-berlin.de\/bibliotheken\/wp-json\/wp\/v2\/posts"}],"about":[{"href":"https:\/\/blogs.fu-berlin.de\/bibliotheken\/wp-json\/wp\/v2\/types\/post"}],"author":[{"embeddable":true,"href":"https:\/\/blogs.fu-berlin.de\/bibliotheken\/wp-json\/wp\/v2\/users\/303"}],"replies":[{"embeddable":true,"href":"https:\/\/blogs.fu-berlin.de\/bibliotheken\/wp-json\/wp\/v2\/comments?post=2454"}],"version-history":[{"count":34,"href":"https:\/\/blogs.fu-berlin.de\/bibliotheken\/wp-json\/wp\/v2\/posts\/2454\/revisions"}],"predecessor-version":[{"id":2491,"href":"https:\/\/blogs.fu-berlin.de\/bibliotheken\/wp-json\/wp\/v2\/posts\/2454\/revisions\/2491"}],"wp:attachment":[{"href":"https:\/\/blogs.fu-berlin.de\/bibliotheken\/wp-json\/wp\/v2\/media?parent=2454"}],"wp:term":[{"taxonomy":"category","embeddable":true,"href":"https:\/\/blogs.fu-berlin.de\/bibliotheken\/wp-json\/wp\/v2\/categories?post=2454"},{"taxonomy":"post_tag","embeddable":true,"href":"https:\/\/blogs.fu-berlin.de\/bibliotheken\/wp-json\/wp\/v2\/tags?post=2454"}],"curies":[{"name":"wp","href":"https:\/\/api.w.org\/{rel}","templated":true}]}}