{"id":24548,"date":"2019-02-04T09:23:59","date_gmt":"2019-02-04T08:23:59","guid":{"rendered":"https:\/\/blogs.fu-berlin.de\/bibliotheken\/?p=24548"},"modified":"2021-09-14T07:42:10","modified_gmt":"2021-09-14T06:42:10","slug":"seminar-wie-funktioniert-die-eu","status":"publish","type":"post","link":"https:\/\/blogs.fu-berlin.de\/bibliotheken\/2019\/02\/04\/seminar-wie-funktioniert-die-eu\/","title":{"rendered":"Seminar: Wie funktioniert die EU?"},"content":{"rendered":"\n<p><em><span class=\"has-inline-color has-bright-red-color\">Der Betrieb des \u201eDokumentationszentrums UN \u2013 EU\u201c wird eingestellt. Die entsprechende Literatur bleibt im Bestand und ist weiterhin zug\u00e4nglich.<\/span><\/em><\/p>\n\n\n<div id=\"comp-jgxha23w\" class=\"txtNew\">\n<p class=\"font_8\"><span class=\"color_14\">Das europaweite Informationsnetzwerk Europe Direct l\u00e4dt zu einem Seminar im EDIC (Europe Direct Information Center) Berlin Besucherzentrum im Amerikahaus ein.<br>\n<\/span><\/p>\n<p>Die zweit\u00e4gige Veranstaltung findet vom <strong>19. Februar, 16:00 \u2013 20. Februar, 19:00<\/strong> in der <strong>Hardenbergstra\u00dfe 22-24, 10623 Berlin<\/strong> statt. Anmelden k\u00f6nnen Sie sich hier:&nbsp;<a href=\"https:\/\/www.edic-berlin.info\/events\/seminar-wie-funktioniert-die-eu\">https:\/\/www.edic-berlin.info\/events\/seminar-wie-funktioniert-die-eu<\/a><\/p>\n<p>Auf dem Veranstaltungstext der Webseite hei\u00dft es weiter:<\/p>\n<blockquote><p>Am 26. Mai 2019 w\u00e4hlen wir das n\u00e4chste Europaparlament. Aber was darf das Europaparlament entscheiden? Was macht die Kommission und was der Europ\u00e4ische Rat? Wof\u00fcr ist die EU \u00fcberhaupt zust\u00e4ndig?<\/p><\/blockquote>\n<p>Noch mehr Informationen zur EU bekommen Sie in unserem <a href=\"https:\/\/www.ub.fu-berlin.de\/bibliothek\/uneu\/\">Dokumentationszentrum UN-EU<\/a>.<\/p>\n<\/div>","protected":false},"excerpt":{"rendered":"<p>Der Betrieb des \u201eDokumentationszentrums UN \u2013 EU\u201c wird eingestellt. Die entsprechende Literatur bleibt im Bestand und ist weiterhin zug\u00e4nglich. Das europaweite Informationsnetzwerk Europe Direct l\u00e4dt zu einem Seminar im EDIC (Europe Direct Information Center) Berlin Besucherzentrum im Amerikahaus ein. Die zweit\u00e4gige Veranstaltung findet vom 19. Februar, 16:00 \u2013 20. Februar, 19:00 in der Hardenbergstra\u00dfe 22-24, &hellip; <a href=\"https:\/\/blogs.fu-berlin.de\/bibliotheken\/2019\/02\/04\/seminar-wie-funktioniert-die-eu\/\" class=\"more-link\"><span class=\"screen-reader-text\">\u201eSeminar: Wie funktioniert die EU?\u201c<\/span> weiterlesen<\/a><\/p>\n","protected":false},"author":3230,"featured_media":0,"comment_status":"open","ping_status":"open","sticky":false,"template":"","format":"standard","meta":{"footnotes":""},"categories":[70],"tags":[2458,56945,1977,522,227398,1761],"class_list":["post-24548","post","type-post","status-publish","format-standard","hentry","category-veranstaltungen","tag-dokumentationszentrum-un-eu","tag-europaeische-kommission","tag-europaische-union","tag-fortbildung","tag-landeszentrale-fuer-politische-bildung","tag-seminar"],"_links":{"self":[{"href":"https:\/\/blogs.fu-berlin.de\/bibliotheken\/wp-json\/wp\/v2\/posts\/24548","targetHints":{"allow":["GET"]}}],"collection":[{"href":"https:\/\/blogs.fu-berlin.de\/bibliotheken\/wp-json\/wp\/v2\/posts"}],"about":[{"href":"https:\/\/blogs.fu-berlin.de\/bibliotheken\/wp-json\/wp\/v2\/types\/post"}],"author":[{"embeddable":true,"href":"https:\/\/blogs.fu-berlin.de\/bibliotheken\/wp-json\/wp\/v2\/users\/3230"}],"replies":[{"embeddable":true,"href":"https:\/\/blogs.fu-berlin.de\/bibliotheken\/wp-json\/wp\/v2\/comments?post=24548"}],"version-history":[{"count":3,"href":"https:\/\/blogs.fu-berlin.de\/bibliotheken\/wp-json\/wp\/v2\/posts\/24548\/revisions"}],"predecessor-version":[{"id":29237,"href":"https:\/\/blogs.fu-berlin.de\/bibliotheken\/wp-json\/wp\/v2\/posts\/24548\/revisions\/29237"}],"wp:attachment":[{"href":"https:\/\/blogs.fu-berlin.de\/bibliotheken\/wp-json\/wp\/v2\/media?parent=24548"}],"wp:term":[{"taxonomy":"category","embeddable":true,"href":"https:\/\/blogs.fu-berlin.de\/bibliotheken\/wp-json\/wp\/v2\/categories?post=24548"},{"taxonomy":"post_tag","embeddable":true,"href":"https:\/\/blogs.fu-berlin.de\/bibliotheken\/wp-json\/wp\/v2\/tags?post=24548"}],"curies":[{"name":"wp","href":"https:\/\/api.w.org\/{rel}","templated":true}]}}