{"id":24550,"date":"2019-02-05T08:34:57","date_gmt":"2019-02-05T07:34:57","guid":{"rendered":"https:\/\/blogs.fu-berlin.de\/bibliotheken\/?p=24550"},"modified":"2021-09-14T07:41:37","modified_gmt":"2021-09-14T06:41:37","slug":"vormerken-under-pressure-am-12-02-19","status":"publish","type":"post","link":"https:\/\/blogs.fu-berlin.de\/bibliotheken\/2019\/02\/05\/vormerken-under-pressure-am-12-02-19\/","title":{"rendered":"Vormerken! Under Pressure am 12.02.19"},"content":{"rendered":"\n<p><em><span class=\"has-inline-color has-bright-red-color\">Der Betrieb des \u201eDokumentationszentrums UN \u2013 EU\u201c wird eingestellt. Die entsprechende Literatur bleibt im Bestand und ist weiterhin zug\u00e4nglich.<\/span><\/em><\/p>\n\n\n<p><figure id=\"attachment_24551\" aria-describedby=\"caption-attachment-24551\" style=\"width: 300px\" class=\"wp-caption alignright\"><img loading=\"lazy\" decoding=\"async\" class=\"size-medium wp-image-24551\" src=\"https:\/\/blogs.fu-berlin.de\/bibliotheken\/files\/2019\/02\/BED-10_Web-300x300.jpg\" alt=\"\" width=\"300\" height=\"300\" srcset=\"https:\/\/blogs.fu-berlin.de\/bibliotheken\/files\/2019\/02\/BED-10_Web-300x300.jpg 300w, https:\/\/blogs.fu-berlin.de\/bibliotheken\/files\/2019\/02\/BED-10_Web-150x150.jpg 150w, https:\/\/blogs.fu-berlin.de\/bibliotheken\/files\/2019\/02\/BED-10_Web-1200x1200.jpg 1200w, https:\/\/blogs.fu-berlin.de\/bibliotheken\/files\/2019\/02\/BED-10_Web.jpg 1883w\" sizes=\"auto, (max-width: 300px) 85vw, 300px\" \/><figcaption id=\"caption-attachment-24551\" class=\"wp-caption-text\">Quelle: https:\/\/pixabay.com\/de\/schrott-presse-schrottplatz-569118\/<\/figcaption><\/figure><\/p>\n<p>Das <a href=\"https:\/\/www.fu-berlin.de\/sites\/ub\/ueber-uns\/un-eu\/index.html\">Dokumentationszentrum UN-EU<\/a> der Universit\u00e4tsbibliothek der Freien Universit\u00e4t Berlin l\u00e4dt zum 10. Berliner Europa-Dialog ein. Am 12.02. um 18 Uhr beginnt die Veranstaltung mit dem Titel: Under pressure &#8211; zur Zukunft der Europ\u00e4ischen Union im Henry-Ford-Bau (H\u00f6rsaal A) in der Garystr. 35 in 14195 Berlin.<\/p>\n<p>Ziel der Veranstaltung ist, Fragen zu den aktuellen Herausforderungen der Europ\u00e4ischen Union vor dem wahrscheinlich bevorstehenden Brexit und den Europawahlen zu diskutieren. Dabei stehen auch strategische Aspekte der EU-Reform sowie der k\u00fcnftigen Ausgestaltung der europ\u00e4ischen Integration in Zeiten einer polarisierten europapolitischen Debatte im Fokus.<\/p>\n<p>Europa wird von innen wie von au\u00dfen angegriffen: In Gro\u00dfbritannien n\u00e4hert sich der Brexit, der ggf. h\u00e4rter ausf\u00e4llt als erwartet. In Frankreich protestieren \u201eGelbwesten\u201c gegen die Politik Emmanuel Macrons, der mit einem ambitionierten proeurop\u00e4ischen Programm gestartet war. Gegen Polen und Ungarn laufen Rechtsstaatsverfahren der Europ\u00e4ischen Kommission. Die italienische Regierung agitiert offen gegen die EU. Auch die Katalonienfrage steht noch auf der Agenda. Die Europa-Wahlen im Mai stehen vor der T\u00fcr und populistische Parteien in vielen EU-L\u00e4ndern proklamieren Exit-Vorhaben.<\/p>\n<p>Ben\u00f6tigen wir eine neue Erz\u00e4hlung Europas oder mehr, gar andere Ergebnisse? Wie wird der Brexit aussehen und wie wird die Europ\u00e4ische Union, the day after, in die Wahlen gehen? Welche Rolle spielt die Zivilgesellschaft dabei?<\/p>\n<p>Diese und weitere Fragen diskutieren am <strong>Dienstag, den 12.02.2019 von 18:00 &#8211; 20:00 Uhr<\/strong>:<\/p>\n<ul>\n<li><strong>Laura Bethke<\/strong>, Vertretung der Europ\u00e4ischen Kommission in Deutschland, Strategische Beratung und Koordination<\/li>\n<li><strong>Katja Sinko<\/strong>, Stellv. Vorsitzende, Junge Europ\u00e4ische Bewegung<\/li>\n<li><strong>Benjamin Knight<\/strong>, britischer Korrespondent f\u00fcr DW und andere Medien<\/li>\n<\/ul>\n<p>Die Podiumsdiskussion wird moderiert von <strong>Prof. Dr. Tanja A. B\u00f6rzel<\/strong>, Inhaberin des Jean Monnet Lehrstuhls und Leiterin der Arbeitsstelle Europ\u00e4ische Integration, Freie Universit\u00e4t Berlin.<\/p>\n<p><strong>Ort der Veranstaltung:<\/strong> Freie Universit\u00e4t Berlin, Henry-Ford-Bau, H\u00f6rsaal A, Garystra\u00dfe 35, 14195 Berlin-Dahlem (U3 Freie Universit\u00e4t).<\/p>\n<p>Die Veranstaltung im Rahmen der Reihe Berliner Europa-Dialog wird kooperativ organisiert vom Dokumentationszentrum Vereinte Nationen \u2013 Europ\u00e4ische Union der Freien Universit\u00e4t Berlin, dem Europ\u00e4ischen Informationszentrum Berlin (Tr\u00e4ger: Deutsche Gesellschaft e. V.) sowie der Europa-Union Berlin e. V.<\/p>\n<p>Wir w\u00fcrden uns freuen, Sie zu der Podiumsdiskussion begr\u00fc\u00dfen zu d\u00fcrfen. Die Veranstaltung ist \u00f6ffentlich, der Eintritt frei. Ihre Anmeldung senden Sie bitte bis zum 11.02.2019 an<a href=\"mailto:%20info@eu-infozentrum-berlin.de\"> info@eu-infozentrum-berlin.de<\/a>.<\/p>\n<p><a href=\"https:\/\/www.fu-berlin.de\/sites\/ub\/ueber-uns\/un-eu\/veranstaltungen\/BED-10\/index.html\">Links<\/a> zum Thema finden Sie auf unserer Internetseite.<\/p>\n<p>Noch mehr Informationen zur EU bekommen Sie in unserem <a href=\"https:\/\/www.ub.fu-berlin.de\/bibliothek\/uneu\/\">Dokumentationszentrum UN-EU<\/a>.<\/p>","protected":false},"excerpt":{"rendered":"<p>Der Betrieb des \u201eDokumentationszentrums UN \u2013 EU\u201c wird eingestellt. Die entsprechende Literatur bleibt im Bestand und ist weiterhin zug\u00e4nglich. Das Dokumentationszentrum UN-EU der Universit\u00e4tsbibliothek der Freien Universit\u00e4t Berlin l\u00e4dt zum 10. Berliner Europa-Dialog ein. Am 12.02. um 18 Uhr beginnt die Veranstaltung mit dem Titel: Under pressure &#8211; zur Zukunft der Europ\u00e4ischen Union im Henry-Ford-Bau &hellip; <a href=\"https:\/\/blogs.fu-berlin.de\/bibliotheken\/2019\/02\/05\/vormerken-under-pressure-am-12-02-19\/\" class=\"more-link\"><span class=\"screen-reader-text\">\u201eVormerken! Under Pressure am 12.02.19\u201c<\/span> weiterlesen<\/a><\/p>\n","protected":false},"author":3230,"featured_media":0,"comment_status":"open","ping_status":"open","sticky":false,"template":"","format":"standard","meta":{"footnotes":""},"categories":[9,601,70],"tags":[56901,57481,2458,935,56945,1977,218381],"class_list":["post-24550","post","type-post","status-publish","format-standard","hentry","category-allgemein","category-universitatsbibliothek","category-veranstaltungen","tag-berliner-europa-dialog","tag-brexit","tag-dokumentationszentrum-un-eu","tag-europa","tag-europaeische-kommission","tag-europaische-union","tag-europawahl-2019"],"_links":{"self":[{"href":"https:\/\/blogs.fu-berlin.de\/bibliotheken\/wp-json\/wp\/v2\/posts\/24550","targetHints":{"allow":["GET"]}}],"collection":[{"href":"https:\/\/blogs.fu-berlin.de\/bibliotheken\/wp-json\/wp\/v2\/posts"}],"about":[{"href":"https:\/\/blogs.fu-berlin.de\/bibliotheken\/wp-json\/wp\/v2\/types\/post"}],"author":[{"embeddable":true,"href":"https:\/\/blogs.fu-berlin.de\/bibliotheken\/wp-json\/wp\/v2\/users\/3230"}],"replies":[{"embeddable":true,"href":"https:\/\/blogs.fu-berlin.de\/bibliotheken\/wp-json\/wp\/v2\/comments?post=24550"}],"version-history":[{"count":4,"href":"https:\/\/blogs.fu-berlin.de\/bibliotheken\/wp-json\/wp\/v2\/posts\/24550\/revisions"}],"predecessor-version":[{"id":29235,"href":"https:\/\/blogs.fu-berlin.de\/bibliotheken\/wp-json\/wp\/v2\/posts\/24550\/revisions\/29235"}],"wp:attachment":[{"href":"https:\/\/blogs.fu-berlin.de\/bibliotheken\/wp-json\/wp\/v2\/media?parent=24550"}],"wp:term":[{"taxonomy":"category","embeddable":true,"href":"https:\/\/blogs.fu-berlin.de\/bibliotheken\/wp-json\/wp\/v2\/categories?post=24550"},{"taxonomy":"post_tag","embeddable":true,"href":"https:\/\/blogs.fu-berlin.de\/bibliotheken\/wp-json\/wp\/v2\/tags?post=24550"}],"curies":[{"name":"wp","href":"https:\/\/api.w.org\/{rel}","templated":true}]}}