{"id":24556,"date":"2019-03-01T08:20:15","date_gmt":"2019-03-01T07:20:15","guid":{"rendered":"https:\/\/blogs.fu-berlin.de\/bibliotheken\/?p=24556"},"modified":"2021-09-14T07:38:57","modified_gmt":"2021-09-14T06:38:57","slug":"veranstaltungshinweis-die-eu-und-china-partnerschaft-und-konkurrenz","status":"publish","type":"post","link":"https:\/\/blogs.fu-berlin.de\/bibliotheken\/2019\/03\/01\/veranstaltungshinweis-die-eu-und-china-partnerschaft-und-konkurrenz\/","title":{"rendered":"Veranstaltungshinweis: Die EU und China &#8211; Partnerschaft und Konkurrenz"},"content":{"rendered":"\n<p><em><span class=\"has-inline-color has-bright-red-color\">Der Betrieb des \u201eDokumentationszentrums UN \u2013 EU\u201c wird eingestellt. Die entsprechende Literatur bleibt im Bestand und ist weiterhin zug\u00e4nglich.<\/span><\/em><\/p>\n\n\n<p><span class=\"color_14\">Das europaweite Informationsnetzwerk Europe Direct l\u00e4dt zu einer Veranstaltung im EDIC (Europe Direct Information Center) Berlin Besucherzentrum im Amerikahaus ein.<\/span><\/p>\n<p>Die Veranstaltung findet vom <strong>19. M\u00e4rz, 15:00 \u2013 20:00<\/strong> in der <strong>Hardenbergstra\u00dfe 22-24, 10623 Berlin<\/strong> statt. Anmelden k\u00f6nnen Sie sich hier: <a href=\"https:\/\/www.edic-berlin.info\/events\/die-eu-und-china-partnerschaft-und-konkurrenz\">https:\/\/www.edic-berlin.info\/events\/die-eu-und-china-partnerschaft-und-konkurrenz<\/a><\/p>\n<p>Auf dem Veranstaltungstext der Webseite hei\u00dft es weiter:<\/p>\n<blockquote>\n<div id=\"about-wrapper\" class=\"_1pUjW\">\n<div id=\"about-inner\" class=\"aboutFullText\" role=\"text\">\n<p>China ist f\u00fcr die Europ\u00e4ische Union ein wichtiger Partner, wenn es um Wirtschaft und Klimaschutz geht. Neben gemeinsamen Zielen werden dabei auch unterschiedliche Interessen zwischen der EU und China, aber auch innerhalb der EU deutlich. Wie k\u00f6nnen sich die Beziehungen weiterentwickeln, ohne unterschiedliche Vorstellungen von Demokratie und Menschenrechten auszuklammern?<\/p>\n<p>Berlin ist ein Zentrum der europ\u00e4isch-chinesischen Beziehungen. Knapp 12.000 Menschen mit chinesischer Staatsb\u00fcrgerschaft leben in der Stadt, mehr als 100.000 G\u00e4ste aus China besuchen Berlin j\u00e4hrlich als Touristen oder Gesch\u00e4ftsreisende. Seit 25 Jahren besteht die St\u00e4dtepartnerschaft zwischen Berlin und Peking. Welche Rolle spielt Berlin in den europ\u00e4isch-chinesischen Beziehungen? Wie k\u00f6nnen Berlins Erfahrungen mit B\u00fcrgerbeteiligung und Partizipation eingebracht werden? Und was kann Berlin von Peking lernen?<\/p>\n<p>Diese Fragen wollen wir am Dienstag, 19. M\u00e4rz 2019 von 15 bis 20 Uhr, bei einem Forum des Berliner Europe Direct Informationszentrums Berlin (EDIC) mit Multiplikatoren aus Verwaltung, Wissenschaft und Bildungseinrichtungen sowie mit interessierten B\u00fcrgerinnen und B\u00fcrgern diskutieren.<\/p>\n<\/div>\n<\/div>\n<\/blockquote>\n<div id=\"about-wrapper\" class=\"_1pUjW\">\n<div id=\"about-inner\" class=\"aboutFullText\" role=\"text\">\n<p>Noch mehr Informationen zur EU bekommen Sie in unserem <a href=\"https:\/\/www.ub.fu-berlin.de\/bibliothek\/uneu\/\">Dokumentationszentrum UN-EU<\/a>.<\/p>\n<\/div>\n<\/div>","protected":false},"excerpt":{"rendered":"<p>Der Betrieb des \u201eDokumentationszentrums UN \u2013 EU\u201c wird eingestellt. Die entsprechende Literatur bleibt im Bestand und ist weiterhin zug\u00e4nglich. Das europaweite Informationsnetzwerk Europe Direct l\u00e4dt zu einer Veranstaltung im EDIC (Europe Direct Information Center) Berlin Besucherzentrum im Amerikahaus ein. Die Veranstaltung findet vom 19. M\u00e4rz, 15:00 \u2013 20:00 in der Hardenbergstra\u00dfe 22-24, 10623 Berlin statt. &hellip; <a href=\"https:\/\/blogs.fu-berlin.de\/bibliotheken\/2019\/03\/01\/veranstaltungshinweis-die-eu-und-china-partnerschaft-und-konkurrenz\/\" class=\"more-link\"><span class=\"screen-reader-text\">\u201eVeranstaltungshinweis: Die EU und China &#8211; Partnerschaft und Konkurrenz\u201c<\/span> weiterlesen<\/a><\/p>\n","protected":false},"author":3230,"featured_media":0,"comment_status":"open","ping_status":"open","sticky":false,"template":"","format":"standard","meta":{"footnotes":""},"categories":[9],"tags":[2458,1977,227398],"class_list":["post-24556","post","type-post","status-publish","format-standard","hentry","category-allgemein","tag-dokumentationszentrum-un-eu","tag-europaische-union","tag-landeszentrale-fuer-politische-bildung"],"_links":{"self":[{"href":"https:\/\/blogs.fu-berlin.de\/bibliotheken\/wp-json\/wp\/v2\/posts\/24556","targetHints":{"allow":["GET"]}}],"collection":[{"href":"https:\/\/blogs.fu-berlin.de\/bibliotheken\/wp-json\/wp\/v2\/posts"}],"about":[{"href":"https:\/\/blogs.fu-berlin.de\/bibliotheken\/wp-json\/wp\/v2\/types\/post"}],"author":[{"embeddable":true,"href":"https:\/\/blogs.fu-berlin.de\/bibliotheken\/wp-json\/wp\/v2\/users\/3230"}],"replies":[{"embeddable":true,"href":"https:\/\/blogs.fu-berlin.de\/bibliotheken\/wp-json\/wp\/v2\/comments?post=24556"}],"version-history":[{"count":3,"href":"https:\/\/blogs.fu-berlin.de\/bibliotheken\/wp-json\/wp\/v2\/posts\/24556\/revisions"}],"predecessor-version":[{"id":29231,"href":"https:\/\/blogs.fu-berlin.de\/bibliotheken\/wp-json\/wp\/v2\/posts\/24556\/revisions\/29231"}],"wp:attachment":[{"href":"https:\/\/blogs.fu-berlin.de\/bibliotheken\/wp-json\/wp\/v2\/media?parent=24556"}],"wp:term":[{"taxonomy":"category","embeddable":true,"href":"https:\/\/blogs.fu-berlin.de\/bibliotheken\/wp-json\/wp\/v2\/categories?post=24556"},{"taxonomy":"post_tag","embeddable":true,"href":"https:\/\/blogs.fu-berlin.de\/bibliotheken\/wp-json\/wp\/v2\/tags?post=24556"}],"curies":[{"name":"wp","href":"https:\/\/api.w.org\/{rel}","templated":true}]}}