{"id":24589,"date":"2019-02-25T11:55:33","date_gmt":"2019-02-25T10:55:33","guid":{"rendered":"https:\/\/blogs.fu-berlin.de\/bibliotheken\/?p=24589"},"modified":"2019-02-25T11:57:11","modified_gmt":"2019-02-25T10:57:11","slug":"coffee-lectures-in-der-campusbibliothek","status":"publish","type":"post","link":"https:\/\/blogs.fu-berlin.de\/bibliotheken\/2019\/02\/25\/coffee-lectures-in-der-campusbibliothek\/","title":{"rendered":"&#8222;Coffee Lectures&#8220; in der Campusbibliothek"},"content":{"rendered":"<p>Seit Anfang diesen Jahres werden jeden letzten Mittwoch im Monat <em><a href=\"https:\/\/www.fu-berlin.de\/sites\/campusbib\/services\/coffee_lectures\/index.html\">Coffee Lectures<\/a><\/em> in der <a href=\"https:\/\/www.fu-berlin.de\/sites\/campusbib\/kontakt1\/index.html\">Campusbibliothek<\/a> angeboten. Dabei handelt es sich um kurze Vortr\u00e4ge (ca. 10-15 Minuten) zu bibliothekarischen Themen und Angeboten. Eine Anmeldung ist nicht erforderlich und gem\u00e4\u00df Formatnamen gibt es eine Tasse Kaffee kostenfrei dazu \ud83d\ude09 &#8230;<\/p>\n<table border=\"1\" cellpadding=\"5\">\n<tbody>\n<tr>\n<td><strong>Termin<\/strong><\/td>\n<td><strong>Uhrzeit<\/strong><\/td>\n<td><strong>Thema<\/strong><\/td>\n<td><strong>Ort<\/strong><\/td>\n<\/tr>\n<tr>\n<td>27.02<\/td>\n<td>14:00 Uhr<\/td>\n<td>Was verbirgt sich eigentlich hinter unseren Signaturen? Eine kurze Einf\u00fchrung.<\/td>\n<td>Campusbibliothek,<br \/>\nGruppenraum 12, Altbau (Ebene 5)<\/td>\n<\/tr>\n<tr>\n<td>27.03<\/td>\n<td>14:00 Uhr<\/td>\n<td>Benutzerkonto, Ausleihe, R\u00fcckgabe, Fristen &#8230;? &#8211; Ausleihkonditionen in der Campusbibliothek.<\/td>\n<td>Campusbibliothek,<br \/>\nGruppenraum 12, Altbau (Ebene 5)<\/td>\n<\/tr>\n<\/tbody>\n<\/table>\n","protected":false},"excerpt":{"rendered":"<p>Seit Anfang diesen Jahres werden jeden letzten Mittwoch im Monat Coffee Lectures in der Campusbibliothek angeboten. Dabei handelt es sich um kurze Vortr\u00e4ge (ca. 10-15 Minuten) zu bibliothekarischen Themen und Angeboten. Eine Anmeldung ist nicht erforderlich und gem\u00e4\u00df Formatnamen gibt es eine Tasse Kaffee kostenfrei dazu \ud83d\ude09 &#8230; Termin Uhrzeit Thema Ort 27.02 14:00 Uhr &hellip; <a href=\"https:\/\/blogs.fu-berlin.de\/bibliotheken\/2019\/02\/25\/coffee-lectures-in-der-campusbibliothek\/\" class=\"more-link\"><span class=\"screen-reader-text\">\u201e&#8222;Coffee Lectures&#8220; in der Campusbibliothek\u201c<\/span> weiterlesen<\/a><\/p>\n","protected":false},"author":293,"featured_media":0,"comment_status":"open","ping_status":"open","sticky":false,"template":"","format":"standard","meta":{"footnotes":""},"categories":[9,600,491,70],"tags":[227410,227411],"class_list":["post-24589","post","type-post","status-publish","format-standard","hentry","category-allgemein","category-fachbibliotheken","category-lernangebote-kurse","category-veranstaltungen","tag-campus-bibliothek","tag-coffee-lectures"],"_links":{"self":[{"href":"https:\/\/blogs.fu-berlin.de\/bibliotheken\/wp-json\/wp\/v2\/posts\/24589","targetHints":{"allow":["GET"]}}],"collection":[{"href":"https:\/\/blogs.fu-berlin.de\/bibliotheken\/wp-json\/wp\/v2\/posts"}],"about":[{"href":"https:\/\/blogs.fu-berlin.de\/bibliotheken\/wp-json\/wp\/v2\/types\/post"}],"author":[{"embeddable":true,"href":"https:\/\/blogs.fu-berlin.de\/bibliotheken\/wp-json\/wp\/v2\/users\/293"}],"replies":[{"embeddable":true,"href":"https:\/\/blogs.fu-berlin.de\/bibliotheken\/wp-json\/wp\/v2\/comments?post=24589"}],"version-history":[{"count":5,"href":"https:\/\/blogs.fu-berlin.de\/bibliotheken\/wp-json\/wp\/v2\/posts\/24589\/revisions"}],"predecessor-version":[{"id":26023,"href":"https:\/\/blogs.fu-berlin.de\/bibliotheken\/wp-json\/wp\/v2\/posts\/24589\/revisions\/26023"}],"wp:attachment":[{"href":"https:\/\/blogs.fu-berlin.de\/bibliotheken\/wp-json\/wp\/v2\/media?parent=24589"}],"wp:term":[{"taxonomy":"category","embeddable":true,"href":"https:\/\/blogs.fu-berlin.de\/bibliotheken\/wp-json\/wp\/v2\/categories?post=24589"},{"taxonomy":"post_tag","embeddable":true,"href":"https:\/\/blogs.fu-berlin.de\/bibliotheken\/wp-json\/wp\/v2\/tags?post=24589"}],"curies":[{"name":"wp","href":"https:\/\/api.w.org\/{rel}","templated":true}]}}