{"id":24595,"date":"2019-02-26T12:55:59","date_gmt":"2019-02-26T11:55:59","guid":{"rendered":"https:\/\/blogs.fu-berlin.de\/bibliotheken\/?p=24595"},"modified":"2019-02-26T13:10:28","modified_gmt":"2019-02-26T12:10:28","slug":"bericht-vom-1-berliner-rundgespraech-open-access-buecher","status":"publish","type":"post","link":"https:\/\/blogs.fu-berlin.de\/bibliotheken\/2019\/02\/26\/bericht-vom-1-berliner-rundgespraech-open-access-buecher\/","title":{"rendered":"Bericht vom 1. Berliner Rundgespr\u00e4ch Open-Access-B\u00fccher"},"content":{"rendered":"<p>Konzipiert und moderiert vom Open-Access-B\u00fcro Berlin fand am 10. September 2018 in der Uni-Bibliothek der TU Berlin das erste \u201eBerliner Rundgespr\u00e4ch Open-Access-B\u00fccher\u201c statt. Gesprochen wurde \u00fcber die Ver\u00e4nderungen und die neuen Herausforderungen, welche die Open-Access-Transformation, vor allem im Hinblick auf Wissenschaftspublikationen, mit sich bringt.<\/p>\n<p>Dazu trafen sich Vertreter der Universit\u00e4tsbibliotheken der FU, HU und TU mit Mitarbeitern aus f\u00fcnf Verlagen, die bereits Erfahrung im Bereich Open-Access-B\u00fccher haben: Barbara Budrich, De Gruyter, Peter Lang, Transcript und WBV Media. Der Fokus dieses ersten Treffens lag auf den Themen: Gesch\u00e4ftsmodelle, Qualit\u00e4tsstandards sowie Ver\u00e4nderte Beziehungen zwischen Verlagen, WissenschaftlerInnen und Bibliotheken.<\/p>\n<p>Es wurde deutlich, dass die Fortsetzung des Dialogs sowie die F\u00f6rderung von gegenseitigem Verst\u00e4ndnis der beteiligten Akteure untereinander unverzichtbar sein werden f\u00fcr eine erfolgreiche Zusammenarbeit im Feld Open-Access-Monographien. <a href=\"https:\/\/blogs.ub.tu-berlin.de\/openaccess\/2019\/02\/bericht-vom-1-berliner-rundgespraech-open-access-buecher\/\" target=\"_blank\" rel=\"noopener\">Den Bericht des Austausches kann man auf dem UB-Blog der TU einsehen.<\/a><\/p>\n","protected":false},"excerpt":{"rendered":"<p>Konzipiert und moderiert vom Open-Access-B\u00fcro Berlin fand am 10. September 2018 in der Uni-Bibliothek der TU Berlin das erste \u201eBerliner Rundgespr\u00e4ch Open-Access-B\u00fccher\u201c statt. Gesprochen wurde \u00fcber die Ver\u00e4nderungen und die neuen Herausforderungen, welche die Open-Access-Transformation, vor allem im Hinblick auf Wissenschaftspublikationen, mit sich bringt. Dazu trafen sich Vertreter der Universit\u00e4tsbibliotheken der FU, HU und TU &hellip; <a href=\"https:\/\/blogs.fu-berlin.de\/bibliotheken\/2019\/02\/26\/bericht-vom-1-berliner-rundgespraech-open-access-buecher\/\" class=\"more-link\"><span class=\"screen-reader-text\">\u201eBericht vom 1. Berliner Rundgespr\u00e4ch Open-Access-B\u00fccher\u201c<\/span> weiterlesen<\/a><\/p>\n","protected":false},"author":3459,"featured_media":0,"comment_status":"open","ping_status":"open","sticky":false,"template":"","format":"standard","meta":{"footnotes":""},"categories":[9,599,604],"tags":[552,227412,227365,227413],"class_list":["post-24595","post","type-post","status-publish","format-standard","hentry","category-allgemein","category-bibliothekswesen","category-ins-netz-geschaut","tag-open-access","tag-open-access-buero-berlin","tag-open-access-publikationen","tag-wissenschaftspublikation"],"_links":{"self":[{"href":"https:\/\/blogs.fu-berlin.de\/bibliotheken\/wp-json\/wp\/v2\/posts\/24595","targetHints":{"allow":["GET"]}}],"collection":[{"href":"https:\/\/blogs.fu-berlin.de\/bibliotheken\/wp-json\/wp\/v2\/posts"}],"about":[{"href":"https:\/\/blogs.fu-berlin.de\/bibliotheken\/wp-json\/wp\/v2\/types\/post"}],"author":[{"embeddable":true,"href":"https:\/\/blogs.fu-berlin.de\/bibliotheken\/wp-json\/wp\/v2\/users\/3459"}],"replies":[{"embeddable":true,"href":"https:\/\/blogs.fu-berlin.de\/bibliotheken\/wp-json\/wp\/v2\/comments?post=24595"}],"version-history":[{"count":9,"href":"https:\/\/blogs.fu-berlin.de\/bibliotheken\/wp-json\/wp\/v2\/posts\/24595\/revisions"}],"predecessor-version":[{"id":24604,"href":"https:\/\/blogs.fu-berlin.de\/bibliotheken\/wp-json\/wp\/v2\/posts\/24595\/revisions\/24604"}],"wp:attachment":[{"href":"https:\/\/blogs.fu-berlin.de\/bibliotheken\/wp-json\/wp\/v2\/media?parent=24595"}],"wp:term":[{"taxonomy":"category","embeddable":true,"href":"https:\/\/blogs.fu-berlin.de\/bibliotheken\/wp-json\/wp\/v2\/categories?post=24595"},{"taxonomy":"post_tag","embeddable":true,"href":"https:\/\/blogs.fu-berlin.de\/bibliotheken\/wp-json\/wp\/v2\/tags?post=24595"}],"curies":[{"name":"wp","href":"https:\/\/api.w.org\/{rel}","templated":true}]}}