{"id":24619,"date":"2019-03-11T08:43:15","date_gmt":"2019-03-11T07:43:15","guid":{"rendered":"https:\/\/blogs.fu-berlin.de\/bibliotheken\/?p=24619"},"modified":"2021-09-14T07:38:27","modified_gmt":"2021-09-14T06:38:27","slug":"informationen-zur-zeitumstellung","status":"publish","type":"post","link":"https:\/\/blogs.fu-berlin.de\/bibliotheken\/2019\/03\/11\/informationen-zur-zeitumstellung\/","title":{"rendered":"Informationen zur geplanten Abschaffung der Zeitumstellung"},"content":{"rendered":"\n<p><em><span class=\"has-inline-color has-bright-red-color\">Der Betrieb des \u201eDokumentationszentrums UN \u2013 EU\u201c wird eingestellt. Die entsprechende Literatur bleibt im Bestand und ist weiterhin zug\u00e4nglich.<\/span><\/em><\/p>\n\n\n<p><figure id=\"attachment_24618\" aria-describedby=\"caption-attachment-24618\" style=\"width: 300px\" class=\"wp-caption alignright\"><img loading=\"lazy\" decoding=\"async\" class=\"size-medium wp-image-24618\" src=\"https:\/\/blogs.fu-berlin.de\/bibliotheken\/files\/2019\/03\/alarm-clock-2175342_1920-300x185.jpg\" alt=\"\" width=\"300\" height=\"185\" srcset=\"https:\/\/blogs.fu-berlin.de\/bibliotheken\/files\/2019\/03\/alarm-clock-2175342_1920-300x185.jpg 300w, https:\/\/blogs.fu-berlin.de\/bibliotheken\/files\/2019\/03\/alarm-clock-2175342_1920-1200x738.jpg 1200w, https:\/\/blogs.fu-berlin.de\/bibliotheken\/files\/2019\/03\/alarm-clock-2175342_1920.jpg 1920w\" sizes=\"auto, (max-width: 300px) 85vw, 300px\" \/><figcaption id=\"caption-attachment-24618\" class=\"wp-caption-text\">Quelle: pixabay.com\/de\/photos\/wecker-winterzeitumstellung-2175342\/<\/figcaption><\/figure><\/p>\n<p>Am vergangenem Montag traf sich der zust\u00e4ndige Verkehrsausschuss im Europaparlament in Br\u00fcssel um \u00fcber die geplante Abschaffung der Zeitumstellung zu sprechen.<\/p>\n<p dir=\"ltr\">Der Verkehrsausschuss schl\u00e4gt vor, dass die Zeitumstellung am letzten Sonntag im M\u00e4rz 2021 die letzte f\u00fcr die EU-L\u00e4nder sein sollte, die beschlie\u00dfen, ihre Sommerzeit dauerhaft einzuhalten. Mitgliedstaaten, die es vorziehen, ihre Standardzeit, auch bekannt als &#8222;Winterzeit&#8220;, beizubehalten, k\u00f6nnen die Uhren am letzten Sonntag im Oktober 2021 zum letzten Mal umstellen.<\/p>\n<p dir=\"ltr\">Ein Berichtsentwurf des Ausschusses unterst\u00fctzte mit 23 Ja- zu 11 Nein-Stimmen einen Vorschlag der Kommission zur Beendigung des saisonalen Wandels, verschob aber den Starttermin von 2019 auf 2021. Dies w\u00fcrde das Recht der EU-L\u00e4nder, \u00fcber ihre Standardzeit zu entscheiden, nicht beeintr\u00e4chtigen.<\/p>\n<p dir=\"ltr\">Die Europaabgeordneten des Verkehrsausschusses fordern auch, dass die EU-L\u00e4nder alle \u00c4nderungen, die sie untereinander vornehmen, koordinieren. Die Kommission sollte die Entscheidung eines Mitgliedstaats seine Normzeit zu \u00e4ndern bewerten, um sicherzustellen, dass die Anwendung der Sommerzeit in einigen L\u00e4ndern und der Winterzeit in anderen L\u00e4ndern das Funktionieren des Binnenmarktes nicht beeintr\u00e4chtigt.<\/p>\n<p dir=\"ltr\">Stellt die Kommission fest, dass die vorgesehenen Fristen zur Abschaffung der Zeitumstellung das reibungslose Funktionieren des Binnenmarkts erheblich und dauerhaft beeintr\u00e4chtigen k\u00f6nnten, kann sie einen Vorschlag zur Verschiebung des Anwendungsdatums der Richtlinie um h\u00f6chstens 12 Monate unterbreiten.<\/p>\n<h3>Hintergrund<\/h3>\n<p dir=\"ltr\">Unter Bezugnahme auf wissenschaftliche Studien, die negative Auswirkungen auf die menschliche Gesundheit zeigen, und eine Reihe von Bedenken, die von verschiedenen B\u00fcrgerinitiativen ge\u00e4u\u00dfert wurden, forderte das Parlament die Kommission in einer Entschlie\u00dfung vom Februar 2018 auf, eine &#8222;gr\u00fcndliche Bewertung der geltenden Sommerzeitrichtlinie vorzunehmen und gegebenenfalls einen Vorschlag f\u00fcr ihre \u00dcberarbeitung vorzulegen&#8220;.<\/p>\n<p dir=\"ltr\">Als Reaktion darauf organisierte die Kommission im Sommer 2018 eine \u00f6ffentliche Konsultation, die 4,6 Millionen Antworten erhielt (die h\u00f6chste Zahl, die je bei einer von der Europ\u00e4ischen Kommission organisierten \u00f6ffentlichen Konsultation erreicht wurde), von denen 84% die Einstellung der halbj\u00e4hrlichen Uhrenwechsel bef\u00fcrworteten, w\u00e4hrend 16% sie beibehalten wollten. Am 12. September 2018 legte die Europ\u00e4ische Kommission einen Vorschlag zur Einstellung saisonaler Zeitverschiebungen vor.<\/p>\n<h3>Historische Fakten zur Zeitumstellung<\/h3>\n<p dir=\"ltr\">Die Internationale Meridian-Konferenz in Washington 1884 mit Vertretern aus 25 Nationen entschied ausgehend vom Greenwicher Nullmeridian ein globales System mit 24 Zeitzonen zu schaffen. Im Laufe der Geschichte wurden aus wirtschaftlich-politischen Erw\u00e4gungen wiederholt in vereinzelten L\u00e4ndern eine um die \u201eNormalzeit\u201c um eine Stunde, teilweise um zwei Stunden vorausgehende Sommerzeit und (z.B. im Winter 1946\/47 in der Tschechoslowakei) eine Zur\u00fcckstellung der Uhren um eine Stunde durchgef\u00fchrt.<\/p>\n<p dir=\"ltr\">Frankreich f\u00fchrte als einziges europ\u00e4isches Land 1976 die Sommerzeit mit der Begr\u00fcndung des Energiesparens ein. Alle anderen folgenden L\u00e4nder der europ\u00e4ischen Gemeinschaft f\u00fchrten als Erkl\u00e4rung die Integration und Harmonisierung des gemeinsamen Binnenmarktes an. Bis 1996 wurden die verschiedenen Sommerzeitregelungen innerhalb der Europ\u00e4ischen Union vereinheitlicht und im Jahr 2001 in einer Richtlinie festgehalten.<\/p>\n<p dir=\"ltr\">Einige ausgew\u00e4hlte Dokumente zum Thema f\u00fcr Sie zusammengestellt:<\/p>\n<p dir=\"ltr\">Richtlinie vom 19. Januar 2001 zur Regelung der Sommerzeit: <a href=\"https:\/\/publications.europa.eu\/s\/kJp9\" target=\"_blank\" rel=\"noopener noreferrer\">https:\/\/publications.europa.eu\/s\/kJp9<\/a><\/p>\n<p dir=\"ltr\">European Parliament resolution of 8 February 2018 on time change arrangements (<a href=\"http:\/\/www.europarl.europa.eu\/oeil\/popups\/ficheprocedure.do?lang=en&amp;reference=2017\/2968%28RSP%29\" target=\"_blank\" rel=\"noopener noreferrer\">2017\/2968(RS)<\/a>)<\/p>\n<p dir=\"ltr\"><a href=\"https:\/\/g8fip1kplyr33r3krz5b97d1-wpengine.netdna-ssl.com\/wp-content\/uploads\/2018\/09\/discontinuing-seasonal-changes-time-swd-406_en.pdf\">Final report of the public consultation<\/a><\/p>\n<p dir=\"ltr\">Noch mehr Informationen zur UN &amp; EU bekommen Sie in unserem <a href=\"https:\/\/www.ub.fu-berlin.de\/bibliothek\/uneu\/\">Dokumentationszentrum UN-EU<\/a>.<\/p>","protected":false},"excerpt":{"rendered":"<p>Der Betrieb des \u201eDokumentationszentrums UN \u2013 EU\u201c wird eingestellt. Die entsprechende Literatur bleibt im Bestand und ist weiterhin zug\u00e4nglich. Am vergangenem Montag traf sich der zust\u00e4ndige Verkehrsausschuss im Europaparlament in Br\u00fcssel um \u00fcber die geplante Abschaffung der Zeitumstellung zu sprechen. Der Verkehrsausschuss schl\u00e4gt vor, dass die Zeitumstellung am letzten Sonntag im M\u00e4rz 2021 die letzte &hellip; <a href=\"https:\/\/blogs.fu-berlin.de\/bibliotheken\/2019\/03\/11\/informationen-zur-zeitumstellung\/\" class=\"more-link\"><span class=\"screen-reader-text\">\u201eInformationen zur geplanten Abschaffung der Zeitumstellung\u201c<\/span> weiterlesen<\/a><\/p>\n","protected":false},"author":3230,"featured_media":0,"comment_status":"open","ping_status":"open","sticky":false,"template":"","format":"standard","meta":{"footnotes":""},"categories":[9,601],"tags":[218462,2458,56945,1977,218436],"class_list":["post-24619","post","type-post","status-publish","format-standard","hentry","category-allgemein","category-universitatsbibliothek","tag-abschaffung-der-zeitumstellung","tag-dokumentationszentrum-un-eu","tag-europaeische-kommission","tag-europaische-union","tag-zeitumstellung"],"_links":{"self":[{"href":"https:\/\/blogs.fu-berlin.de\/bibliotheken\/wp-json\/wp\/v2\/posts\/24619","targetHints":{"allow":["GET"]}}],"collection":[{"href":"https:\/\/blogs.fu-berlin.de\/bibliotheken\/wp-json\/wp\/v2\/posts"}],"about":[{"href":"https:\/\/blogs.fu-berlin.de\/bibliotheken\/wp-json\/wp\/v2\/types\/post"}],"author":[{"embeddable":true,"href":"https:\/\/blogs.fu-berlin.de\/bibliotheken\/wp-json\/wp\/v2\/users\/3230"}],"replies":[{"embeddable":true,"href":"https:\/\/blogs.fu-berlin.de\/bibliotheken\/wp-json\/wp\/v2\/comments?post=24619"}],"version-history":[{"count":11,"href":"https:\/\/blogs.fu-berlin.de\/bibliotheken\/wp-json\/wp\/v2\/posts\/24619\/revisions"}],"predecessor-version":[{"id":29229,"href":"https:\/\/blogs.fu-berlin.de\/bibliotheken\/wp-json\/wp\/v2\/posts\/24619\/revisions\/29229"}],"wp:attachment":[{"href":"https:\/\/blogs.fu-berlin.de\/bibliotheken\/wp-json\/wp\/v2\/media?parent=24619"}],"wp:term":[{"taxonomy":"category","embeddable":true,"href":"https:\/\/blogs.fu-berlin.de\/bibliotheken\/wp-json\/wp\/v2\/categories?post=24619"},{"taxonomy":"post_tag","embeddable":true,"href":"https:\/\/blogs.fu-berlin.de\/bibliotheken\/wp-json\/wp\/v2\/tags?post=24619"}],"curies":[{"name":"wp","href":"https:\/\/api.w.org\/{rel}","templated":true}]}}