{"id":24672,"date":"2019-03-21T12:30:01","date_gmt":"2019-03-21T11:30:01","guid":{"rendered":"https:\/\/blogs.fu-berlin.de\/bibliotheken\/?p=24672"},"modified":"2021-09-14T07:37:34","modified_gmt":"2021-09-14T06:37:34","slug":"__trashed","status":"publish","type":"post","link":"https:\/\/blogs.fu-berlin.de\/bibliotheken\/2019\/03\/21\/__trashed\/","title":{"rendered":"\u201eGrenzenlos studieren. Europa w\u00e4hlen!\u201c"},"content":{"rendered":"\n<p><em><span class=\"has-inline-color has-bright-red-color\">Der Betrieb des \u201eDokumentationszentrums UN \u2013 EU\u201c wird eingestellt. Die entsprechende Literatur bleibt im Bestand und ist weiterhin zug\u00e4nglich.<\/span><\/em><\/p>\n\n\n<p><img loading=\"lazy\" decoding=\"async\" class=\"wp-image-24679 alignright\" src=\"https:\/\/blogs.fu-berlin.de\/bibliotheken\/files\/2019\/03\/Logo-Grenzenlos-studieren-Europa-waehlen-300x219.jpg\" alt=\"\" width=\"146\" height=\"107\" srcset=\"https:\/\/blogs.fu-berlin.de\/bibliotheken\/files\/2019\/03\/Logo-Grenzenlos-studieren-Europa-waehlen-300x219.jpg 300w, https:\/\/blogs.fu-berlin.de\/bibliotheken\/files\/2019\/03\/Logo-Grenzenlos-studieren-Europa-waehlen-1200x876.jpg 1200w, https:\/\/blogs.fu-berlin.de\/bibliotheken\/files\/2019\/03\/Logo-Grenzenlos-studieren-Europa-waehlen.jpg 1772w\" sizes=\"auto, (max-width: 146px) 85vw, 146px\" \/>Am 12. M\u00e4rz 2019 startete die Hochschulrektorenkonferenz (HRK) und das Deutsche Studentenwerk (DSW) eine gemeinsame, bundesweite Aktion, um Studierende zu motivieren, sich an der Wahl zum Europaparlament am 26. Mai 2019 zu beteiligen: &#8222;<a href=\"https:\/\/www.hrk.de\/themen\/eu-wahl-2019\/initiative-grenzenlos-studieren-europa-waehlen\/\">Grenzenlos studieren. Europa w\u00e4hlen!<\/a>&#8222;<\/p>\n<p>Trotz gewachsenem Einfluss populistischer und nationalistischer Kr\u00e4fte in ganz Europa, erscheint den meisten jungen Erwachsenen ein anderes als ein friedliches, grenzenloses Europa undenkbar &#8211; uneingeschr\u00e4nkte Mobilit\u00e4t in Studium und Beruf sind f\u00fcr sie selbstverst\u00e4ndlich. Diese Selbstverst\u00e4ndlichkeit sorgt, wie z.B. das Brexit-Referendum 2016 gezeigt hat, f\u00fcr eine gewisse Nachl\u00e4ssigkeit Europa per Wahl zu best\u00e4tigen.<\/p>\n<p>Die Organisatoren haben Hochschulen und Studierendenwerke um ihre Unterst\u00fctzung gebeten und zu lokalen und regionalen Aktionen aufgerufen.<\/p>\n<p>Die internationale Zusammenarbeit ist f\u00fcr Studierende, WissenschaftlerInnen und Verwaltungen elementar. F\u00fcr die Leistungsf\u00e4higkeit der Hochschulen ist sie unverzichtbar. Diese Leitlinie ist sowohl in der <a class=\"external-link-new-window\" title=\"Website der HRK\" href=\"https:\/\/www.hrk.de\/themen\/internationales\/strategische-internationalisierung\/internationale-strategie\/\" target=\"_top\" rel=\"noopener noreferrer\">internationalen Strategie<\/a> der HRK als auch in der <a class=\"external-link-new-window\" title=\"Website des BMBF\" href=\"https:\/\/www.bmbf.de\/de\/internationalisierungsstrategie-269.html\" target=\"_blank\" rel=\"noopener noreferrer\">Strategie der Bundesregierung zur Internationalisierung von Bildung, Wissenschaft und Forschung<\/a> festgehalten.<\/p>\n<p>Noch mehr Informationen zur UN &amp; EU bekommen Sie in unserem <a href=\"https:\/\/www.ub.fu-berlin.de\/bibliothek\/uneu\/\">Dokumentationszentrum UN-EU<\/a>.<\/p>\n<p>&nbsp;<\/p>","protected":false},"excerpt":{"rendered":"<p>Der Betrieb des \u201eDokumentationszentrums UN \u2013 EU\u201c wird eingestellt. Die entsprechende Literatur bleibt im Bestand und ist weiterhin zug\u00e4nglich. Am 12. M\u00e4rz 2019 startete die Hochschulrektorenkonferenz (HRK) und das Deutsche Studentenwerk (DSW) eine gemeinsame, bundesweite Aktion, um Studierende zu motivieren, sich an der Wahl zum Europaparlament am 26. Mai 2019 zu beteiligen: &#8222;Grenzenlos studieren. Europa &hellip; <a href=\"https:\/\/blogs.fu-berlin.de\/bibliotheken\/2019\/03\/21\/__trashed\/\" class=\"more-link\"><span class=\"screen-reader-text\">\u201e\u201eGrenzenlos studieren. Europa w\u00e4hlen!\u201c\u201c<\/span> weiterlesen<\/a><\/p>\n","protected":false},"author":2907,"featured_media":0,"comment_status":"open","ping_status":"open","sticky":false,"template":"","format":"standard","meta":{"footnotes":""},"categories":[9],"tags":[227420,2458,218381,227419],"class_list":["post-24672","post","type-post","status-publish","format-standard","hentry","category-allgemein","tag-deutsches-studentenwerk","tag-dokumentationszentrum-un-eu","tag-europawahl-2019","tag-hochschulrektorenkonferenz"],"_links":{"self":[{"href":"https:\/\/blogs.fu-berlin.de\/bibliotheken\/wp-json\/wp\/v2\/posts\/24672","targetHints":{"allow":["GET"]}}],"collection":[{"href":"https:\/\/blogs.fu-berlin.de\/bibliotheken\/wp-json\/wp\/v2\/posts"}],"about":[{"href":"https:\/\/blogs.fu-berlin.de\/bibliotheken\/wp-json\/wp\/v2\/types\/post"}],"author":[{"embeddable":true,"href":"https:\/\/blogs.fu-berlin.de\/bibliotheken\/wp-json\/wp\/v2\/users\/2907"}],"replies":[{"embeddable":true,"href":"https:\/\/blogs.fu-berlin.de\/bibliotheken\/wp-json\/wp\/v2\/comments?post=24672"}],"version-history":[{"count":8,"href":"https:\/\/blogs.fu-berlin.de\/bibliotheken\/wp-json\/wp\/v2\/posts\/24672\/revisions"}],"predecessor-version":[{"id":29225,"href":"https:\/\/blogs.fu-berlin.de\/bibliotheken\/wp-json\/wp\/v2\/posts\/24672\/revisions\/29225"}],"wp:attachment":[{"href":"https:\/\/blogs.fu-berlin.de\/bibliotheken\/wp-json\/wp\/v2\/media?parent=24672"}],"wp:term":[{"taxonomy":"category","embeddable":true,"href":"https:\/\/blogs.fu-berlin.de\/bibliotheken\/wp-json\/wp\/v2\/categories?post=24672"},{"taxonomy":"post_tag","embeddable":true,"href":"https:\/\/blogs.fu-berlin.de\/bibliotheken\/wp-json\/wp\/v2\/tags?post=24672"}],"curies":[{"name":"wp","href":"https:\/\/api.w.org\/{rel}","templated":true}]}}