{"id":24682,"date":"2019-03-21T17:20:29","date_gmt":"2019-03-21T16:20:29","guid":{"rendered":"https:\/\/blogs.fu-berlin.de\/bibliotheken\/?p=24682"},"modified":"2019-04-09T12:49:13","modified_gmt":"2019-04-09T11:49:13","slug":"preis-der-leipziger-buchmesse-2019-vergeben","status":"publish","type":"post","link":"https:\/\/blogs.fu-berlin.de\/bibliotheken\/2019\/03\/21\/preis-der-leipziger-buchmesse-2019-vergeben\/","title":{"rendered":"Preis der Leipziger Buchmesse 2019 vergeben"},"content":{"rendered":"<p><img loading=\"lazy\" decoding=\"async\" class=\"alignright wp-image-10657 size-full\" title=\"leipzig\" src=\"https:\/\/blogs.fu-berlin.de\/bibliotheken\/files\/2012\/03\/leipzig.gif\" alt=\"\" width=\"64\" height=\"100\" align=\"right\" \/>Auf der Leipziger Buchmesse sind zum 15. Mal die mit jeweils 20.000 Euro dotieren Preise in den Kategorien Belletristik, Sachbuch\/Essayistik sowie \u00dcbersetzung vergeben worden.<\/p>\n<p>Den Preis in der Kategorie Belletristik gewann die 1971 in Stuttgart geborene Anke Stelling f\u00fcr ihren achten, scheinbar semiautobiografischen Roman <em>Sch\u00e4fchen im Trockenen (<\/em><a href=\"https:\/\/fu-berlin.hosted.exlibrisgroup.com\/primo-explore\/fulldisplay?docid=FUB_ALMA_DS211009245890002883&amp;context=L&amp;vid=FUB&amp;search_scope=FUB_ALL&amp;tab=fub&amp;lang=de_DE\">Philologische Bibliothek &#8211; in Erwerbung<\/a>). In Zeiten von steigenden Mieten in der Hauptstadt stellt sie mit Resi eine Schriftstellerin und Mutter von vier Kindern in den Mittelpunkt, der die Altbauwohnung im hippen Prenzl&#8217;berg gek\u00fcndigt wird. Existenz- und Abstiegs\u00e4ngste folgen. Die Jury <a href=\"http:\/\/www.preis-der-leipziger-buchmesse.de\/de\/Nominierungen\/Belletristik\/Anke-Stelling\/\">lobte<\/a> den Roman f\u00fcr seine Aktualit\u00e4t und starken Affekte und verstand ihn als &#8222;verst\u00f6rend uneindeutige, scharf belichtete Momentaufnahme der Gegenwart&#8220;.<\/p>\n<p>In der Kategorie Sachbuch\/Essayistik hatte der Journalist und Kritiker Harald J\u00e4hner die Nase vorn. In seinem Werk <em>Wolfszeit<\/em> (<a href=\"https:\/\/fu-berlin.hosted.exlibrisgroup.com\/primo-explore\/fulldisplay?docid=FUB_ALMA_DS211008843260002883&amp;context=L&amp;vid=FUB&amp;search_scope=FUB_ALL&amp;tab=fub&amp;lang=de_DE\">Universit\u00e4tsbibliothek &#8211; in Erwerbung<\/a>) blickt der fr\u00fchere Feuilletonchef der Berliner Zeitung auf die Nachkriegsdeutschen und den Wandel ihrer Alltagswelt zwischen 1945 und 1955. Das Buch zeige &#8222;auf beeindruckende Weise, wie sich nach der <em>Stunde Null<\/em> ein ganzes Land neu erfunden hat&#8220;, so die <a href=\"http:\/\/www.preis-der-leipziger-buchmesse.de\/de\/Nominierungen\/Sachbuch-Essayistik\/Harald-Jaehner\/\">Buchpreisjury<\/a>.<\/p>\n<p>In der Kategorie \u00dcbersetzung gewann die in Berlin lebende Eva Ruth Wemme. Sie \u00fcbertrug Gabriela <span class=\"st\">Adame\u015fteanu<\/span>s 1983 erschienenen, systemkritischen Roman <em>Verlorener Morgen<\/em> (<a href=\"https:\/\/fu-berlin.hosted.exlibrisgroup.com\/primo-explore\/fulldisplay?docid=FUB_ALMA_DS211004360030002883&amp;context=L&amp;vid=FUB&amp;search_scope=FUBkat&amp;tab=fub&amp;lang=de_DE\">Universit\u00e4tsbibliothek<\/a>) vom Rum\u00e4nischen erstmals ins Deutsche.\u00a0Auf dem H\u00f6hepunkt der Ceausescu-Regierungsjahre verwebt Adame\u015fteanu die Geschichte ihres Landes anhand eines einziges Tages um die Bukarester Erz\u00e4hlerin Vica. <a href=\"http:\/\/www.preis-der-leipziger-buchmesse.de\/de\/Nominierungen\/Uebersetzung\/Eva-Ruth-Wemme\/\">Laut Jury<\/a> habe Wemme Adame<span class=\"st\">\u015f<\/span>teanus\u00a0 Hauptwerk \u201emit gro\u00dfem Gesp\u00fcr f\u00fcr den l\u00e4sterlichen Ton\u201c der Hauptfigur \u00fcbersetzt.<\/p>\n<figure id=\"attachment_24723\" aria-describedby=\"caption-attachment-24723\" style=\"width: 300px\" class=\"wp-caption aligncenter\"><a href=\"https:\/\/blogs.fu-berlin.de\/bibliotheken\/files\/2019\/03\/1024px-Preis_der_Leipziger_Buchmesse_2019_-_Die_Preistr\u00e4ger.jpg\"><img loading=\"lazy\" decoding=\"async\" class=\"wp-image-24723 size-medium\" src=\"https:\/\/blogs.fu-berlin.de\/bibliotheken\/files\/2019\/03\/1024px-Preis_der_Leipziger_Buchmesse_2019_-_Die_Preistr\u00e4ger-300x169.jpg\" alt=\"Preistr\u00e4ger 2019: v.l.n.r. Eva Ruth Wumme (\u00dcbersetzung), Anke Stelling (Belletristik) und Harald J\u00e4hner (Sachbuch\/Essayistik). Bild: Amrei-Marie, Wikimedia Commons, Lizenz: CC-BY-SA-4.0\" width=\"300\" height=\"169\" srcset=\"https:\/\/blogs.fu-berlin.de\/bibliotheken\/files\/2019\/03\/1024px-Preis_der_Leipziger_Buchmesse_2019_-_Die_Preistr\u00e4ger-300x169.jpg 300w, https:\/\/blogs.fu-berlin.de\/bibliotheken\/files\/2019\/03\/1024px-Preis_der_Leipziger_Buchmesse_2019_-_Die_Preistr\u00e4ger.jpg 1024w\" sizes=\"auto, (max-width: 300px) 85vw, 300px\" \/><\/a><figcaption id=\"caption-attachment-24723\" class=\"wp-caption-text\">Preistr\u00e4ger 2019: v.l.n.r. Eva Ruth Wumme (\u00dcbersetzung), Anke Stelling (Belletristik) und Harald J\u00e4hner (Sachbuch\/Essayistik)<\/figcaption><\/figure>\n<p>Die siebenk\u00f6pfige Jury um Jens Bisky sichtete <a href=\"http:\/\/www.preis-der-leipziger-buchmesse.de\/pressemitteilungen\/359-bewerber-hoffen-auf-den-preis-der-leipziger-buchmesse-2019\/910922\">laut Pressemeldung<\/a> insgesamt 359 eingereichte Titel von 114 Verlagen, 44 Bewerbungen weniger als <a href=\"http:\/\/www.preis-der-leipziger-buchmesse.de\/pressemitteilungen\/403-bewerbungen-fuer-den-preis-der-leipziger-buchmesse-2018\/723279\">im Vorjahr<\/a>. Der Preis wird traditionell zu Beginn der Buchmesse in der Glashalle vergeben. Die Auszeichnung ist mit insgesamt 60.000 Euro dotiert, gilt aber auch als schlechtes Stimmungsbarometer f\u00fcr den im Herbst auf der Frankfurter Buchmesse vergebenen Deutschen Buchpreis. Bis jetzt konnte keine Romanautorin oder -autor beide Preise innerhalb eines Jahres gewinnen.<\/p>\n<p>Die Preistr\u00e4ger und Nominierten im \u00dcberblick (verf\u00fcgbare Titel verlinkt, Update 09.04.19):<\/p>\n<p><strong>Belletristik<\/strong><\/p>\n<p>Preistr\u00e4gerin: Anke Stelling: \u201e<a href=\"https:\/\/fu-berlin.hosted.exlibrisgroup.com\/primo-explore\/fulldisplay?docid=FUB_ALMA_DS211009245890002883&amp;context=L&amp;vid=FUB&amp;search_scope=FUB_ALL&amp;tab=fub&amp;lang=de_DE\">Sch\u00e4fchen im Trockenen<\/a>\u201c (Verbrecher Verlag, August 2018) &#8211; Philologische Bibliothek<\/p>\n<p>Nominiert:<\/p>\n<ul>\n<li>Kenah Cusanit: \u201e<a href=\"https:\/\/fu-berlin.hosted.exlibrisgroup.com\/primo-explore\/fulldisplay?docid=FUB_ALMA_DS211007018490002883&amp;context=L&amp;vid=FUB&amp;search_scope=FUB_ALL&amp;tab=fub&amp;lang=de_DE\">Babel<\/a>\u201c (Carl Hanser Verlag, Januar 2019) &#8211; Philologische Bibliothek<\/li>\n<li>Matthias Nawrat: \u201e<a href=\"https:\/\/fu-berlin.hosted.exlibrisgroup.com\/primo-explore\/fulldisplay?docid=FUB_ALMA_DS211007013130002883&amp;context=L&amp;vid=FUB&amp;search_scope=FUB_ALL&amp;tab=fub&amp;lang=de_DE\">Der traurige Gast<\/a>\u201c (Rowohlt Verlag, Januar 2019) &#8211; Philologische Bibliothek<\/li>\n<li>Jaroslav Rudi\u0161: \u201e<a href=\"https:\/\/fu-berlin.hosted.exlibrisgroup.com\/primo-explore\/fulldisplay?docid=FUB_ALMA_DS211007825890002883&amp;context=L&amp;vid=FUB&amp;search_scope=FUB_ALL&amp;tab=fub&amp;lang=de_DE\">Winterbergs letzte Reise<\/a>\u201c (Luchterhand Literaturverlag,<br \/>\nFebruar 2019) &#8211; Philologische Bibliothek<\/li>\n<li>Feridun Zaimoglu: \u201e<a href=\"https:\/\/fu-berlin.hosted.exlibrisgroup.com\/primo-explore\/fulldisplay?docid=FUB_ALMA_DS211008843140002883&amp;context=L&amp;vid=FUB&amp;search_scope=FUB_ALL&amp;tab=fub&amp;lang=de_DE\">Die Geschichte der Frau<\/a>\u201c (Kiepenheuer &amp; Witsch, M\u00e4rz 2019) &#8211; Philologische Bibliothek<\/li>\n<\/ul>\n<p><strong>Sachbuch\/Essayistik<\/strong><\/p>\n<p>Preistr\u00e4ger: Harald J\u00e4hner: \u201e<a href=\"https:\/\/fu-berlin.hosted.exlibrisgroup.com\/primo-explore\/fulldisplay?docid=FUB_ALMA_DS211008843260002883&amp;context=L&amp;vid=FUB&amp;search_scope=FUB_ALL&amp;tab=fub&amp;lang=de_DE\">Wolfszeit. Deutschland und die Deutschen 1945 \u2013 1955<\/a>\u201c (Rowohlt Berlin, Februar 2019) &#8211; Universit\u00e4tsbibliothek<\/p>\n<p>Nominiert:<\/p>\n<ul>\n<li>Frank Biess<b>: <\/b>\u201e<a href=\"https:\/\/fu-berlin.hosted.exlibrisgroup.com\/primo-explore\/fulldisplay?docid=FUB_ALMA_DS211008343160002883&amp;context=L&amp;vid=FUB&amp;search_scope=FUB_ALL&amp;tab=fub&amp;lang=de_DE\">Republik der Angst. Eine andere Geschichte der Bundesrepublik<\/a>\u201c (Rowohlt Verlag, Februar 2019) &#8211; Geschichte (FMI)<\/li>\n<li>Marko Martin: \u201eDas Haus in Habana. Ein Rapport\u201c (Wehrhahn Verlag, Dezember 2018)<\/li>\n<li>Lothar M\u00fcller: \u201eFreuds Dinge. Der Diwan, die Apollokerzen &amp; die Seele im technischen Zeitalter\u201c (Die Andere Bibliothek, Februar 2019)<\/li>\n<li>Kia Vahland: \u201e<a href=\"https:\/\/fu-berlin.hosted.exlibrisgroup.com\/primo-explore\/fulldisplay?docid=FUB_ALMA_DS211009422450002883&amp;context=L&amp;vid=FUB&amp;search_scope=FUBkat&amp;tab=fub&amp;lang=de_DE\">Leonardo da Vinci und die Frauen. Eine K\u00fcnstlerbiographie<\/a>\u201c (Insel Verlag, M\u00e4rz 2019) &#8211; Universit\u00e4tsbibliothek<\/li>\n<\/ul>\n<p><strong>\u00dcbersetzung<\/strong><\/p>\n<p>Preistr\u00e4gerin: Eva Ruth Wemme f\u00fcr die \u00dcbersetzung von Gabriela Adame<span class=\"st\">\u015f<\/span>teanus Roman \u201e<a href=\"https:\/\/fu-berlin.hosted.exlibrisgroup.com\/primo-explore\/fulldisplay?docid=FUB_ALMA_DS211004360030002883&amp;context=L&amp;vid=FUB&amp;search_scope=FUBkat&amp;tab=fub&amp;lang=de_DE\">Verlorener Morgen<\/a>\u201c aus dem Rum\u00e4nischen (Die Andere Bibliothek, August 2018) &#8211; Universit\u00e4tsbibliothek<\/p>\n<p>Nominiert:<\/p>\n<ul>\n<li>Georg Aescht, f\u00fcr die \u00dcbersetzung von Liviu Rebreanus\u00a0\u201e<a href=\"https:\/\/fu-berlin.hosted.exlibrisgroup.com\/primo-explore\/fulldisplay?docid=FUB_ALMA_DS211002185200002883&amp;context=L&amp;vid=FUB&amp;search_scope=FUBkat&amp;tab=fub&amp;lang=de_DE\">Der Wald der Gehenkten<\/a>\u201c aus dem Rum\u00e4nischen (Paul Zsolnay Verlag, August 2018) &#8211; Philologische Bibliothek<\/li>\n<li>Susanne Lange f\u00fcr die \u00dcbersetzung von Aura Xilonens Roman \u201eGringo Champ\u201c aus dem Spanischen (Carl Hanser Verlag, Januar 2019)<\/li>\n<li>Timea Tank\u00f3 f\u00fcr die \u00dcbersetzung von Gy\u00f6rgy Dragom\u00e1ns Novellen \u201eL\u00f6wenchor\u201c (Suhrkamp Verlag, Februar 2019) aus dem Ungarischen<\/li>\n<li>Karin Uttend\u00f6rfer f\u00fcr die \u00dcbersetzung von Jean-Baptiste Del Amos Roman \u201eTierreich\u201c aus dem Franz\u00f6sischen (Verlag Matthes &amp; Seitz Berlin, M\u00e4rz 2019)<\/li>\n<\/ul>\n<h6>Bild: <a href=\"https:\/\/commons.wikimedia.org\/wiki\/File:Preis_der_Leipziger_Buchmesse_2019_-_Die_Preistr%C3%A4ger.jpg\">Amrei-Marie, Wikimedia Commons, Lizenz: CC-BY-SA-4.0<\/a><\/h6>\n","protected":false},"excerpt":{"rendered":"<p>Auf der Leipziger Buchmesse sind zum 15. Mal die mit jeweils 20.000 Euro dotieren Preise in den Kategorien Belletristik, Sachbuch\/Essayistik sowie \u00dcbersetzung vergeben worden. Den Preis in der Kategorie Belletristik gewann die 1971 in Stuttgart geborene Anke Stelling f\u00fcr ihren achten, scheinbar semiautobiografischen Roman Sch\u00e4fchen im Trockenen (Philologische Bibliothek &#8211; in Erwerbung). In Zeiten von &hellip; <a href=\"https:\/\/blogs.fu-berlin.de\/bibliotheken\/2019\/03\/21\/preis-der-leipziger-buchmesse-2019-vergeben\/\" class=\"more-link\"><span class=\"screen-reader-text\">\u201ePreis der Leipziger Buchmesse 2019 vergeben\u201c<\/span> weiterlesen<\/a><\/p>\n","protected":false},"author":293,"featured_media":0,"comment_status":"open","ping_status":"open","sticky":false,"template":"","format":"standard","meta":{"footnotes":""},"categories":[9,604,492],"tags":[188009],"class_list":["post-24682","post","type-post","status-publish","format-standard","hentry","category-allgemein","category-ins-netz-geschaut","category-literaturtipps","tag-preis-der-leipziger-buchmesse"],"_links":{"self":[{"href":"https:\/\/blogs.fu-berlin.de\/bibliotheken\/wp-json\/wp\/v2\/posts\/24682","targetHints":{"allow":["GET"]}}],"collection":[{"href":"https:\/\/blogs.fu-berlin.de\/bibliotheken\/wp-json\/wp\/v2\/posts"}],"about":[{"href":"https:\/\/blogs.fu-berlin.de\/bibliotheken\/wp-json\/wp\/v2\/types\/post"}],"author":[{"embeddable":true,"href":"https:\/\/blogs.fu-berlin.de\/bibliotheken\/wp-json\/wp\/v2\/users\/293"}],"replies":[{"embeddable":true,"href":"https:\/\/blogs.fu-berlin.de\/bibliotheken\/wp-json\/wp\/v2\/comments?post=24682"}],"version-history":[{"count":18,"href":"https:\/\/blogs.fu-berlin.de\/bibliotheken\/wp-json\/wp\/v2\/posts\/24682\/revisions"}],"predecessor-version":[{"id":24839,"href":"https:\/\/blogs.fu-berlin.de\/bibliotheken\/wp-json\/wp\/v2\/posts\/24682\/revisions\/24839"}],"wp:attachment":[{"href":"https:\/\/blogs.fu-berlin.de\/bibliotheken\/wp-json\/wp\/v2\/media?parent=24682"}],"wp:term":[{"taxonomy":"category","embeddable":true,"href":"https:\/\/blogs.fu-berlin.de\/bibliotheken\/wp-json\/wp\/v2\/categories?post=24682"},{"taxonomy":"post_tag","embeddable":true,"href":"https:\/\/blogs.fu-berlin.de\/bibliotheken\/wp-json\/wp\/v2\/tags?post=24682"}],"curies":[{"name":"wp","href":"https:\/\/api.w.org\/{rel}","templated":true}]}}