{"id":24731,"date":"2019-04-04T12:00:29","date_gmt":"2019-04-04T11:00:29","guid":{"rendered":"https:\/\/blogs.fu-berlin.de\/bibliotheken\/?p=24731"},"modified":"2021-09-14T07:37:09","modified_gmt":"2021-09-14T06:37:09","slug":"ohne-risiken-und-nebenwirkungen-globale-gesundheit-und-die-vereinten-nationen","status":"publish","type":"post","link":"https:\/\/blogs.fu-berlin.de\/bibliotheken\/2019\/04\/04\/ohne-risiken-und-nebenwirkungen-globale-gesundheit-und-die-vereinten-nationen\/","title":{"rendered":"Ohne Risiken und Nebenwirkungen? Globale Gesundheit und die Vereinten Nationen"},"content":{"rendered":"\n<p><em><span class=\"has-inline-color has-bright-red-color\">Der Betrieb des \u201eDokumentationszentrums UN \u2013 EU\u201c wird eingestellt. Die entsprechende Literatur bleibt im Bestand und ist weiterhin zug\u00e4nglich.<\/span><\/em><\/p>\n\n\n<p>Im Rahmen&nbsp;der <a href=\"http:\/\/www.bmz.de\/de\/ministerium\/ziele\/2030_agenda\/index.html\">Agenda 2030 f\u00fcr nachhaltige Entwicklung<\/a> und deren <a href=\"https:\/\/www.un.org\/sustainabledevelopment\/development-agenda\/\">Sustainable Development Goals<\/a> (SDGs), ist als Ziel Nr.&nbsp; 3 &#8222;<a href=\"https:\/\/www.un.org\/sustainabledevelopment\/health\/\">Ensure healthy lives and promote well-being for all at all ages<\/a>&#8220; festgehalten. Hier geht es u. a. um die Bek\u00e4mpfung von Krankheiten mit geringen \u00dcberlebenschancen f\u00fcr die Betroffenen (AIDS, Ebola, etc.), die Bek\u00e4mpfung von M\u00fctter- und Kindersterblichkeit aber auch, um die Verbesserung der Gesundheitsvorsorge f\u00fcr alle.<\/p>\n<p>Neben nationalen Ma\u00dfnahmen bedarf es vor allem der internationalen Zusammenarbeit der Mitgliedsstaaten der Vereinten Nationen. Denn:&nbsp;Gesundheit tr\u00e4gt nicht nur zu nachhaltiger Entwicklung bei, sondern besitzt auch eine menschenrechtliche und sicherheitspolitische Dimension.<\/p>\n<p>Die <strong>DGVN <\/strong>l\u00e4dt am<strong> 10.04.2019 <\/strong>von <strong>18:30 &#8211; 21:00 Uhr<\/strong> zu einer<strong> Diskussionsveranstaltung<\/strong> \u00fcber folgende Fragen ein: Welche Schwerpunkte setzt Deutschland im Bereich der globalen Gesundheit? Was verbirgt sich hinter dem Globalen Aktionsplan f\u00fcr ein gesundes Leben und Wohlergehen aller Menschen? Und wie kann das Menschenrecht auf Gesundheit verwirklicht werden?<\/p>\n<p><strong>Programm:<\/strong><\/p>\n<p><strong>Begr\u00fc\u00dfung<\/strong>: Detlef Dzembritzki, DGVN-Vorsitzender<\/p>\n<p><strong>Deutschlands Politik im Bereich der globalen Gesundheit<\/strong><\/p>\n<ul>\n<li><strong>Prof. Dr. Andrew Ullmann<\/strong>, MdB, stellv. Vorsitzender Unterausschuss Globale Gesundheit<\/li>\n<li><strong>Karolin Seitz<\/strong>, Global Policy Forum<\/li>\n<\/ul>\n<p>Kommentar:<strong> Das Menschenrecht auf Gesundheit<\/strong><strong><br>\nDr. Kerstin Leitner<\/strong>, DGVN-Pr\u00e4sidium<\/p>\n<p>Kommentar: <strong>Gesundheit und Sicherheit<\/strong><strong><br>\nDaniela Braun<\/strong>, Konrad-Adenauer-Stiftung<\/p>\n<p><strong>Diskussion | Moderation<\/strong>: <strong>Maike Voss<\/strong>, Stiftung Wissenschaft und Politik<\/p>\n<p>anschlie\u00dfend&nbsp;Empfang<\/p>\n<p><strong>Veranstaltungsort<\/strong>: Hotel Aquino \/ Katholische Akademie Berlin, Hannoversche Str. 5b, 10115 Berlin<\/p>\n<p>Es wird um <a href=\"https:\/\/dgvn.de\/index.php?id=3340\">Anmeldung<\/a> gebeten.<\/p>\n<p>Noch mehr Informationen zur UN bekommen Sie in unserem <a href=\"https:\/\/www.ub.fu-berlin.de\/bibliothek\/uneu\/\">Dokumentationszentrum UN-EU<\/a>.<\/p>","protected":false},"excerpt":{"rendered":"<p>Der Betrieb des \u201eDokumentationszentrums UN \u2013 EU\u201c wird eingestellt. Die entsprechende Literatur bleibt im Bestand und ist weiterhin zug\u00e4nglich. Im Rahmen&nbsp;der Agenda 2030 f\u00fcr nachhaltige Entwicklung und deren Sustainable Development Goals (SDGs), ist als Ziel Nr.&nbsp; 3 &#8222;Ensure healthy lives and promote well-being for all at all ages&#8220; festgehalten. Hier geht es u. a. um &hellip; <a href=\"https:\/\/blogs.fu-berlin.de\/bibliotheken\/2019\/04\/04\/ohne-risiken-und-nebenwirkungen-globale-gesundheit-und-die-vereinten-nationen\/\" class=\"more-link\"><span class=\"screen-reader-text\">\u201eOhne Risiken und Nebenwirkungen? Globale Gesundheit und die Vereinten Nationen\u201c<\/span> weiterlesen<\/a><\/p>\n","protected":false},"author":2907,"featured_media":0,"comment_status":"open","ping_status":"open","sticky":false,"template":"","format":"standard","meta":{"footnotes":""},"categories":[9,70],"tags":[57496,57510,2458,57495],"class_list":["post-24731","post","type-post","status-publish","format-standard","hentry","category-allgemein","category-veranstaltungen","tag-agenda-2030","tag-dgvn","tag-dokumentationszentrum-un-eu","tag-sustainable-development-goals"],"_links":{"self":[{"href":"https:\/\/blogs.fu-berlin.de\/bibliotheken\/wp-json\/wp\/v2\/posts\/24731","targetHints":{"allow":["GET"]}}],"collection":[{"href":"https:\/\/blogs.fu-berlin.de\/bibliotheken\/wp-json\/wp\/v2\/posts"}],"about":[{"href":"https:\/\/blogs.fu-berlin.de\/bibliotheken\/wp-json\/wp\/v2\/types\/post"}],"author":[{"embeddable":true,"href":"https:\/\/blogs.fu-berlin.de\/bibliotheken\/wp-json\/wp\/v2\/users\/2907"}],"replies":[{"embeddable":true,"href":"https:\/\/blogs.fu-berlin.de\/bibliotheken\/wp-json\/wp\/v2\/comments?post=24731"}],"version-history":[{"count":8,"href":"https:\/\/blogs.fu-berlin.de\/bibliotheken\/wp-json\/wp\/v2\/posts\/24731\/revisions"}],"predecessor-version":[{"id":29223,"href":"https:\/\/blogs.fu-berlin.de\/bibliotheken\/wp-json\/wp\/v2\/posts\/24731\/revisions\/29223"}],"wp:attachment":[{"href":"https:\/\/blogs.fu-berlin.de\/bibliotheken\/wp-json\/wp\/v2\/media?parent=24731"}],"wp:term":[{"taxonomy":"category","embeddable":true,"href":"https:\/\/blogs.fu-berlin.de\/bibliotheken\/wp-json\/wp\/v2\/categories?post=24731"},{"taxonomy":"post_tag","embeddable":true,"href":"https:\/\/blogs.fu-berlin.de\/bibliotheken\/wp-json\/wp\/v2\/tags?post=24731"}],"curies":[{"name":"wp","href":"https:\/\/api.w.org\/{rel}","templated":true}]}}