{"id":24819,"date":"2019-04-18T12:00:36","date_gmt":"2019-04-18T11:00:36","guid":{"rendered":"https:\/\/blogs.fu-berlin.de\/bibliotheken\/?p=24819"},"modified":"2021-09-14T07:35:28","modified_gmt":"2021-09-14T06:35:28","slug":"europawahl-2019-informationen-aktionen-und-material-zur-europawahl","status":"publish","type":"post","link":"https:\/\/blogs.fu-berlin.de\/bibliotheken\/2019\/04\/18\/europawahl-2019-informationen-aktionen-und-material-zur-europawahl\/","title":{"rendered":"Europawahl 2019: Informationen, Aktionen und Material zur Europawahl"},"content":{"rendered":"\n<p><em><span class=\"has-inline-color has-bright-red-color\">Der Betrieb des \u201eDokumentationszentrums UN \u2013 EU\u201c wird eingestellt. Die entsprechende Literatur bleibt im Bestand und ist weiterhin zug\u00e4nglich.<\/span><\/em><\/p>\n\n\n<div id=\"comp-jhj0t41e\" class=\"txtNew\">\n<p><figure id=\"attachment_24874\" aria-describedby=\"caption-attachment-24874\" style=\"width: 300px\" class=\"wp-caption alignright\"><img loading=\"lazy\" decoding=\"async\" class=\"wp-image-24874 size-medium\" src=\"https:\/\/blogs.fu-berlin.de\/bibliotheken\/files\/2019\/04\/brussels-4056171_1280-300x200.jpg\" alt=\"\" width=\"300\" height=\"200\" srcset=\"https:\/\/blogs.fu-berlin.de\/bibliotheken\/files\/2019\/04\/brussels-4056171_1280-300x200.jpg 300w, https:\/\/blogs.fu-berlin.de\/bibliotheken\/files\/2019\/04\/brussels-4056171_1280-1200x800.jpg 1200w, https:\/\/blogs.fu-berlin.de\/bibliotheken\/files\/2019\/04\/brussels-4056171_1280.jpg 1280w\" sizes=\"auto, (max-width: 300px) 85vw, 300px\" \/><figcaption id=\"caption-attachment-24874\" class=\"wp-caption-text\">Quelle: NakNakNak auf Pixabay<\/figcaption><\/figure><\/p>\n<p>Das <a href=\"https:\/\/www.edic-berlin.info\/\">Europe Direct Informationszentrum Berlin<\/a>&nbsp;(EDIC) hat unter dem Punkt Europawahl 2019 verschiedene Informationen und Aktionen zusammengetragen.<\/p>\n<\/div>\n<div>So finden sich unter&nbsp;<a href=\"https:\/\/www.edic-berlin.info\/europawahl-erklaert\">Europawahl erkl\u00e4rt<\/a>&nbsp;generelle Informationen zur Wahl: Wer kann teilnehmen, wer wird gew\u00e4hlt, wie l\u00e4uft die Wahl ab und allgemeine politische Informationen.<\/div>\n<div><\/div>\n<p>Unter <a href=\"https:\/\/www.edic-berlin.info\/aktionen-zur-wahl\">Aktionen zur Wahl<\/a>&nbsp;werden verschiedene Aktionen von&nbsp;Poetry-Slam \u00fcber die Kampagne <a href=\"https:\/\/www.diesmalwaehleich.eu\">diesmalw\u00e4hleich.eu<\/a>&nbsp;oder <a href=\"https:\/\/jup.berlin\/\" target=\"_blank\" rel=\"noopener undefined noreferrer\">jup!Berlin<\/a>&nbsp;vorgestellt und zum Mitmachen angeregt.<\/p>\n<div>Unter dem Punkt <a href=\"https:\/\/www.edic-berlin.info\/material-zur-wahl\">Material zur Europawahl<\/a> finden sich Filme, Brosch\u00fcren, Allgemeines zur Geschichte Europas und verl\u00e4ssliche Informationen zur EU, um &#8222;Fake News&#8220; etwas entgegnen zu k\u00f6nnen.<\/div>\n<div><\/div>\n<div>Noch mehr Informationen zur EU bekommen Sie in unserem <a href=\"https:\/\/www.ub.fu-berlin.de\/bibliothek\/uneu\/\">Dokumentationszentrum UN-EU<\/a>.<\/div>","protected":false},"excerpt":{"rendered":"<p>Der Betrieb des \u201eDokumentationszentrums UN \u2013 EU\u201c wird eingestellt. Die entsprechende Literatur bleibt im Bestand und ist weiterhin zug\u00e4nglich. Das Europe Direct Informationszentrum Berlin&nbsp;(EDIC) hat unter dem Punkt Europawahl 2019 verschiedene Informationen und Aktionen zusammengetragen. So finden sich unter&nbsp;Europawahl erkl\u00e4rt&nbsp;generelle Informationen zur Wahl: Wer kann teilnehmen, wer wird gew\u00e4hlt, wie l\u00e4uft die Wahl ab und &hellip; <a href=\"https:\/\/blogs.fu-berlin.de\/bibliotheken\/2019\/04\/18\/europawahl-2019-informationen-aktionen-und-material-zur-europawahl\/\" class=\"more-link\"><span class=\"screen-reader-text\">\u201eEuropawahl 2019: Informationen, Aktionen und Material zur Europawahl\u201c<\/span> weiterlesen<\/a><\/p>\n","protected":false},"author":2907,"featured_media":0,"comment_status":"open","ping_status":"open","sticky":false,"template":"","format":"standard","meta":{"footnotes":""},"categories":[9],"tags":[218477,2458,218381,227437,227438],"class_list":["post-24819","post","type-post","status-publish","format-standard","hentry","category-allgemein","tag-diesmal-waehle-ich","tag-dokumentationszentrum-un-eu","tag-europawahl-2019","tag-europe-direct-informationszentrum-berlin","tag-informationen-zur-europawahl"],"_links":{"self":[{"href":"https:\/\/blogs.fu-berlin.de\/bibliotheken\/wp-json\/wp\/v2\/posts\/24819","targetHints":{"allow":["GET"]}}],"collection":[{"href":"https:\/\/blogs.fu-berlin.de\/bibliotheken\/wp-json\/wp\/v2\/posts"}],"about":[{"href":"https:\/\/blogs.fu-berlin.de\/bibliotheken\/wp-json\/wp\/v2\/types\/post"}],"author":[{"embeddable":true,"href":"https:\/\/blogs.fu-berlin.de\/bibliotheken\/wp-json\/wp\/v2\/users\/2907"}],"replies":[{"embeddable":true,"href":"https:\/\/blogs.fu-berlin.de\/bibliotheken\/wp-json\/wp\/v2\/comments?post=24819"}],"version-history":[{"count":10,"href":"https:\/\/blogs.fu-berlin.de\/bibliotheken\/wp-json\/wp\/v2\/posts\/24819\/revisions"}],"predecessor-version":[{"id":29217,"href":"https:\/\/blogs.fu-berlin.de\/bibliotheken\/wp-json\/wp\/v2\/posts\/24819\/revisions\/29217"}],"wp:attachment":[{"href":"https:\/\/blogs.fu-berlin.de\/bibliotheken\/wp-json\/wp\/v2\/media?parent=24819"}],"wp:term":[{"taxonomy":"category","embeddable":true,"href":"https:\/\/blogs.fu-berlin.de\/bibliotheken\/wp-json\/wp\/v2\/categories?post=24819"},{"taxonomy":"post_tag","embeddable":true,"href":"https:\/\/blogs.fu-berlin.de\/bibliotheken\/wp-json\/wp\/v2\/tags?post=24819"}],"curies":[{"name":"wp","href":"https:\/\/api.w.org\/{rel}","templated":true}]}}