{"id":24849,"date":"2019-04-11T14:36:30","date_gmt":"2019-04-11T13:36:30","guid":{"rendered":"https:\/\/blogs.fu-berlin.de\/bibliotheken\/?p=24849"},"modified":"2019-04-12T11:26:55","modified_gmt":"2019-04-12T10:26:55","slug":"shortlist-fuer-man-booker-international-prize-2019-bekanntgegeben","status":"publish","type":"post","link":"https:\/\/blogs.fu-berlin.de\/bibliotheken\/2019\/04\/11\/shortlist-fuer-man-booker-international-prize-2019-bekanntgegeben\/","title":{"rendered":"Shortlist f\u00fcr Man Booker International Prize 2019 bekanntgegeben"},"content":{"rendered":"<p>Diese Woche sind die Finalisten f\u00fcr den Man Booker International Prize <a href=\"https:\/\/themanbookerprize.com\/international\/news\/2019-shortlist-announced-man-booker-international-prize\">bekanntgegeben worden<\/a>. Der britische Literaturpreis wird seit 2016 j\u00e4hrlich an einen fremdsprachigen, ins Englische \u00fcbersetzten und im Vereinigten K\u00f6nigreich ver\u00f6ffentlichten Roman oder Kurzgeschichtenband vergeben.<\/p>\n<p>Unter den sechs Preisaspiranten befindet sich mit der Deutschen Marion Poschmann auch eine ehmalige FU-Angeh\u00f6rige. In ihrem leichten, 167-seitigen Roman <a href=\"https:\/\/fu-berlin.hosted.exlibrisgroup.com\/primo-explore\/fulldisplay?docid=FUB_ALMA_DS21976991050002883&amp;context=L&amp;vid=FUB&amp;search_scope=FUB_ALL&amp;tab=fub&amp;lang=de_DE\"><em>Die Kieferninseln<\/em><\/a>, englischsprachiger Titel <em>The Pine Islands<\/em>, schickt sie ihre Hauptfigur, einen Privatdozenten und betrogenen Ehemann, auf eine Pilgerreise nach Japan. Das Buch hatte bereits 2017 auf der Shortlist f\u00fcr den Deutschen Buchpreis gestanden und 2018 den Klopstock-Preis erhalten.<\/p>\n<figure id=\"attachment_24858\" aria-describedby=\"caption-attachment-24858\" style=\"width: 300px\" class=\"wp-caption aligncenter\"><a href=\"https:\/\/blogs.fu-berlin.de\/bibliotheken\/files\/2019\/04\/640px-Marion_Poschmann_auf_der_Frankfurter_Buchmesse_2017.jpg\"><img loading=\"lazy\" decoding=\"async\" class=\"wp-image-24858 size-medium\" src=\"https:\/\/blogs.fu-berlin.de\/bibliotheken\/files\/2019\/04\/640px-Marion_Poschmann_auf_der_Frankfurter_Buchmesse_2017-300x217.jpg\" alt=\"Marion Poschmann auf der Frankfurter Buchmesse 2017 (Quelle: Heike Huslage-Koch, Lizenz: CC-BY-SA-4.0)\" width=\"300\" height=\"217\" srcset=\"https:\/\/blogs.fu-berlin.de\/bibliotheken\/files\/2019\/04\/640px-Marion_Poschmann_auf_der_Frankfurter_Buchmesse_2017-300x217.jpg 300w, https:\/\/blogs.fu-berlin.de\/bibliotheken\/files\/2019\/04\/640px-Marion_Poschmann_auf_der_Frankfurter_Buchmesse_2017.jpg 640w\" sizes=\"auto, (max-width: 300px) 85vw, 300px\" \/><\/a><figcaption id=\"caption-attachment-24858\" class=\"wp-caption-text\">Marion Poschmann auf der Frankfurter Buchmesse 2017<\/figcaption><\/figure>\n<p>Poschmann, 1969 in Essen geboren, hat an der Rheinischen Friedrich-Wilhelms-Universit\u00e4t Bonn und der FU Berlin Germanistik, Philosophie und Slawistik studiert. F\u00fcr ihre Prosa- und Lyrikwerke wurde sie mehrfach ausgezeichnet, u. a. 2013 mit dem Wilhelm-Raabe-Literaturpreis und 2018 mit dem Berliner Literaturpreis, mit dem auch <a href=\"https:\/\/www.geisteswissenschaften.fu-berlin.de\/we03\/institut\/gastprofessuren\/Berliner-Literaturpreis\/Poschmann\/index.html\">eine Gastprofessur<\/a> am Peter-Szondi-Institut f\u00fcr Allgemeine und Vergleichende Literaturwissenschaft einher ging.<\/p>\n<p>Die Konkurrenz f\u00fcr Poschmann ist gro\u00df und \u00fcberwiegend weiblich. Jokha Alharthi blickt in <em>Celestial Bodies <\/em>auf den sich ver\u00e4ndernden Oman aus der Sicht dreier Schwestern vom Land. Sie ist damit die erste arabische Autorin auf der Shortlist. Die Franz\u00f6sin Annie Ernaux fand f\u00fcr die \u00dcbersetzung ihrer gefeierten Autobiografie <a href=\"https:\/\/fu-berlin.hosted.exlibrisgroup.com\/primo-explore\/fulldisplay?docid=FUB_ALMA_DS21980576950002883&amp;context=L&amp;vid=FUB&amp;search_scope=FUB_ALL&amp;tab=fub&amp;lang=de_DE\"><em>Die Jahre<\/em><\/a>, <em>The Years<\/em>, Ber\u00fccksichtigung. Vorjahressiegerin Olga Tokarczuk ist mit der \u00dcbersetzung ihres Tierschutzkrimis <a href=\"https:\/\/fu-berlin.hosted.exlibrisgroup.com\/primo-explore\/fulldisplay?docid=FUB_ALMA_DS71976817610002883&amp;context=L&amp;vid=FUB&amp;search_scope=FUB_ALL&amp;tab=fub&amp;lang=de_DE\"><em>Der Gesang der Flederm\u00e4use<\/em><\/a> vertreten, der 2017 in Polen von Agnieszka Holland unter dem Titel <em>Die Spur<\/em> f\u00fcr das Kino verfilmt wurde. Alia Trabucco Zer\u00e1n\u00a0 blickt in <a href=\"https:\/\/fu-berlin.hosted.exlibrisgroup.com\/primo-explore\/fulldisplay?docid=FUB_ALMA_DS211010115390002883&amp;context=L&amp;vid=FUB&amp;search_scope=FUBkat&amp;tab=fub&amp;lang=de_DE\"><em>The Remainder<\/em><\/a> (in Erwerbung) auf die Auswirkungen der chilenischen Milit\u00e4rdiktatur. Einziger m\u00e4nnlicher Autor unter den Nominierten ist der Kolumbianer Juan Gabriel V\u00e1squez mit dem Roman <em>The Shape of the Ruins (<\/em>Originaltitel<em>: <a href=\"https:\/\/fu-berlin.hosted.exlibrisgroup.com\/primo-explore\/fulldisplay?docid=FUB_ALMA_DS21964275550002883&amp;context=L&amp;vid=FUB&amp;search_scope=FUBkat&amp;tab=fub&amp;lang=de_DE\">La forma de las ruinas<\/a>)<\/em>, der in Deutschland unter dem Titel <em>Die Gestalt der Ruinen<\/em> bekannt ist. Der Thriller um die folgenschwere Ermordung des liberalen Politikers Jorge Eli\u00e9cer Gait\u00e1n in Kolumbien l\u00e4sst bald Parallelen zu den Attentaten auf General Rafael Uribe Uribe und John F. Kennedy erkennen.<\/p>\n<p>Egal wie die f\u00fcnfk\u00f6pfige, international besetzte Jury um die englische Historikerin Bettany Hughes am 21. Mai 2019 entscheidet &#8211; den \u00dcbersetzerpreis wird in jedem Fall eine Frau gewinnen, da kein m\u00e4nnlicher \u00dcbersetzer bis ins Finale gelangte. Auch bei den drei bisherigen Auflagen des Preises waren stets \u00dcbersetzerinnen erfolgreich. Vielleicht sind Frauen ja doch die besseren Mittlerinnen zwischen den Sprachen?<\/p>\n<table class=\"wikitable zebra\">\n<tbody>\n<tr>\n<th><b>Nominierte (Shortlist)<\/b><\/th>\n<th>Titel<br \/>\n(Originaltitel)<\/th>\n<th>Deutscher Titel<\/th>\n<\/tr>\n<tr>\n<td>Jokha Alharthi (Oman),<br \/>\nMarilyn Booth (\u00dcbersetzung)<\/td>\n<td>Celestial Bodies<br \/>\n(\u0633\u064a\u062f\u0627\u062a \u0627\u0644\u0642\u0645\u0631, Sayyidat al-qamar)<\/td>\n<td><i>nicht bekannt<\/i><\/td>\n<\/tr>\n<tr>\n<td>Annie Ernaux (Frankreich),<br \/>\nAlison L. Strayer (\u00dcbersetzung)<\/td>\n<td>The Years<br \/>\n(<a href=\"https:\/\/fu-berlin.hosted.exlibrisgroup.com\/primo-explore\/fulldisplay?docid=FUB_ALMA_DS21786827220002883&amp;context=L&amp;vid=FUB&amp;search_scope=FUB_ALL&amp;tab=fub&amp;lang=de_DE\">Les Ann\u00e9es<\/a>)<\/td>\n<td><a href=\"https:\/\/fu-berlin.hosted.exlibrisgroup.com\/primo-explore\/fulldisplay?docid=FUB_ALMA_DS21980576950002883&amp;context=L&amp;vid=FUB&amp;search_scope=FUB_ALL&amp;tab=fub&amp;lang=de_DE\">Die Jahre<\/a><\/td>\n<\/tr>\n<tr>\n<td>Marion Poschmann (Deutschland),<br \/>\nJen Calleja (\u00dcbersetzung)<\/td>\n<td>The Pine Islands<br \/>\n(Die Kieferninseln)<\/td>\n<td><a href=\"https:\/\/fu-berlin.hosted.exlibrisgroup.com\/primo-explore\/fulldisplay?docid=FUB_ALMA_DS21976991050002883&amp;context=L&amp;vid=FUB&amp;search_scope=FUB_ALL&amp;tab=fub&amp;lang=de_DE\">Die Kieferninseln<\/a><\/td>\n<\/tr>\n<tr>\n<td>Olga Tokarczuk (Polen),<br \/>\nAntonia Lloyd-Jones (\u00dcbersetzung)<\/td>\n<td>Drive your Plow over the Bones of the Dead<br \/>\n(<a href=\"https:\/\/fu-berlin.hosted.exlibrisgroup.com\/primo-explore\/fulldisplay?docid=FUB_ALMA_DS21981904660002883&amp;context=L&amp;vid=FUB&amp;search_scope=FUB_ALL&amp;tab=fub&amp;lang=de_DE\">Prowad\u017a sw\u00f3j p\u0142ug przez ko\u015bci umar\u0142ych<\/a>)<\/td>\n<td><a href=\"https:\/\/fu-berlin.hosted.exlibrisgroup.com\/primo-explore\/fulldisplay?docid=FUB_ALMA_DS71976817610002883&amp;context=L&amp;vid=FUB&amp;search_scope=FUB_ALL&amp;tab=fub&amp;lang=de_DE\">Der Gesang der Flederm\u00e4use<\/a><\/td>\n<\/tr>\n<tr>\n<td>Juan Gabriel V\u00e1squez (Kolumbien),<br \/>\nAnne McLean (\u00dcbersetzung)<\/td>\n<td>The Shape of the Ruins<br \/>\n(<a href=\"https:\/\/fu-berlin.hosted.exlibrisgroup.com\/primo-explore\/fulldisplay?docid=FUB_ALMA_DS21964275550002883&amp;context=L&amp;vid=FUB&amp;search_scope=FUBkat&amp;tab=fub&amp;lang=de_DE\">La forma de las ruinas<\/a>)<\/td>\n<td>Die Gestalt der Ruinen<\/td>\n<\/tr>\n<tr>\n<td>Alia Trabucco Zer\u00e1n (Chile),<br \/>\nSophie Hughes (\u00dcbersetzung)<\/td>\n<td><a href=\"https:\/\/fu-berlin.hosted.exlibrisgroup.com\/primo-explore\/fulldisplay?docid=FUB_ALMA_DS211010115390002883&amp;context=L&amp;vid=FUB&amp;search_scope=FUBkat&amp;tab=fub&amp;lang=de_DE\">The Remainder<\/a><br \/>\n(La resta)<\/td>\n<td><i>nicht bekannt<\/i><\/td>\n<\/tr>\n<\/tbody>\n<\/table>\n<p>Der Man Booker International Prize erg\u00e4nzt den seit 1969 vergebenen &#8222;Man Booker Prize for Fiction&#8220; f\u00fcr englischsprachige Literatur. Der Preis ist mit insgesamt 62.000 Pfund Sterling (ca. 71.000 Euro) dotiert, wobei sich Autor und \u00dcbersetzer das Preisgeld teilen. Bis 2015 ehrte die Auszeichnung das Gesamtwerk eines internationalen Autors. Im letzten Jahr waren die polnische Autorin Olga Tokarczuk und die \u00dcbersetzerin Jennifer Croft f\u00fcr <em>Flights<\/em>, der englischen \u00dcbertragung des Romans <a href=\"https:\/\/fu-berlin.hosted.exlibrisgroup.com\/primo-explore\/fulldisplay?docid=FUB_ALMA_DS21981903510002883&amp;context=L&amp;vid=FUB&amp;search_scope=FUBkat&amp;tab=fub&amp;lang=de_DE\"><em>Bieguni<\/em><\/a>, erfolgreich. In Deutschlands war das Werk bereits 2009 unter dem Titel <a href=\"https:\/\/fu-berlin.hosted.exlibrisgroup.com\/primo-explore\/fulldisplay?docid=FUB_ALMA_DS21773675540002883&amp;context=L&amp;vid=FUB&amp;search_scope=FUBkat&amp;tab=fub&amp;lang=de_DE\"><em>Unrast<\/em><\/a> erschienen.<\/p>\n<h6>Bild: <a href=\"https:\/\/commons.wikimedia.org\/wiki\/File:Marion_Poschmann_auf_der_Frankfurter_Buchmesse_2017.jpg\">Heike Huslage-Koch via Wikimedia Commons, Lizenz: CC-BY-SA-4.0<\/a><\/h6>\n","protected":false},"excerpt":{"rendered":"<p>Diese Woche sind die Finalisten f\u00fcr den Man Booker International Prize bekanntgegeben worden. Der britische Literaturpreis wird seit 2016 j\u00e4hrlich an einen fremdsprachigen, ins Englische \u00fcbersetzten und im Vereinigten K\u00f6nigreich ver\u00f6ffentlichten Roman oder Kurzgeschichtenband vergeben. Unter den sechs Preisaspiranten befindet sich mit der Deutschen Marion Poschmann auch eine ehmalige FU-Angeh\u00f6rige. In ihrem leichten, 167-seitigen Roman &hellip; <a href=\"https:\/\/blogs.fu-berlin.de\/bibliotheken\/2019\/04\/11\/shortlist-fuer-man-booker-international-prize-2019-bekanntgegeben\/\" class=\"more-link\"><span class=\"screen-reader-text\">\u201eShortlist f\u00fcr Man Booker International Prize 2019 bekanntgegeben\u201c<\/span> weiterlesen<\/a><\/p>\n","protected":false},"author":293,"featured_media":0,"comment_status":"open","ping_status":"open","sticky":false,"template":"","format":"standard","meta":{"footnotes":""},"categories":[9,604,492],"tags":[191273,227433,1050],"class_list":["post-24849","post","type-post","status-publish","format-standard","hentry","category-allgemein","category-ins-netz-geschaut","category-literaturtipps","tag-man-booker-international-prize","tag-marion-poschmann","tag-shortlist"],"_links":{"self":[{"href":"https:\/\/blogs.fu-berlin.de\/bibliotheken\/wp-json\/wp\/v2\/posts\/24849","targetHints":{"allow":["GET"]}}],"collection":[{"href":"https:\/\/blogs.fu-berlin.de\/bibliotheken\/wp-json\/wp\/v2\/posts"}],"about":[{"href":"https:\/\/blogs.fu-berlin.de\/bibliotheken\/wp-json\/wp\/v2\/types\/post"}],"author":[{"embeddable":true,"href":"https:\/\/blogs.fu-berlin.de\/bibliotheken\/wp-json\/wp\/v2\/users\/293"}],"replies":[{"embeddable":true,"href":"https:\/\/blogs.fu-berlin.de\/bibliotheken\/wp-json\/wp\/v2\/comments?post=24849"}],"version-history":[{"count":17,"href":"https:\/\/blogs.fu-berlin.de\/bibliotheken\/wp-json\/wp\/v2\/posts\/24849\/revisions"}],"predecessor-version":[{"id":24867,"href":"https:\/\/blogs.fu-berlin.de\/bibliotheken\/wp-json\/wp\/v2\/posts\/24849\/revisions\/24867"}],"wp:attachment":[{"href":"https:\/\/blogs.fu-berlin.de\/bibliotheken\/wp-json\/wp\/v2\/media?parent=24849"}],"wp:term":[{"taxonomy":"category","embeddable":true,"href":"https:\/\/blogs.fu-berlin.de\/bibliotheken\/wp-json\/wp\/v2\/categories?post=24849"},{"taxonomy":"post_tag","embeddable":true,"href":"https:\/\/blogs.fu-berlin.de\/bibliotheken\/wp-json\/wp\/v2\/tags?post=24849"}],"curies":[{"name":"wp","href":"https:\/\/api.w.org\/{rel}","templated":true}]}}