{"id":24902,"date":"2019-05-22T12:05:38","date_gmt":"2019-05-22T11:05:38","guid":{"rendered":"https:\/\/blogs.fu-berlin.de\/bibliotheken\/?p=24902"},"modified":"2021-09-14T07:27:38","modified_gmt":"2021-09-14T06:27:38","slug":"europawahl-2019-die-interfraktionellen-arbeitsgruppen-des-europaeischen-parlaments","status":"publish","type":"post","link":"https:\/\/blogs.fu-berlin.de\/bibliotheken\/2019\/05\/22\/europawahl-2019-die-interfraktionellen-arbeitsgruppen-des-europaeischen-parlaments\/","title":{"rendered":"Europawahl 2019: Die interfraktionellen Arbeitsgruppen des Europ\u00e4ischen Parlaments"},"content":{"rendered":"\n<p><em><span class=\"has-inline-color has-bright-red-color\">Der Betrieb des \u201eDokumentationszentrums UN \u2013 EU\u201c wird eingestellt. Die entsprechende Literatur bleibt im Bestand und ist weiterhin zug\u00e4nglich.<\/span><\/em><\/p>\n\n\n<p><figure id=\"attachment_24889\" aria-describedby=\"caption-attachment-24889\" style=\"width: 228px\" class=\"wp-caption alignright\"><img loading=\"lazy\" decoding=\"async\" class=\"wp-image-24889\" src=\"https:\/\/blogs.fu-berlin.de\/bibliotheken\/files\/2019\/04\/european-parliament-1274736_1280-247x300.jpg\" alt=\"\" width=\"228\" height=\"276\" srcset=\"https:\/\/blogs.fu-berlin.de\/bibliotheken\/files\/2019\/04\/european-parliament-1274736_1280-247x300.jpg 247w, https:\/\/blogs.fu-berlin.de\/bibliotheken\/files\/2019\/04\/european-parliament-1274736_1280.jpg 1053w\" sizes=\"auto, (max-width: 228px) 85vw, 228px\" \/><figcaption id=\"caption-attachment-24889\" class=\"wp-caption-text\">Europ\u00e4isches Parlament Stra\u00dfburg Quelle: Erich Westendarp auf Pixabay<\/figcaption><\/figure><\/p>\n<p>Innerhalb des europ\u00e4ischen Parlaments und seiner Fraktionen gibt es, vor allem bez\u00fcglich der inhaltlichen Arbeit, die M\u00f6glichkeit sogenannte Interfraktionelle Arbeitsgruppen zu bilden:<\/p>\n<p><a href=\"https:\/\/www.europarl.europa.eu\/news\/de\/faq\/10\/was-sind-interfraktionelle-arbeitsgruppen-und-wie-werden-sie-gebildet\">Interfraktionelle Arbeitsgruppen<\/a> k\u00f6nnen nach der <a href=\"https:\/\/www.europarl.europa.eu\/sides\/getLastRules.do?language=DE&amp;reference=RULE-034\">Gesch\u00e4ftsordnung des Europ\u00e4ischen Parlaments<\/a> (Artikel 34) von Mitgliedern aller Fraktionen und Aussch\u00fcsse gebildet werden, um einen informellen Meinungsaustausch \u00fcber besondere Themen zu f\u00fchren und den Kontakt zwischen den Mitgliedern und der Zivilgesellschaft zu f\u00f6rdern.&nbsp;Die interfraktionellen Arbeitsgruppen sind keine Organe des Parlaments und k\u00f6nnen daher nicht in dessen Namen sprechen.<\/p>\n<p style=\"font-style: inherit;font-weight: inherit\">Die interfraktionellen Arbeitsgruppen sind Gegenstand einer internen Regelung, die von der Konferenz der Pr\u00e4sidenten am 16. Dezember 1999 erlassen (und zuletzt am 11. September 2014 aktualisiert) wurde und in der die Bedingungen, unter denen zu Beginn einer jeden Wahlperiode interfraktionelle Arbeitsgruppen gebildet werden k\u00f6nnen und die Vorschriften f\u00fcr ihre Arbeitsweise festgelegt sind.<\/p>\n<p style=\"font-style: inherit;font-weight: inherit\">Die Vorsitzenden der interfraktionellen Arbeitsgruppen haben jede Unterst\u00fctzung, die sie in Form von Geld- oder Sachleistungen erhalten, nach den gleichen Kriterien anzugeben, die auch f\u00fcr die Mitglieder als Einzelpersonen gelten. Die Erkl\u00e4rungen sind j\u00e4hrlich zu aktualisieren und werden in einem von den Qu\u00e4storen gef\u00fchrten \u00f6ffentlichen Register hinterlegt.<\/p>\n<div class=\"ep_gridrow\">\n<div class=\"ep_gridrow-content\">\n<div class=\"ep_gridcolumn ep-m_product\">\n<div class=\"ep_gridcolumn-content\">\n<div class=\"ep_title\">\n<div class=\"ep-p_text\"><span class=\"ep_name\">Liste der <a href=\"https:\/\/www.europarl.europa.eu\/about-parliament\/de\/organisation-and-rules\/organisation\/intergroups\">interfraktionellen Arbeitsgruppen<\/a> (genehmigt am 11. Dezember 2014 in der Konferenz der Pr\u00e4sidenten):<\/span><\/div>\n<\/div>\n<\/div>\n<\/div>\n<\/div>\n<\/div>\n<ul>\n<li>Aktives Altern, Solidarit\u00e4t zwischen den Generationen &amp; Familienpolitik<\/li>\n<li>Antirassismus und Vielfalt<\/li>\n<li>Biologische Vielfalt, l\u00e4ndlicher Raum, Jagd und Freizeitfischerei<\/li>\n<li>Kinderrechte<\/li>\n<li>Klimawandel, nachhaltige Entwicklung und biologische Vielfalt<\/li>\n<li>Gemeinsame G\u00fcter und \u00f6ffentliche Dienstleistungen<\/li>\n<li><span style=\"font-weight: inherit;font-style: inherit\">Kreativwirtschaft<\/span><\/li>\n<li><span style=\"font-weight: inherit;font-style: inherit\">Digitale Agenda<\/span><\/li>\n<li><span style=\"font-weight: inherit;font-style: inherit\">Behinderung<\/span><\/li>\n<li><span style=\"font-weight: inherit;font-style: inherit\">Extreme Armut und Menschenrechte<\/span><\/li>\n<li><span style=\"font-weight: inherit;font-style: inherit\">Entwicklung des europ\u00e4ischen Fremdenverkehrs, kulturelles Erbe, Jakobsweg und weitere Kulturwege Europas<\/span><\/li>\n<li><span style=\"font-weight: inherit;font-style: inherit\">Religions- und Glaubensfreiheit und religi\u00f6se Toleranz<\/span><\/li>\n<li><span style=\"font-weight: inherit;font-style: inherit\">Integrit\u00e4t &#8211; Transparenz, Bek\u00e4mpfung von Korruption und organisiertem Verbrechen<\/span><\/li>\n<li><span style=\"font-weight: inherit;font-style: inherit\">Rechte von Lesben, Schwulen, Bisexuellen, Transsexuellen und Intersexuellen (LSBTI)<\/span><\/li>\n<li><span style=\"font-weight: inherit;font-style: inherit\">Langfristige Investitionen und Reindustrialisierung<\/span><\/li>\n<li><span style=\"font-weight: inherit;font-style: inherit\">L\u00e4ndliche Gebiete, Bergregionen und entlegene Gebiete<\/span><\/li>\n<li><span style=\"font-weight: inherit;font-style: inherit\">Meere, Fl\u00fcsse, Inseln und K\u00fcstengebiete<\/span><\/li>\n<li><span style=\"font-weight: inherit;font-style: inherit\">Kleine und mittlere Unternehmen (KMU)<\/span><\/li>\n<li><span style=\"font-weight: inherit;font-style: inherit\">Luftraum und Raumfahrt<\/span><\/li>\n<li><span style=\"font-weight: inherit;font-style: inherit\">Sozialwirtschaft, sozialwirtschaftliche Unternehmen, soziales Unternehmertum und Dritter Sektor<\/span><\/li>\n<li><span style=\"font-weight: inherit;font-style: inherit\">Sport<\/span><\/li>\n<li><span style=\"font-weight: inherit;font-style: inherit\">Gewerkschaften<\/span><\/li>\n<li><span style=\"font-weight: inherit;font-style: inherit\">Traditionelle Minderheiten, nationale Gemeinschaften und Sprachen<\/span><\/li>\n<li><span style=\"font-weight: inherit;font-style: inherit\">St\u00e4dtisches Umfeld<\/span><\/li>\n<li><span style=\"font-weight: inherit;font-style: inherit\">Wohlergehen und Erhaltung von Tieren<\/span><\/li>\n<li><span style=\"font-weight: inherit;font-style: inherit\">Westsahara<\/span><\/li>\n<li><span style=\"font-weight: inherit;font-style: inherit\">Wein, Spirituosen und Qualit\u00e4tslebensmittel<\/span><\/li>\n<li><span style=\"font-weight: inherit;font-style: inherit\">Jugendbelange<\/span><\/li>\n<\/ul>\n<p>Noch mehr Informationen zur EU bekommen Sie in unserem <a href=\"https:\/\/www.ub.fu-berlin.de\/bibliothek\/uneu\/\">Dokumentationszentrum UN-EU<\/a>.<\/p>","protected":false},"excerpt":{"rendered":"<p>Der Betrieb des \u201eDokumentationszentrums UN \u2013 EU\u201c wird eingestellt. Die entsprechende Literatur bleibt im Bestand und ist weiterhin zug\u00e4nglich. Innerhalb des europ\u00e4ischen Parlaments und seiner Fraktionen gibt es, vor allem bez\u00fcglich der inhaltlichen Arbeit, die M\u00f6glichkeit sogenannte Interfraktionelle Arbeitsgruppen zu bilden: Interfraktionelle Arbeitsgruppen k\u00f6nnen nach der Gesch\u00e4ftsordnung des Europ\u00e4ischen Parlaments (Artikel 34) von Mitgliedern aller &hellip; <a href=\"https:\/\/blogs.fu-berlin.de\/bibliotheken\/2019\/05\/22\/europawahl-2019-die-interfraktionellen-arbeitsgruppen-des-europaeischen-parlaments\/\" class=\"more-link\"><span class=\"screen-reader-text\">\u201eEuropawahl 2019: Die interfraktionellen Arbeitsgruppen des Europ\u00e4ischen Parlaments\u201c<\/span> weiterlesen<\/a><\/p>\n","protected":false},"author":2907,"featured_media":0,"comment_status":"open","ping_status":"open","sticky":false,"template":"","format":"standard","meta":{"footnotes":""},"categories":[9],"tags":[2458,1977,56944,227459],"class_list":["post-24902","post","type-post","status-publish","format-standard","hentry","category-allgemein","tag-dokumentationszentrum-un-eu","tag-europaische-union","tag-europaeisches-parlament","tag-interfraktionelle-arbeitsgruppen"],"_links":{"self":[{"href":"https:\/\/blogs.fu-berlin.de\/bibliotheken\/wp-json\/wp\/v2\/posts\/24902","targetHints":{"allow":["GET"]}}],"collection":[{"href":"https:\/\/blogs.fu-berlin.de\/bibliotheken\/wp-json\/wp\/v2\/posts"}],"about":[{"href":"https:\/\/blogs.fu-berlin.de\/bibliotheken\/wp-json\/wp\/v2\/types\/post"}],"author":[{"embeddable":true,"href":"https:\/\/blogs.fu-berlin.de\/bibliotheken\/wp-json\/wp\/v2\/users\/2907"}],"replies":[{"embeddable":true,"href":"https:\/\/blogs.fu-berlin.de\/bibliotheken\/wp-json\/wp\/v2\/comments?post=24902"}],"version-history":[{"count":7,"href":"https:\/\/blogs.fu-berlin.de\/bibliotheken\/wp-json\/wp\/v2\/posts\/24902\/revisions"}],"predecessor-version":[{"id":29195,"href":"https:\/\/blogs.fu-berlin.de\/bibliotheken\/wp-json\/wp\/v2\/posts\/24902\/revisions\/29195"}],"wp:attachment":[{"href":"https:\/\/blogs.fu-berlin.de\/bibliotheken\/wp-json\/wp\/v2\/media?parent=24902"}],"wp:term":[{"taxonomy":"category","embeddable":true,"href":"https:\/\/blogs.fu-berlin.de\/bibliotheken\/wp-json\/wp\/v2\/categories?post=24902"},{"taxonomy":"post_tag","embeddable":true,"href":"https:\/\/blogs.fu-berlin.de\/bibliotheken\/wp-json\/wp\/v2\/tags?post=24902"}],"curies":[{"name":"wp","href":"https:\/\/api.w.org\/{rel}","templated":true}]}}