{"id":24916,"date":"2019-04-25T13:59:45","date_gmt":"2019-04-25T12:59:45","guid":{"rendered":"https:\/\/blogs.fu-berlin.de\/bibliotheken\/?p=24916"},"modified":"2019-04-25T14:01:22","modified_gmt":"2019-04-25T13:01:22","slug":"neu-im-blackboard-semesterlisten-integrieren","status":"publish","type":"post","link":"https:\/\/blogs.fu-berlin.de\/bibliotheken\/2019\/04\/25\/neu-im-blackboard-semesterlisten-integrieren\/","title":{"rendered":"Neu im Blackboard: Semesterlisten integrieren"},"content":{"rendered":"<p>Die FU-eigene Online-Lernplattform <a href=\"https:\/\/lms.fu-berlin.de\/\">Blackboard<\/a> ist um eine neue Funktion erweitert worden. Die f\u00fcr eine Lehrveranstaltung ben\u00f6tigte Literatur kann im <a href=\"https:\/\/primo.fu-berlin.de\">Bibliotheksportal Primo<\/a> als Semesterliste zusammengestellt und mittlerweile auch in einen Blackboard-Kurs integriert werden.<\/p>\n<h2>Semesterlisten<\/h2>\n<p>Semesterlisten enthalten die f\u00fcr eine Lehrveranstaltung ben\u00f6tigte Literatur, die von DozentInnen f\u00fcr das jeweils laufende Semester zusammengestellt werden.<\/p>\n<p>Diese Titel sollen allen Studierenden w\u00e4hrend der Vorlesungszeit zur Verf\u00fcgung stehen und sind daher im aktuellen Semester nicht ausleihbar. Die Medien stehen an ihrem jeweiligen Standort im Regal (=\u201eVirtuelle Semesterliste\u201c) oder werden an Sonderstandorten gesammelt aufgestellt. In der <a href=\"https:\/\/www.fu-berlin.de\/sites\/ub\">Universit\u00e4tsbibliothek<\/a> ist beispielsweise die entsprechende Literatur <a href=\"https:\/\/www.fu-berlin.de\/sites\/ub\/arbeitsplaetze\/lesesaal\/index.html#semesterliste\">im Lesesaal<\/a> unter dem Namen der Veranstaltung zu finden.<\/p>\n<h2>Integration im Blackboard und Suche in Primo<\/h2>\n<p>Die Semesterliste wird von den Mitarbeitern in der <a href=\"https:\/\/www.fu-berlin.de\/sites\/bibliotheken\/bibliothekenfuehrer\/index.html\">zust\u00e4ndigen Bibliothek<\/a> angelegt, nachdem sie von den Lehrenden eine entsprechende Liste mit der ben\u00f6tigten Literatur erhalten haben. Nach Erstellung der Semesterliste bekommen die Lehrenden einen Link zu dieser Liste, den sie \u00fcber das Kontextmen\u00fc \u201eInhalt erstellen\u201c (s. <a href=\"https:\/\/www.fu-berlin.de\/sites\/ub\/literatursuche\/semesterlisten\/PRIMO_Blackboard.jpg\">Screenshot<\/a>) als neuen Inhalt hinzuf\u00fcgen k\u00f6nnen. Optional kann der Semesterliste eine Beschreibung hinzugef\u00fcgt werden:<\/p>\n<figure id=\"attachment_24943\" aria-describedby=\"caption-attachment-24943\" style=\"width: 300px\" class=\"wp-caption aligncenter\"><a href=\"https:\/\/blogs.fu-berlin.de\/bibliotheken\/files\/2019\/04\/blackboard_semesterliste.gif\"><img loading=\"lazy\" decoding=\"async\" class=\"wp-image-24943 size-medium\" style=\"border: 1px solid black\" src=\"https:\/\/blogs.fu-berlin.de\/bibliotheken\/files\/2019\/04\/blackboard_semesterliste-300x164.gif\" alt=\"Semesterliste beim Kurs in Blackboard verlinken\" width=\"300\" height=\"164\" srcset=\"https:\/\/blogs.fu-berlin.de\/bibliotheken\/files\/2019\/04\/blackboard_semesterliste-300x164.gif 300w, https:\/\/blogs.fu-berlin.de\/bibliotheken\/files\/2019\/04\/blackboard_semesterliste-1200x655.gif 1200w\" sizes=\"auto, (max-width: 300px) 85vw, 300px\" \/><\/a><figcaption id=\"caption-attachment-24943\" class=\"wp-caption-text\">Semesterliste beim Kurs in Blackboard verlinken<\/figcaption><\/figure>\n<p>F\u00fcr die Suche im Bibliotheksportal Primo gibt es einen eigenen Suchraum <a href=\"http:\/\/primo.fu-berlin.de\/search\/courses\/\">Semesterlisten<\/a> mit Filterm\u00f6glichkeit nach Kurs Name, Nummer und DozentIn (jeweils gelb markiert):<\/p>\n<p><a href=\"https:\/\/blogs.fu-berlin.de\/bibliotheken\/files\/2019\/04\/2019-04-25_143519.jpg\"><img loading=\"lazy\" decoding=\"async\" class=\"aligncenter wp-image-24935 size-medium\" style=\"border: 1px solid black\" src=\"https:\/\/blogs.fu-berlin.de\/bibliotheken\/files\/2019\/04\/2019-04-25_143519-300x168.jpg\" alt=\"\" width=\"300\" height=\"168\" srcset=\"https:\/\/blogs.fu-berlin.de\/bibliotheken\/files\/2019\/04\/2019-04-25_143519-300x168.jpg 300w, https:\/\/blogs.fu-berlin.de\/bibliotheken\/files\/2019\/04\/2019-04-25_143519.jpg 904w\" sizes=\"auto, (max-width: 300px) 85vw, 300px\" \/><\/a><\/p>\n<p>Weiterf\u00fchrende Informationen finden sich auch auf einer entsprechenden <a href=\"https:\/\/wikis.fu-berlin.de\/x\/woAVNQ\">Hilfe-Seite im Wiki<\/a> bzw. den <a href=\"https:\/\/www.fu-berlin.de\/sites\/primo-hilfe\/suchtipps\/semesterlisten\/semesterliste_erstellen\/index.html\">Primo-Suchtipps<\/a>!<\/p>\n","protected":false},"excerpt":{"rendered":"<p>Die FU-eigene Online-Lernplattform Blackboard ist um eine neue Funktion erweitert worden. Die f\u00fcr eine Lehrveranstaltung ben\u00f6tigte Literatur kann im Bibliotheksportal Primo als Semesterliste zusammengestellt und mittlerweile auch in einen Blackboard-Kurs integriert werden. Semesterlisten Semesterlisten enthalten die f\u00fcr eine Lehrveranstaltung ben\u00f6tigte Literatur, die von DozentInnen f\u00fcr das jeweils laufende Semester zusammengestellt werden. Diese Titel sollen allen &hellip; <a href=\"https:\/\/blogs.fu-berlin.de\/bibliotheken\/2019\/04\/25\/neu-im-blackboard-semesterlisten-integrieren\/\" class=\"more-link\"><span class=\"screen-reader-text\">\u201eNeu im Blackboard: Semesterlisten integrieren\u201c<\/span> weiterlesen<\/a><\/p>\n","protected":false},"author":293,"featured_media":0,"comment_status":"open","ping_status":"open","sticky":false,"template":"","format":"standard","meta":{"footnotes":""},"categories":[9,599],"tags":[237,191266],"class_list":["post-24916","post","type-post","status-publish","format-standard","hentry","category-allgemein","category-bibliothekswesen","tag-blackboard","tag-semesterlisten"],"_links":{"self":[{"href":"https:\/\/blogs.fu-berlin.de\/bibliotheken\/wp-json\/wp\/v2\/posts\/24916","targetHints":{"allow":["GET"]}}],"collection":[{"href":"https:\/\/blogs.fu-berlin.de\/bibliotheken\/wp-json\/wp\/v2\/posts"}],"about":[{"href":"https:\/\/blogs.fu-berlin.de\/bibliotheken\/wp-json\/wp\/v2\/types\/post"}],"author":[{"embeddable":true,"href":"https:\/\/blogs.fu-berlin.de\/bibliotheken\/wp-json\/wp\/v2\/users\/293"}],"replies":[{"embeddable":true,"href":"https:\/\/blogs.fu-berlin.de\/bibliotheken\/wp-json\/wp\/v2\/comments?post=24916"}],"version-history":[{"count":13,"href":"https:\/\/blogs.fu-berlin.de\/bibliotheken\/wp-json\/wp\/v2\/posts\/24916\/revisions"}],"predecessor-version":[{"id":24947,"href":"https:\/\/blogs.fu-berlin.de\/bibliotheken\/wp-json\/wp\/v2\/posts\/24916\/revisions\/24947"}],"wp:attachment":[{"href":"https:\/\/blogs.fu-berlin.de\/bibliotheken\/wp-json\/wp\/v2\/media?parent=24916"}],"wp:term":[{"taxonomy":"category","embeddable":true,"href":"https:\/\/blogs.fu-berlin.de\/bibliotheken\/wp-json\/wp\/v2\/categories?post=24916"},{"taxonomy":"post_tag","embeddable":true,"href":"https:\/\/blogs.fu-berlin.de\/bibliotheken\/wp-json\/wp\/v2\/tags?post=24916"}],"curies":[{"name":"wp","href":"https:\/\/api.w.org\/{rel}","templated":true}]}}