{"id":25008,"date":"2019-06-17T08:00:59","date_gmt":"2019-06-17T07:00:59","guid":{"rendered":"https:\/\/blogs.fu-berlin.de\/bibliotheken\/?p=25008"},"modified":"2021-09-14T07:24:00","modified_gmt":"2021-09-14T06:24:00","slug":"veranstaltungshinweis-public-relations-und-krisenkommunikation-der-vereinten-nationen","status":"publish","type":"post","link":"https:\/\/blogs.fu-berlin.de\/bibliotheken\/2019\/06\/17\/veranstaltungshinweis-public-relations-und-krisenkommunikation-der-vereinten-nationen\/","title":{"rendered":"Veranstaltungshinweis: Public Relations und Krisenkommunikation der Vereinten Nationen"},"content":{"rendered":"\n<p><em><span class=\"has-inline-color has-bright-red-color\">Der Betrieb des \u201eDokumentationszentrums UN \u2013 EU\u201c wird eingestellt. Die entsprechende Literatur bleibt im Bestand und ist weiterhin zug\u00e4nglich.<\/span><\/em><\/p>\n\n\n<p>Am 20. Juni findet eine Veranstaltung des FU Career-Service statt. Dort erfahren Sie alles zu dem Thema <a href=\"https:\/\/www.fu-berlin.de\/sites\/career\/veranstaltungen\/Veranstaltungen-zum-Berufseinstieg\/Career-Service-Veranstaltungen\/git_krisenkommunikation_sose19.html\">&#8222;Public Relations und Krisenkommunikation der Vereinten Nationen&#8220;<\/a> &#8211; die Veranstaltung wird von 16 &#8211; 20 Uhr statt finden. Eine Anmeldung ist notwendig &#8211; Sie k\u00f6nnen die sich \u00fcber die <a href=\"https:\/\/www.fu-berlin.de\/sites\/career\/veranstaltungen\/Veranstaltungen-zum-Berufseinstieg\/Career-Service-Veranstaltungen\/git_krisenkommunikation_sose19.html#form\">Webseite des Career-Service<\/a> anmelden.<\/p>\n<p><em>Von der Veranstaltungsseite:<\/em><\/p>\n<p>PR und Kommunikation in Krisen auf internationaler Ebene \u2013 was steckt dahinter, was sind die Intentionen, wer sind die entscheidenden Personen? Wof\u00fcr werden UN-Botschafter wie Angelina Jolie und Leonardo DiCaprio eingesetzt? Wer die Instrumente internationaler PR kennt, sch\u00e4rft auch den Blick f\u00fcr die jeweiligen politischen Interessen.<\/p>\n<p>Die Veranstaltung f\u00fchrt in das Feld des internationalen Kommunikationsmanagement an der Schnittstelle von PR und Public Diplomacy ein. Anhand von entsprechenden case studies werden au\u00dferdem Einblicke in die Kommunikations- und Pressearbeit der UN gegeben und weitere Berufsm\u00f6glichkeiten f\u00fcr PR-\/Medienexpert*innen im internationalen Bereich aufgezeigt.<\/p>\n<p>Noch mehr Informationen zur EU bekommen Sie in unserem <a href=\"https:\/\/www.ub.fu-berlin.de\/bibliothek\/uneu\/\">Dokumentationszentrum UN-EU<\/a>.<\/p>","protected":false},"excerpt":{"rendered":"<p>Der Betrieb des \u201eDokumentationszentrums UN \u2013 EU\u201c wird eingestellt. Die entsprechende Literatur bleibt im Bestand und ist weiterhin zug\u00e4nglich. Am 20. Juni findet eine Veranstaltung des FU Career-Service statt. Dort erfahren Sie alles zu dem Thema &#8222;Public Relations und Krisenkommunikation der Vereinten Nationen&#8220; &#8211; die Veranstaltung wird von 16 &#8211; 20 Uhr statt finden. Eine &hellip; <a href=\"https:\/\/blogs.fu-berlin.de\/bibliotheken\/2019\/06\/17\/veranstaltungshinweis-public-relations-und-krisenkommunikation-der-vereinten-nationen\/\" class=\"more-link\"><span class=\"screen-reader-text\">\u201eVeranstaltungshinweis: Public Relations und Krisenkommunikation der Vereinten Nationen\u201c<\/span> weiterlesen<\/a><\/p>\n","protected":false},"author":3230,"featured_media":0,"comment_status":"open","ping_status":"open","sticky":false,"template":"","format":"standard","meta":{"footnotes":""},"categories":[9,70],"tags":[2458,74,2102],"class_list":["post-25008","post","type-post","status-publish","format-standard","hentry","category-allgemein","category-veranstaltungen","tag-dokumentationszentrum-un-eu","tag-freie-universitat-berlin","tag-veranstaltung"],"_links":{"self":[{"href":"https:\/\/blogs.fu-berlin.de\/bibliotheken\/wp-json\/wp\/v2\/posts\/25008","targetHints":{"allow":["GET"]}}],"collection":[{"href":"https:\/\/blogs.fu-berlin.de\/bibliotheken\/wp-json\/wp\/v2\/posts"}],"about":[{"href":"https:\/\/blogs.fu-berlin.de\/bibliotheken\/wp-json\/wp\/v2\/types\/post"}],"author":[{"embeddable":true,"href":"https:\/\/blogs.fu-berlin.de\/bibliotheken\/wp-json\/wp\/v2\/users\/3230"}],"replies":[{"embeddable":true,"href":"https:\/\/blogs.fu-berlin.de\/bibliotheken\/wp-json\/wp\/v2\/comments?post=25008"}],"version-history":[{"count":5,"href":"https:\/\/blogs.fu-berlin.de\/bibliotheken\/wp-json\/wp\/v2\/posts\/25008\/revisions"}],"predecessor-version":[{"id":29183,"href":"https:\/\/blogs.fu-berlin.de\/bibliotheken\/wp-json\/wp\/v2\/posts\/25008\/revisions\/29183"}],"wp:attachment":[{"href":"https:\/\/blogs.fu-berlin.de\/bibliotheken\/wp-json\/wp\/v2\/media?parent=25008"}],"wp:term":[{"taxonomy":"category","embeddable":true,"href":"https:\/\/blogs.fu-berlin.de\/bibliotheken\/wp-json\/wp\/v2\/categories?post=25008"},{"taxonomy":"post_tag","embeddable":true,"href":"https:\/\/blogs.fu-berlin.de\/bibliotheken\/wp-json\/wp\/v2\/tags?post=25008"}],"curies":[{"name":"wp","href":"https:\/\/api.w.org\/{rel}","templated":true}]}}