{"id":25012,"date":"2019-05-09T12:00:08","date_gmt":"2019-05-09T11:00:08","guid":{"rendered":"https:\/\/blogs.fu-berlin.de\/bibliotheken\/?p=25012"},"modified":"2021-09-14T07:31:14","modified_gmt":"2021-09-14T06:31:14","slug":"9-mai-europatag","status":"publish","type":"post","link":"https:\/\/blogs.fu-berlin.de\/bibliotheken\/2019\/05\/09\/9-mai-europatag\/","title":{"rendered":"9. Mai &#8211; Europatag"},"content":{"rendered":"\n<p><em><span class=\"has-inline-color has-bright-red-color\">Der Betrieb des \u201eDokumentationszentrums UN \u2013 EU\u201c wird eingestellt. Die entsprechende Literatur bleibt im Bestand und ist weiterhin zug\u00e4nglich.<\/span><\/em><\/p>\n\n\n<div class=\"notop\">\n<p><figure id=\"attachment_25015\" aria-describedby=\"caption-attachment-25015\" style=\"width: 300px\" class=\"wp-caption alignright\"><img loading=\"lazy\" decoding=\"async\" class=\"wp-image-25015 size-medium\" src=\"https:\/\/blogs.fu-berlin.de\/bibliotheken\/files\/2019\/05\/bundestag-2463239_1920-300x200.jpg\" alt=\"\" width=\"300\" height=\"200\" srcset=\"https:\/\/blogs.fu-berlin.de\/bibliotheken\/files\/2019\/05\/bundestag-2463239_1920-300x200.jpg 300w, https:\/\/blogs.fu-berlin.de\/bibliotheken\/files\/2019\/05\/bundestag-2463239_1920-1200x800.jpg 1200w, https:\/\/blogs.fu-berlin.de\/bibliotheken\/files\/2019\/05\/bundestag-2463239_1920.jpg 1920w\" sizes=\"auto, (max-width: 300px) 85vw, 300px\" \/><figcaption id=\"caption-attachment-25015\" class=\"wp-caption-text\">Quelle: Bild von O12 auf Pixabay<\/figcaption><\/figure><\/p>\n<p>Am 9. Mai ist Europatag, es ist der Tag der historischen <a href=\"https:\/\/europa.eu\/european-union\/about-eu\/symbols\/europe-day\/schuman-declaration_de\">Schuman-Erkl\u00e4rung.<\/a> 1950 hielt der Franz\u00f6sische Au\u00dfenminister <a href=\"https:\/\/www.hdg.de\/lemo\/biografie\/robert-schuman.html\">Robert Schuman<\/a> in Paris eine vision\u00e4re Rede dar\u00fcber, wie er sich die zuk\u00fcnftige politische Zusammenarbeit in Europa vorstelle. Schumans Idee war die Schaffung einer \u00fcberstaatlichen europ\u00e4ischen Institution zur Verwaltung und Zusammenlegung der Kohle- und Stahlproduktion. Sein Vorschlag gilt als Grundstein der heutigen Europ\u00e4ischen Union.<\/p>\n<p>Traditionell feiert die Europ\u00e4ische Union dies, mit den Tagen der offenen T\u00fcren der EU-Institutionen in Br\u00fcssel, Luxemburg und Stra\u00dfburg.<\/p>\n<p>In Berlin und Potsdam werden heute verschiedene <a href=\"https:\/\/ec.europa.eu\/germany\/events\/europe-day_de\">Veranstaltungen<\/a> angeboten:<\/p>\n<p><a class=\"ext\" href=\"https:\/\/www.berlin.de\/sen\/europa\/europa-in-berlin\/veranstaltungen\/europapreis\/\">Preisverleihung Blauer B\u00e4r<\/a>: Um 17 Uhr im Roten Rathaus in Mitte verleihen das Land Berlin und die Vertretung der Europ\u00e4ischen Kommission in Deutschland erneut die Blauen B\u00e4ren an Berlinerinnen und Berliner f\u00fcr beispielhaftes, b\u00fcrgerschaftliches Europa-Engagement<\/p>\n<p><a class=\"ext\" href=\"https:\/\/eu-women.eu\/en\/#pll_switcher\">Women\u2019s March \u2013 Women for Europe \u2013 Europe for Women<\/a>: Ab 12 Uhr findet am Brandenburger Tor ein \u201eMarsch der Frauen\u201c statt, die sich f\u00fcr die Rechte der Frauen einsetzen. M\u00e4nner sind herzlich willkommen.<\/p>\n<p><a class=\"ext\" href=\"http:\/\/www.europarl.de\">Europawahl-Event \u2013 Diesmal w\u00e4hle ich!<\/a>: Bekannte K\u00fcnstlerInnen, InfluencerInnen und Europabegeisterte berichten \u00fcber ihre Erlebnisse rund um Europa und erz\u00e4hlen, warum sie zur Europawahl gehen werden und warum alle anderen das auch tun sollten. Dazu gibt es Live-Musik in der K\u00f6nig Galerie in Kreuzberg um 19 Uhr.<\/p>\n<p><a class=\"ext\" href=\"https:\/\/www.europa-union-berlin.de\/\">Caf\u00e9 Europa &#8222;Europawahl Spezial &#8211; Duell der Spitzenkandidaten\u201c<\/a>: Die Europa-Union Berlin e.V. in der Sophienstra\u00dfe 28\/29 l\u00e4dt Sie herzlich um 18:30 zu ihrem Caf\u00e9 Europa \u201eEuropawahl Spezial \u2013 Duell der Spitzenkandidaten\u201c mit den Berliner Spitzenkandidaten Damian Boeselager (VOLT Europa) und Malte Fiedler (Die Linke) ein.<\/p>\n<p>Die Ausstellung <a class=\"ext\" href=\"https:\/\/erlebnis-europa.eu\/\">ERLEBNIS EUROPA<\/a> wird 3 Jahre alt! Von jeweils 10 bis 18 Uhr finden aus diesem Anlass und mit Bezug auf die Europawahlen Sonderaktionen in den Ausstellungsr\u00e4umen Unter den Linden 78, 10117 Berlin statt. Unter anderem:<br>\n\u2022&nbsp;&nbsp; &nbsp;Europawahl-Abstimmwand mit Diskussionsm\u00f6glichkeit<br>\n\u2022&nbsp;&nbsp; &nbsp;Comic-Zeichnerin<br>\n\u2022&nbsp;&nbsp; &nbsp;Button-Maschine (entwirf Deinen eigenen Europawahl-Button!)<br>\n\u2022&nbsp;&nbsp; &nbsp;diesmalw\u00e4hleich-Aktion in der Foto-Kabine<br>\n\u2022&nbsp;&nbsp; &nbsp;Der Eintritt ist frei!<\/p>\n<p><a class=\"ext\" href=\"http:\/\/www.europa-brandenburg.eu\/veranstaltungen\/1\/2059403\/2019\/05\/09\/potsdamer-europafest-2019.html\">Europafest<\/a> (Potsdam) Von 14 bis 21 Uhr findet auf dem Alten Markt in Potsdam das diesj\u00e4hrige Europafest statt. Viele Pavillons mit Info- und Aktionsangeboten, ein buntes B\u00fchnenprogramm, ein Streetsoccer-Turnier und vieles mehr sind fester Bestandteil der Veranstaltung<\/p>\n<p>Noch mehr Informationen zur EU bekommen Sie in unserem <a href=\"https:\/\/www.ub.fu-berlin.de\/bibliothek\/uneu\/\">Dokumentationszentrum UN-EU<\/a>.<\/p>\n<\/div>","protected":false},"excerpt":{"rendered":"<p>Der Betrieb des \u201eDokumentationszentrums UN \u2013 EU\u201c wird eingestellt. Die entsprechende Literatur bleibt im Bestand und ist weiterhin zug\u00e4nglich. Am 9. Mai ist Europatag, es ist der Tag der historischen Schuman-Erkl\u00e4rung. 1950 hielt der Franz\u00f6sische Au\u00dfenminister Robert Schuman in Paris eine vision\u00e4re Rede dar\u00fcber, wie er sich die zuk\u00fcnftige politische Zusammenarbeit in Europa vorstelle. Schumans &hellip; <a href=\"https:\/\/blogs.fu-berlin.de\/bibliotheken\/2019\/05\/09\/9-mai-europatag\/\" class=\"more-link\"><span class=\"screen-reader-text\">\u201e9. Mai &#8211; Europatag\u201c<\/span> weiterlesen<\/a><\/p>\n","protected":false},"author":2907,"featured_media":0,"comment_status":"open","ping_status":"open","sticky":false,"template":"","format":"standard","meta":{"footnotes":""},"categories":[9],"tags":[2458,1977,227453,227452],"class_list":["post-25012","post","type-post","status-publish","format-standard","hentry","category-allgemein","tag-dokumentationszentrum-un-eu","tag-europaische-union","tag-europatag","tag-robert-schuman"],"_links":{"self":[{"href":"https:\/\/blogs.fu-berlin.de\/bibliotheken\/wp-json\/wp\/v2\/posts\/25012","targetHints":{"allow":["GET"]}}],"collection":[{"href":"https:\/\/blogs.fu-berlin.de\/bibliotheken\/wp-json\/wp\/v2\/posts"}],"about":[{"href":"https:\/\/blogs.fu-berlin.de\/bibliotheken\/wp-json\/wp\/v2\/types\/post"}],"author":[{"embeddable":true,"href":"https:\/\/blogs.fu-berlin.de\/bibliotheken\/wp-json\/wp\/v2\/users\/2907"}],"replies":[{"embeddable":true,"href":"https:\/\/blogs.fu-berlin.de\/bibliotheken\/wp-json\/wp\/v2\/comments?post=25012"}],"version-history":[{"count":6,"href":"https:\/\/blogs.fu-berlin.de\/bibliotheken\/wp-json\/wp\/v2\/posts\/25012\/revisions"}],"predecessor-version":[{"id":29209,"href":"https:\/\/blogs.fu-berlin.de\/bibliotheken\/wp-json\/wp\/v2\/posts\/25012\/revisions\/29209"}],"wp:attachment":[{"href":"https:\/\/blogs.fu-berlin.de\/bibliotheken\/wp-json\/wp\/v2\/media?parent=25012"}],"wp:term":[{"taxonomy":"category","embeddable":true,"href":"https:\/\/blogs.fu-berlin.de\/bibliotheken\/wp-json\/wp\/v2\/categories?post=25012"},{"taxonomy":"post_tag","embeddable":true,"href":"https:\/\/blogs.fu-berlin.de\/bibliotheken\/wp-json\/wp\/v2\/tags?post=25012"}],"curies":[{"name":"wp","href":"https:\/\/api.w.org\/{rel}","templated":true}]}}