{"id":25092,"date":"2019-05-21T08:30:44","date_gmt":"2019-05-21T07:30:44","guid":{"rendered":"https:\/\/blogs.fu-berlin.de\/bibliotheken\/?p=25092"},"modified":"2021-09-14T07:27:58","modified_gmt":"2021-09-14T06:27:58","slug":"11-berliner-europa-dialog-der-klimawandel-neues-thema-der-populisten","status":"publish","type":"post","link":"https:\/\/blogs.fu-berlin.de\/bibliotheken\/2019\/05\/21\/11-berliner-europa-dialog-der-klimawandel-neues-thema-der-populisten\/","title":{"rendered":"11. Berliner Europa-Dialog: Der Klimawandel \u2013 Neues Thema der Populisten?"},"content":{"rendered":"\n<p><em><span class=\"has-inline-color has-bright-red-color\">Der Betrieb des \u201eDokumentationszentrums UN \u2013 EU\u201c wird eingestellt. Die entsprechende Literatur bleibt im Bestand und ist weiterhin zug\u00e4nglich.<\/span><\/em><\/p>\n\n\n<p><figure id=\"attachment_25094\" aria-describedby=\"caption-attachment-25094\" style=\"width: 300px\" class=\"wp-caption alignright\"><img loading=\"lazy\" decoding=\"async\" class=\"wp-image-25094 size-medium\" src=\"https:\/\/blogs.fu-berlin.de\/bibliotheken\/files\/2019\/05\/Poster_Webversion_MFM-300x300.jpg\" alt=\"\" width=\"300\" height=\"300\" srcset=\"https:\/\/blogs.fu-berlin.de\/bibliotheken\/files\/2019\/05\/Poster_Webversion_MFM-300x300.jpg 300w, https:\/\/blogs.fu-berlin.de\/bibliotheken\/files\/2019\/05\/Poster_Webversion_MFM-150x150.jpg 150w, https:\/\/blogs.fu-berlin.de\/bibliotheken\/files\/2019\/05\/Poster_Webversion_MFM-1200x1200.jpg 1200w\" sizes=\"auto, (max-width: 300px) 85vw, 300px\" \/><figcaption id=\"caption-attachment-25094\" class=\"wp-caption-text\">11. Berliner Europa &#8211; Dialog &#8211; Veranstaltungsposter<\/figcaption><\/figure><\/p>\n<p>Das <a href=\"https:\/\/www.fu-berlin.de\/sites\/ub\/ueber-uns\/un-eu\/index.html\">Dokumentationszentrum UN-EU<\/a> der Universit\u00e4tsbibliothek der Freien Universit\u00e4t Berlin l\u00e4dt zum 11. Berliner Europa-Dialog ein. Am 28.05. um 18 Uhr beginnt die Veranstaltung mit dem Titel: Der Klimawandel \u2013 Neues Thema der Populisten? im Henry-Ford-Bau (H\u00f6rsaal A) in der Garystr. 35 in 14195 Berlin.<\/p>\n<div class=\"editor-content hyphens\">\n<p>Der Klimawandel bringt junge Menschen auf die Stra\u00dfen: Die \u201eFridays-for-Future\u201c-Bewegung mobilisiert die Jugend nicht nur in Deutschland und Europa und hat bereits medial prominente Gesichter geschaffen. Im Rahmen der der Initiative \u201eScientists for Future\u201c haben sich Klimaforscherinnen und Klimaforscher mit den Jugendlichen solidarisch erkl\u00e4rt.<\/p>\n<p>Gleichzeitig beginnt der Europawahlkampf. Nach Umfragen k\u00f6nnten populistische Parteien nach den Wahlen in bisher ungekannter St\u00e4rke ins Europ\u00e4ische Parlament einziehen. Haben sich diese \u2013 wenngleich sehr unterschiedlichen \u2013 Parteien bislang auf Themen wie Fl\u00fcchtlingspolitik und Elitenressentiment konzentriert, k\u00f6nnte sich nun ein neues Thema abzeichnen: die populistische Kritik am Diskurs des Klimawandels.<\/p>\n<p>Eine Studie der Beratungsgesellschaft adelphi kommt zu dem Ergebnis, dass die H\u00e4lfte aller Gegenstimmen im Europ\u00e4ischen Parlament bei Resolutionen zu Klima- und Energie aus dem rechtspopulistischen Parteienspektrum kommt. Deren Einfluss d\u00fcrfte weiterwachsen.<\/p>\n<p>Ist Klimapolitik die neue Fl\u00fcchtlingspolitik? Wie sollte nach den Europawahlen mit Parteien umgegangen werden, die den Klimawandel leugnen? Welche konkreten Folgen f\u00fcr politische Entscheidungen im neuen Parlament sind zu erwarten? Was k\u00f6nnen B\u00fcrgerinnen und B\u00fcrger tun, um Druck auf Entscheidungstr\u00e4gerinnen und Entscheidungstr\u00e4ger auszu\u00fcben?<\/p>\n<p>Diese und weitere Fragen diskutieren:<\/p>\n<ul>\n<li><strong>Dr. Klaus Jacob<\/strong>, Otto-Suhr-Institut f\u00fcr Politikwissenschaft, Arbeitsbereiche Politische Systeme und Politikfeldvergleich, Forschungsleiter des Forschungszentrums f\u00fcr Umweltpolitik<\/li>\n<li><strong>Carla Reemtsma<\/strong>, Mitglied der \u201eFridays-for-Future\u201c-Bewegung<\/li>\n<li><strong>Prof. Dr. Marc Ringel<\/strong>, Mitglied im Rednerdienst TEAM EUROPE der Europ\u00e4ischen Kommission<\/li>\n<li><strong>Stella Schaller<\/strong>, adelphi, Co-Autorin der Studie \u201cConvenient Truths \u2013 Mapping climate agendas of right-wing populist parties in Europe\u201d<\/li>\n<\/ul>\n<p>Die Podiumsdiskussion wird moderiert von <strong>Prof. Dr. Tanja A. B\u00f6rzel<\/strong>, Inhaberin des Jean Monnet Lehrstuhls und Leiterin der Arbeitsstelle Europ\u00e4ische Integration, Freie Universit\u00e4t Berlin.<\/p>\n<p>Die Veranstaltung im Rahmen der Reihe Berliner Europa-Dialog wird kooperativ organisiert vom Dokumentationszentrum Vereinte Nationen \u2013 Europ\u00e4ische Union der Freien Universit\u00e4t Berlin, dem Europ\u00e4ischen Informationszentrum Berlin (Tr\u00e4ger: Deutsche Gesellschaft e. V.) sowie der Europa-Union Berlin e. V.<\/p>\n<p>Wir w\u00fcrden uns freuen, Sie zu der Podiumsdiskussion begr\u00fc\u00dfen zu d\u00fcrfen. Die Veranstaltung ist \u00f6ffentlich, der Eintritt frei. Ihre Anmeldung senden Sie bitte bis zum 27.05.2019 an<a href=\"mailto:%20info@eu-infozentrum-berlin.de\"> info@eu-infozentrum-berlin.de<\/a>.<\/p>\n<p><a href=\"https:\/\/www.fu-berlin.de\/sites\/ub\/ueber-uns\/un-eu\/veranstaltungen\/BED-11\/index.html\">Links zum Thema finden Sie hier.<\/a><\/p>\n<\/div>\n<p>Noch mehr Informationen zur EU bekommen Sie in unserem <a href=\"https:\/\/www.ub.fu-berlin.de\/bibliothek\/uneu\/\">Dokumentationszentrum UN-EU<\/a>.<\/p>","protected":false},"excerpt":{"rendered":"<p>Der Betrieb des \u201eDokumentationszentrums UN \u2013 EU\u201c wird eingestellt. Die entsprechende Literatur bleibt im Bestand und ist weiterhin zug\u00e4nglich. Das Dokumentationszentrum UN-EU der Universit\u00e4tsbibliothek der Freien Universit\u00e4t Berlin l\u00e4dt zum 11. Berliner Europa-Dialog ein. Am 28.05. um 18 Uhr beginnt die Veranstaltung mit dem Titel: Der Klimawandel \u2013 Neues Thema der Populisten? im Henry-Ford-Bau (H\u00f6rsaal &hellip; <a href=\"https:\/\/blogs.fu-berlin.de\/bibliotheken\/2019\/05\/21\/11-berliner-europa-dialog-der-klimawandel-neues-thema-der-populisten\/\" class=\"more-link\"><span class=\"screen-reader-text\">\u201e11. Berliner Europa-Dialog: Der Klimawandel \u2013 Neues Thema der Populisten?\u201c<\/span> weiterlesen<\/a><\/p>\n","protected":false},"author":3230,"featured_media":0,"comment_status":"open","ping_status":"open","sticky":false,"template":"","format":"standard","meta":{"footnotes":""},"categories":[601,70],"tags":[56901,2458,935,1977,187985,2119],"class_list":["post-25092","post","type-post","status-publish","format-standard","hentry","category-universitatsbibliothek","category-veranstaltungen","tag-berliner-europa-dialog","tag-dokumentationszentrum-un-eu","tag-europa","tag-europaische-union","tag-klimaaenderung","tag-klimawandel"],"_links":{"self":[{"href":"https:\/\/blogs.fu-berlin.de\/bibliotheken\/wp-json\/wp\/v2\/posts\/25092","targetHints":{"allow":["GET"]}}],"collection":[{"href":"https:\/\/blogs.fu-berlin.de\/bibliotheken\/wp-json\/wp\/v2\/posts"}],"about":[{"href":"https:\/\/blogs.fu-berlin.de\/bibliotheken\/wp-json\/wp\/v2\/types\/post"}],"author":[{"embeddable":true,"href":"https:\/\/blogs.fu-berlin.de\/bibliotheken\/wp-json\/wp\/v2\/users\/3230"}],"replies":[{"embeddable":true,"href":"https:\/\/blogs.fu-berlin.de\/bibliotheken\/wp-json\/wp\/v2\/comments?post=25092"}],"version-history":[{"count":4,"href":"https:\/\/blogs.fu-berlin.de\/bibliotheken\/wp-json\/wp\/v2\/posts\/25092\/revisions"}],"predecessor-version":[{"id":29197,"href":"https:\/\/blogs.fu-berlin.de\/bibliotheken\/wp-json\/wp\/v2\/posts\/25092\/revisions\/29197"}],"wp:attachment":[{"href":"https:\/\/blogs.fu-berlin.de\/bibliotheken\/wp-json\/wp\/v2\/media?parent=25092"}],"wp:term":[{"taxonomy":"category","embeddable":true,"href":"https:\/\/blogs.fu-berlin.de\/bibliotheken\/wp-json\/wp\/v2\/categories?post=25092"},{"taxonomy":"post_tag","embeddable":true,"href":"https:\/\/blogs.fu-berlin.de\/bibliotheken\/wp-json\/wp\/v2\/tags?post=25092"}],"curies":[{"name":"wp","href":"https:\/\/api.w.org\/{rel}","templated":true}]}}