{"id":25112,"date":"2019-05-24T14:39:27","date_gmt":"2019-05-24T13:39:27","guid":{"rendered":"https:\/\/blogs.fu-berlin.de\/bibliotheken\/?p=25112"},"modified":"2021-09-14T07:27:17","modified_gmt":"2021-09-14T06:27:17","slug":"am-sonntag-ist-europawahl","status":"publish","type":"post","link":"https:\/\/blogs.fu-berlin.de\/bibliotheken\/2019\/05\/24\/am-sonntag-ist-europawahl\/","title":{"rendered":"Am Sonntag ist Europawahl!"},"content":{"rendered":"\n<p><em><span class=\"has-inline-color has-bright-red-color\">Der Betrieb des \u201eDokumentationszentrums UN \u2013 EU\u201c wird eingestellt. Die entsprechende Literatur bleibt im Bestand und ist weiterhin zug\u00e4nglich.<\/span><\/em><\/p>\n\n\n<p><figure id=\"attachment_24476\" aria-describedby=\"caption-attachment-24476\" style=\"width: 300px\" class=\"wp-caption alignright\"><img loading=\"lazy\" decoding=\"async\" class=\"size-medium wp-image-24476\" src=\"https:\/\/blogs.fu-berlin.de\/bibliotheken\/files\/2019\/01\/frederic-koberl-975747-unsplash-300x200.jpg\" alt=\"\" width=\"300\" height=\"200\" srcset=\"https:\/\/blogs.fu-berlin.de\/bibliotheken\/files\/2019\/01\/frederic-koberl-975747-unsplash-300x200.jpg 300w, https:\/\/blogs.fu-berlin.de\/bibliotheken\/files\/2019\/01\/frederic-koberl-975747-unsplash-1200x799.jpg 1200w\" sizes=\"auto, (max-width: 300px) 85vw, 300px\" \/><figcaption id=\"caption-attachment-24476\" class=\"wp-caption-text\">https:\/\/unsplash.com\/photos\/x_0hW-KaCgI<\/figcaption><\/figure><\/p>\n<p>Am Sonntag (26.05.) wird in der Bundesrepublik Deutschland von 08:00 bis 18:00 Uhr das 9. Europ\u00e4ische Parlament gew\u00e4hlt.<\/p>\n<p>In mehreren L\u00e4ndern wurde bereits gestern und wird heute gew\u00e4hlt (z.B. gestern in den Niederlanden und dem Vereinigten K\u00f6nigreich), in den meisten L\u00e4ndern, wie auch bei uns, wird am Wochenende gew\u00e4hlt.<\/p>\n<p>Falls Sie noch unsicher sind, was Sie w\u00e4hlen m\u00f6chten, haben Sie beim&nbsp;<a href=\"https:\/\/www.euromat.info\/de\" target=\"_blank\" rel=\"noopener noreferrer\">Euromat<\/a>&nbsp;die M\u00f6glichkeit, Ihre Tendenzen durch die Beantwortung verschiedener Fragen zu kanalisieren.<\/p>\n<p>Wenn Sie noch mehr Informationen zur Europawahl 2019 sammeln m\u00f6chten, besuchen Sie doch einen unserer umfangreichen Blogbeitr\u00e4ge zum Thema.<\/p>\n<p><a href=\"https:\/\/blogs.fu-berlin.de\/bibliotheken\/2019\/05\/15\/europawahl-2019-das-europaeische-parlament\/\">Europawahl 2019: Das Europ\u00e4ische Parlament<\/a><\/p>\n<p style=\"font-weight: 400\"><a href=\"https:\/\/blogs.fu-berlin.de\/bibliotheken\/2019\/05\/17\/__trashed-3\/\">Europawahl 2019: Die Fraktionen im Europ\u00e4ischen Parlament<\/a><\/p>\n<p style=\"font-weight: 400\"><a href=\"https:\/\/blogs.fu-berlin.de\/bibliotheken\/2019\/05\/22\/europawahl-2019-die-interfraktionellen-arbeitsgruppen-des-europaeischen-parlaments\/\">Europawahl 2019: Die interfraktionellen Arbeitsgruppen des Europ\u00e4ischen Parlaments<\/a><\/p>\n<p>Sie fragen sich, wo genau Sie \u00fcberhaupt w\u00e4hlen? Die Adresse Ihres Wahlraums finden Sie auf Ihrer Wahlbenachrichtigung. Beachten Sie: Wenn Sie Ihre Wahlbenachrichtigung vergessen haben, m\u00fcssen Sie Ihren Ausweis vorlegen.<\/p>\n<p>Noch mehr Informationen zur EU bekommen Sie in unserem&nbsp;<a href=\"https:\/\/www.ub.fu-berlin.de\/bibliothek\/uneu\/\" target=\"_blank\" rel=\"noopener noreferrer\">Dokumentationszentrum UN-EU<\/a>.<\/p>","protected":false},"excerpt":{"rendered":"<p>Der Betrieb des \u201eDokumentationszentrums UN \u2013 EU\u201c wird eingestellt. Die entsprechende Literatur bleibt im Bestand und ist weiterhin zug\u00e4nglich. Am Sonntag (26.05.) wird in der Bundesrepublik Deutschland von 08:00 bis 18:00 Uhr das 9. Europ\u00e4ische Parlament gew\u00e4hlt. In mehreren L\u00e4ndern wurde bereits gestern und wird heute gew\u00e4hlt (z.B. gestern in den Niederlanden und dem Vereinigten &hellip; <a href=\"https:\/\/blogs.fu-berlin.de\/bibliotheken\/2019\/05\/24\/am-sonntag-ist-europawahl\/\" class=\"more-link\"><span class=\"screen-reader-text\">\u201eAm Sonntag ist Europawahl!\u201c<\/span> weiterlesen<\/a><\/p>\n","protected":false},"author":3230,"featured_media":0,"comment_status":"open","ping_status":"open","sticky":false,"template":"","format":"standard","meta":{"footnotes":""},"categories":[9],"tags":[],"class_list":["post-25112","post","type-post","status-publish","format-standard","hentry","category-allgemein"],"_links":{"self":[{"href":"https:\/\/blogs.fu-berlin.de\/bibliotheken\/wp-json\/wp\/v2\/posts\/25112","targetHints":{"allow":["GET"]}}],"collection":[{"href":"https:\/\/blogs.fu-berlin.de\/bibliotheken\/wp-json\/wp\/v2\/posts"}],"about":[{"href":"https:\/\/blogs.fu-berlin.de\/bibliotheken\/wp-json\/wp\/v2\/types\/post"}],"author":[{"embeddable":true,"href":"https:\/\/blogs.fu-berlin.de\/bibliotheken\/wp-json\/wp\/v2\/users\/3230"}],"replies":[{"embeddable":true,"href":"https:\/\/blogs.fu-berlin.de\/bibliotheken\/wp-json\/wp\/v2\/comments?post=25112"}],"version-history":[{"count":11,"href":"https:\/\/blogs.fu-berlin.de\/bibliotheken\/wp-json\/wp\/v2\/posts\/25112\/revisions"}],"predecessor-version":[{"id":29193,"href":"https:\/\/blogs.fu-berlin.de\/bibliotheken\/wp-json\/wp\/v2\/posts\/25112\/revisions\/29193"}],"wp:attachment":[{"href":"https:\/\/blogs.fu-berlin.de\/bibliotheken\/wp-json\/wp\/v2\/media?parent=25112"}],"wp:term":[{"taxonomy":"category","embeddable":true,"href":"https:\/\/blogs.fu-berlin.de\/bibliotheken\/wp-json\/wp\/v2\/categories?post=25112"},{"taxonomy":"post_tag","embeddable":true,"href":"https:\/\/blogs.fu-berlin.de\/bibliotheken\/wp-json\/wp\/v2\/tags?post=25112"}],"curies":[{"name":"wp","href":"https:\/\/api.w.org\/{rel}","templated":true}]}}