{"id":25126,"date":"2019-05-23T14:23:58","date_gmt":"2019-05-23T13:23:58","guid":{"rendered":"https:\/\/blogs.fu-berlin.de\/bibliotheken\/?p=25126"},"modified":"2019-05-23T14:23:58","modified_gmt":"2019-05-23T13:23:58","slug":"informationsveranstaltung-projekt-deal-und-wiley","status":"publish","type":"post","link":"https:\/\/blogs.fu-berlin.de\/bibliotheken\/2019\/05\/23\/informationsveranstaltung-projekt-deal-und-wiley\/","title":{"rendered":"Informationsveranstaltung: Projekt DEAL und Wiley"},"content":{"rendered":"<div class=\"editor-content \">\n<p>Der Verlag Wiley l\u00e4dt zu einer Informationsveranstaltung \u00fcber Projekt DEAL und seine Bedeutung f\u00fcr Open Access (OA) in Deutschland ein.<\/p>\n<p>Veranstaltungsort ist die Freie Universit\u00e4t Berlin, aber die Teilnahme ist offen f\u00fcr alle Forscher*innen, Bibliothekar*innen und OA Referent*innen in und um Berlin.<\/p>\n<h3 class=\"box-event-doc-label\">Zeit &amp; Ort<\/h3>\n<p class=\"box-event-doc-date\">29.05.2019 | 11:00 s.t. &#8211; 13:45<\/p>\n<p class=\"box-event-doc-location\">Freie Universit\u00e4t Berlin, Seminarzentrum, Raum L116, Otto-von-Simson-Str. 26 (Silberlaube), 14195 Berlin<br \/>\n<a title=\"Seminarzentrum\" href=\"http:\/\/www.cedis.fu-berlin.de\/kontakt\/raeume\/seminarzentrum.html\" target=\"_self\">Seminarzentrum<\/a><\/p>\n<h3 class=\"box-event-doc-label\">Weitere Informationen<\/h3>\n<p>Zum Programm und zur Anmeldung geht es hier:<br \/>\n<a href=\"http:\/\/www.cvent.com\/d\/t6qhb2\">http:\/\/www.cvent.com\/d\/t6qhb2<\/a><\/p>\n<\/div>\n","protected":false},"excerpt":{"rendered":"<p>Der Verlag Wiley l\u00e4dt zu einer Informationsveranstaltung \u00fcber Projekt DEAL und seine Bedeutung f\u00fcr Open Access (OA) in Deutschland ein. Veranstaltungsort ist die Freie Universit\u00e4t Berlin, aber die Teilnahme ist offen f\u00fcr alle Forscher*innen, Bibliothekar*innen und OA Referent*innen in und um Berlin. Zeit &amp; Ort 29.05.2019 | 11:00 s.t. &#8211; 13:45 Freie Universit\u00e4t Berlin, Seminarzentrum, &hellip; <a href=\"https:\/\/blogs.fu-berlin.de\/bibliotheken\/2019\/05\/23\/informationsveranstaltung-projekt-deal-und-wiley\/\" class=\"more-link\"><span class=\"screen-reader-text\">\u201eInformationsveranstaltung: Projekt DEAL und Wiley\u201c<\/span> weiterlesen<\/a><\/p>\n","protected":false},"author":2169,"featured_media":0,"comment_status":"open","ping_status":"open","sticky":false,"template":"","format":"standard","meta":{"footnotes":""},"categories":[9,70],"tags":[552,227462,191286],"class_list":["post-25126","post","type-post","status-publish","format-standard","hentry","category-allgemein","category-veranstaltungen","tag-open-access","tag-projekt-deal","tag-wissenschaftsverlage"],"_links":{"self":[{"href":"https:\/\/blogs.fu-berlin.de\/bibliotheken\/wp-json\/wp\/v2\/posts\/25126","targetHints":{"allow":["GET"]}}],"collection":[{"href":"https:\/\/blogs.fu-berlin.de\/bibliotheken\/wp-json\/wp\/v2\/posts"}],"about":[{"href":"https:\/\/blogs.fu-berlin.de\/bibliotheken\/wp-json\/wp\/v2\/types\/post"}],"author":[{"embeddable":true,"href":"https:\/\/blogs.fu-berlin.de\/bibliotheken\/wp-json\/wp\/v2\/users\/2169"}],"replies":[{"embeddable":true,"href":"https:\/\/blogs.fu-berlin.de\/bibliotheken\/wp-json\/wp\/v2\/comments?post=25126"}],"version-history":[{"count":1,"href":"https:\/\/blogs.fu-berlin.de\/bibliotheken\/wp-json\/wp\/v2\/posts\/25126\/revisions"}],"predecessor-version":[{"id":25127,"href":"https:\/\/blogs.fu-berlin.de\/bibliotheken\/wp-json\/wp\/v2\/posts\/25126\/revisions\/25127"}],"wp:attachment":[{"href":"https:\/\/blogs.fu-berlin.de\/bibliotheken\/wp-json\/wp\/v2\/media?parent=25126"}],"wp:term":[{"taxonomy":"category","embeddable":true,"href":"https:\/\/blogs.fu-berlin.de\/bibliotheken\/wp-json\/wp\/v2\/categories?post=25126"},{"taxonomy":"post_tag","embeddable":true,"href":"https:\/\/blogs.fu-berlin.de\/bibliotheken\/wp-json\/wp\/v2\/tags?post=25126"}],"curies":[{"name":"wp","href":"https:\/\/api.w.org\/{rel}","templated":true}]}}