{"id":25142,"date":"2019-05-27T08:05:57","date_gmt":"2019-05-27T07:05:57","guid":{"rendered":"https:\/\/blogs.fu-berlin.de\/bibliotheken\/?p=25142"},"modified":"2021-09-16T13:40:07","modified_gmt":"2021-09-16T12:40:07","slug":"kamingespraech-zum-thema-brexit","status":"publish","type":"post","link":"https:\/\/blogs.fu-berlin.de\/bibliotheken\/2019\/05\/27\/kamingespraech-zum-thema-brexit\/","title":{"rendered":"Kamingespr\u00e4ch zum Thema Brexit (04.06.2019)"},"content":{"rendered":"\n<p><em><span class=\"has-inline-color has-bright-red-color\">Der Betrieb des \u201eDokumentationszentrums UN \u2013 EU\u201c wird eingestellt. Die entsprechende Literatur bleibt im Bestand und ist weiterhin zug\u00e4nglich.<\/span><\/em><\/p>\n\n\n<p>Am 4.6. 2019 organisiert die Arbeitsstelle f\u00fcr Europ\u00e4ische Integration des Otto-Suhr-Institutes ein \u201aKamingespr\u00e4ch\u2018 im Henry-Ford-Bau, Konferenzraum III, zum Thema Brexit und den kurz zuvor stattfindenden Wahlen zum Europ\u00e4ischen Parlament mit MdB Metin Hakverdi (SPD), Berichterstatter der SPD-Bundestagsfraktion zum Thema Brexit, Mitglied des Europaausschusses und des Finanzausschusses.<\/p>\n<p>Nach einem Gru\u00dfwort von Prof. Dr. Tanja A. B\u00f6rzel, Leiterin der Arbeitsstelle und des Jean Monnet Exzellenzzentrums \u201aThe EU and its citizens\u2018, und einer kurzen Einf\u00fchrung von Herrn Hakverdi, bietet sich hier die M\u00f6glichkeit, in kleiner Runde mit Herrn Hakverdi insbesondere zum Thema Brexit ins Gespr\u00e4ch zu kommen: Wie geht es weiter mit dem (noch immer nicht v\u00f6llig sicheren) Austritt Gro\u00dfbritanniens aus der EU? Wie bewertet ein Mitglied des Bundestages die Rolle des britischen Parlaments im Ringen um den Brexit? Welche Auswirkungen haben die Wahlen zum Europ\u00e4ischen Parlament am 26. Mai auf den Brexit-Prozess?<\/p>\n<p>Im Anschluss an das Gespr\u00e4ch findet ein kleiner Empfang statt.<\/p>\n<h5><strong>Eine Anmeldung per Mail ist bis zum 28.05.19, 24:00 Uhr notwendig: <\/strong><a href=\"mailto:europe@zedat.fu-berlin.de\">europe@zedat.fu-berlin.de<\/a><\/h5>\n<p>WANN?&nbsp;&nbsp;&nbsp;&nbsp; 04. Juni 2019 | 18.00 \u2013 20.00 Uhr<\/p>\n<p>WO? &nbsp;&nbsp;&nbsp;&nbsp;&nbsp;&nbsp;&nbsp;&nbsp;&nbsp; Henry-Ford-Bau, Garystra\u00dfe 35, 14195 Berlin, Konferenzraum III<\/p>\n<p>Noch mehr Informationen zur EU bekommen Sie in unserem&nbsp;<a href=\"https:\/\/www.ub.fu-berlin.de\/bibliothek\/uneu\/\" target=\"_blank\" rel=\"noopener noreferrer\">Dokumentationszentrum UN-EU<\/a>.<\/p>","protected":false},"excerpt":{"rendered":"<p>Der Betrieb des \u201eDokumentationszentrums UN \u2013 EU\u201c wird eingestellt. Die entsprechende Literatur bleibt im Bestand und ist weiterhin zug\u00e4nglich. Am 4.6. 2019 organisiert die Arbeitsstelle f\u00fcr Europ\u00e4ische Integration des Otto-Suhr-Institutes ein \u201aKamingespr\u00e4ch\u2018 im Henry-Ford-Bau, Konferenzraum III, zum Thema Brexit und den kurz zuvor stattfindenden Wahlen zum Europ\u00e4ischen Parlament mit MdB Metin Hakverdi (SPD), Berichterstatter der &hellip; <a href=\"https:\/\/blogs.fu-berlin.de\/bibliotheken\/2019\/05\/27\/kamingespraech-zum-thema-brexit\/\" class=\"more-link\"><span class=\"screen-reader-text\">\u201eKamingespr\u00e4ch zum Thema Brexit (04.06.2019)\u201c<\/span> weiterlesen<\/a><\/p>\n","protected":false},"author":3230,"featured_media":0,"comment_status":"open","ping_status":"open","sticky":false,"template":"","format":"standard","meta":{"footnotes":""},"categories":[70],"tags":[57481,2458,218381],"class_list":["post-25142","post","type-post","status-publish","format-standard","hentry","category-veranstaltungen","tag-brexit","tag-dokumentationszentrum-un-eu","tag-europawahl-2019"],"_links":{"self":[{"href":"https:\/\/blogs.fu-berlin.de\/bibliotheken\/wp-json\/wp\/v2\/posts\/25142","targetHints":{"allow":["GET"]}}],"collection":[{"href":"https:\/\/blogs.fu-berlin.de\/bibliotheken\/wp-json\/wp\/v2\/posts"}],"about":[{"href":"https:\/\/blogs.fu-berlin.de\/bibliotheken\/wp-json\/wp\/v2\/types\/post"}],"author":[{"embeddable":true,"href":"https:\/\/blogs.fu-berlin.de\/bibliotheken\/wp-json\/wp\/v2\/users\/3230"}],"replies":[{"embeddable":true,"href":"https:\/\/blogs.fu-berlin.de\/bibliotheken\/wp-json\/wp\/v2\/comments?post=25142"}],"version-history":[{"count":4,"href":"https:\/\/blogs.fu-berlin.de\/bibliotheken\/wp-json\/wp\/v2\/posts\/25142\/revisions"}],"predecessor-version":[{"id":29635,"href":"https:\/\/blogs.fu-berlin.de\/bibliotheken\/wp-json\/wp\/v2\/posts\/25142\/revisions\/29635"}],"wp:attachment":[{"href":"https:\/\/blogs.fu-berlin.de\/bibliotheken\/wp-json\/wp\/v2\/media?parent=25142"}],"wp:term":[{"taxonomy":"category","embeddable":true,"href":"https:\/\/blogs.fu-berlin.de\/bibliotheken\/wp-json\/wp\/v2\/categories?post=25142"},{"taxonomy":"post_tag","embeddable":true,"href":"https:\/\/blogs.fu-berlin.de\/bibliotheken\/wp-json\/wp\/v2\/tags?post=25142"}],"curies":[{"name":"wp","href":"https:\/\/api.w.org\/{rel}","templated":true}]}}