{"id":25161,"date":"2019-06-06T12:00:19","date_gmt":"2019-06-06T11:00:19","guid":{"rendered":"https:\/\/blogs.fu-berlin.de\/bibliotheken\/?p=25161"},"modified":"2021-09-14T07:24:50","modified_gmt":"2021-09-14T06:24:50","slug":"europawerkstatt-05-07-juli-2019","status":"publish","type":"post","link":"https:\/\/blogs.fu-berlin.de\/bibliotheken\/2019\/06\/06\/europawerkstatt-05-07-juli-2019\/","title":{"rendered":"Europawerkstatt 05. &#8211; 07. Juli 2019"},"content":{"rendered":"\n<p><em><span class=\"has-inline-color has-bright-red-color\">Der Betrieb des \u201eDokumentationszentrums UN \u2013 EU\u201c wird eingestellt. Die entsprechende Literatur bleibt im Bestand und ist weiterhin zug\u00e4nglich.<\/span><\/em><\/p>\n\n\n<div>\n<p><figure id=\"attachment_25162\" aria-describedby=\"caption-attachment-25162\" style=\"width: 267px\" class=\"wp-caption alignright\"><img loading=\"lazy\" decoding=\"async\" class=\"wp-image-25162 \" src=\"https:\/\/blogs.fu-berlin.de\/bibliotheken\/files\/2019\/05\/Bild-von-Wolkenkrieger-auf-Pixabay-300x200.jpg\" alt=\"\" width=\"267\" height=\"178\" srcset=\"https:\/\/blogs.fu-berlin.de\/bibliotheken\/files\/2019\/05\/Bild-von-Wolkenkrieger-auf-Pixabay-300x200.jpg 300w, https:\/\/blogs.fu-berlin.de\/bibliotheken\/files\/2019\/05\/Bild-von-Wolkenkrieger-auf-Pixabay-1200x800.jpg 1200w, https:\/\/blogs.fu-berlin.de\/bibliotheken\/files\/2019\/05\/Bild-von-Wolkenkrieger-auf-Pixabay.jpg 1920w\" sizes=\"auto, (max-width: 267px) 85vw, 267px\" \/><figcaption id=\"caption-attachment-25162\" class=\"wp-caption-text\">Bild von Wolkenkrieger auf Pixabay<\/figcaption><\/figure><\/p>\n<p>Die Europawahl 2019 ist vor\u00fcber, aber Europapolitik geht nat\u00fcrlich weiter.<\/p>\n<\/div>\n<div>Wer wird Kommissionspr\u00e4sidentIn?<\/div>\n<div>Wie werden sich die Fraktionen im Europaparlament (neu) finden? Was passiert mit der Europ\u00e4ischen Rechten? Wohin wird Europa steuern? Das sind nur einige Fragen, die diskutiert werden und diskutiert werden m\u00fcssen.<\/div>\n<p>Im Rahmen der <a href=\"https:\/\/europamachen.eu\/\">#EuropaMachen<\/a> Kampagne findet vom 05. bis zum 07. Juli 2019, die <a href=\"https:\/\/europawerkstatt.eu\">Europawerkstatt 2019<\/a> statt.<\/p>\n<p>Die Europawerkstatt ist als UN-Conference gestaltet, in der die Teilnehmer*innen das Programm selbst bestimmen. Ein besonderer Fokus wird in diesem Jahr auf der Europawahl liegen. Daf\u00fcr wurden bereits spannende G\u00e4ste aus Politik und Wissenschaft eingeladen.<\/p>\n<p>\u00dcbernachtung, Verpflegung und eine Fahrkostenerstattung sind f\u00fcr einen Teilnahmebeitrag von 55 \u20ac inklusive. Eine <a href=\"https:\/\/europawerkstatt.eu\/anmeldung\/\">Anmeldung<\/a> ist erforderlich.<\/p>\n<p>Veranstaltungsort: <a href=\"https:\/\/www.hertie-school.org\/\">Hertie School of Governance<\/a>, Friedrichstra\u00dfe 180, 10117 Berlin.<\/p>\n<div>Noch mehr Informationen zur EU bekommen Sie in unserem <a href=\"https:\/\/www.ub.fu-berlin.de\/bibliothek\/uneu\/\">Dokumentationszentrum UN-EU<\/a>.<\/div>","protected":false},"excerpt":{"rendered":"<p>Der Betrieb des \u201eDokumentationszentrums UN \u2013 EU\u201c wird eingestellt. Die entsprechende Literatur bleibt im Bestand und ist weiterhin zug\u00e4nglich. Die Europawahl 2019 ist vor\u00fcber, aber Europapolitik geht nat\u00fcrlich weiter. Wer wird Kommissionspr\u00e4sidentIn? Wie werden sich die Fraktionen im Europaparlament (neu) finden? Was passiert mit der Europ\u00e4ischen Rechten? Wohin wird Europa steuern? Das sind nur einige &hellip; <a href=\"https:\/\/blogs.fu-berlin.de\/bibliotheken\/2019\/06\/06\/europawerkstatt-05-07-juli-2019\/\" class=\"more-link\"><span class=\"screen-reader-text\">\u201eEuropawerkstatt 05. &#8211; 07. Juli 2019\u201c<\/span> weiterlesen<\/a><\/p>\n","protected":false},"author":2907,"featured_media":0,"comment_status":"open","ping_status":"open","sticky":false,"template":"","format":"standard","meta":{"footnotes":""},"categories":[70],"tags":[2458,227471,218381,227469,227470],"class_list":["post-25161","post","type-post","status-publish","format-standard","hentry","category-veranstaltungen","tag-dokumentationszentrum-un-eu","tag-europapolitik","tag-europawahl-2019","tag-europawerkstatt","tag-hertie-school-of-governance"],"_links":{"self":[{"href":"https:\/\/blogs.fu-berlin.de\/bibliotheken\/wp-json\/wp\/v2\/posts\/25161","targetHints":{"allow":["GET"]}}],"collection":[{"href":"https:\/\/blogs.fu-berlin.de\/bibliotheken\/wp-json\/wp\/v2\/posts"}],"about":[{"href":"https:\/\/blogs.fu-berlin.de\/bibliotheken\/wp-json\/wp\/v2\/types\/post"}],"author":[{"embeddable":true,"href":"https:\/\/blogs.fu-berlin.de\/bibliotheken\/wp-json\/wp\/v2\/users\/2907"}],"replies":[{"embeddable":true,"href":"https:\/\/blogs.fu-berlin.de\/bibliotheken\/wp-json\/wp\/v2\/comments?post=25161"}],"version-history":[{"count":11,"href":"https:\/\/blogs.fu-berlin.de\/bibliotheken\/wp-json\/wp\/v2\/posts\/25161\/revisions"}],"predecessor-version":[{"id":29187,"href":"https:\/\/blogs.fu-berlin.de\/bibliotheken\/wp-json\/wp\/v2\/posts\/25161\/revisions\/29187"}],"wp:attachment":[{"href":"https:\/\/blogs.fu-berlin.de\/bibliotheken\/wp-json\/wp\/v2\/media?parent=25161"}],"wp:term":[{"taxonomy":"category","embeddable":true,"href":"https:\/\/blogs.fu-berlin.de\/bibliotheken\/wp-json\/wp\/v2\/categories?post=25161"},{"taxonomy":"post_tag","embeddable":true,"href":"https:\/\/blogs.fu-berlin.de\/bibliotheken\/wp-json\/wp\/v2\/tags?post=25161"}],"curies":[{"name":"wp","href":"https:\/\/api.w.org\/{rel}","templated":true}]}}