{"id":25168,"date":"2019-06-04T12:00:39","date_gmt":"2019-06-04T11:00:39","guid":{"rendered":"https:\/\/blogs.fu-berlin.de\/bibliotheken\/?p=25168"},"modified":"2021-09-14T07:25:11","modified_gmt":"2021-09-14T06:25:11","slug":"die-wahlergebnisse-der-europawahl-2019","status":"publish","type":"post","link":"https:\/\/blogs.fu-berlin.de\/bibliotheken\/2019\/06\/04\/die-wahlergebnisse-der-europawahl-2019\/","title":{"rendered":"Die Wahlergebnisse der Europawahl 2019"},"content":{"rendered":"\n<p><em><span class=\"has-inline-color has-bright-red-color\">Der Betrieb des \u201eDokumentationszentrums UN \u2013 EU\u201c wird eingestellt. Die entsprechende Literatur bleibt im Bestand und ist weiterhin zug\u00e4nglich.<\/span><\/em><\/p>\n\n\n<p><figure id=\"attachment_25180\" aria-describedby=\"caption-attachment-25180\" style=\"width: 300px\" class=\"wp-caption alignright\"><img loading=\"lazy\" decoding=\"async\" class=\"wp-image-25180 size-medium\" src=\"https:\/\/blogs.fu-berlin.de\/bibliotheken\/files\/2019\/06\/european-1615135_1920-300x121.jpg\" alt=\"\" width=\"300\" height=\"121\" srcset=\"https:\/\/blogs.fu-berlin.de\/bibliotheken\/files\/2019\/06\/european-1615135_1920-300x121.jpg 300w, https:\/\/blogs.fu-berlin.de\/bibliotheken\/files\/2019\/06\/european-1615135_1920-1200x483.jpg 1200w, https:\/\/blogs.fu-berlin.de\/bibliotheken\/files\/2019\/06\/european-1615135_1920.jpg 1920w\" sizes=\"auto, (max-width: 300px) 85vw, 300px\" \/><figcaption id=\"caption-attachment-25180\" class=\"wp-caption-text\">Bild von Bruno Gl\u00e4tsch auf Pixabay<\/figcaption><\/figure><\/p>\n<p>Europa hat gew\u00e4hlt. Die <a href=\"https:\/\/www.election-results.eu\">Wahlbeteiligung<\/a> lag europaweit bei 50,97 %, die h\u00f6chste Wahlbeteiligung bei Europawahlen seit 1999. Am h\u00f6chsten lag sie in Belgien mit 88, 47 %, am niedrigsten in der Slowakei mit 22, 74 %. In Deutschland haben 61,41 % der Wahlberechtigten ihre Stimme abgegeben.<\/p>\n<p>Alle Ergebnisse der Europawahl f\u00fcr ganz Europa k\u00f6nnen Sie <a href=\"https:\/\/www.election-results.eu\">hier<\/a> einsehen.<\/p>\n<p>Die Wahlergebnisse der Europawahl 2019 f\u00fcr Deutschland k\u00f6nnen Sie <a href=\"https:\/\/www.bundeswahlleiter.de\/europawahlen\/2019\/ergebnisse.html\">hier<\/a> im Detail nachvollziehen.<\/p>\n<p>Der n\u00e4chste, entscheidende Schritt wird die Wahl des\/der Kommissionspr\u00e4sident\/in sein. Sie\/Er ist Vorsitzende\/r der Europ\u00e4ischen Kommission, sie\/er wird vom Europ\u00e4ischen Rat nominiert und durch das Europ\u00e4ische Parlament f\u00fcr f\u00fcnf Jahre gew\u00e4hlt. Sie\/Er gibt die Leitlinien der Kommissionsarbeit vor und soll f\u00fcr eine effektive und kollegiale Arbeitsorganisation der Kommission sorgen. Als Oberhaupt der Exekutive ist ihr\/sein Amt mit dem eines\/einer Regierungschefs\/in auf nationaler Ebene zu vergleichen.<\/p>\n<p>Und so funktioniert die <a href=\"https:\/\/www.europarl.europa.eu\/news\/de\/headlines\/eu-affairs\/20190523STO52405\/infographic-how-the-next-european-parliament-president-will-be-elected\">Wahl des\/der Kommissionspr\u00e4sidenten\/in<\/a>:<\/p>\n<ul>\n<li>Der Pr\u00e4sident des Europ\u00e4ischen Rates ber\u00e4t sich mit dem Europaparlament \u00fcber m\u00f6gliche Kandidaten f\u00fcr den\/die Pr\u00e4sidenten\/in der Kommission &#8211; unter Ber\u00fccksichtigung der Wahlergebnisse.<\/li>\n<li>Nach dieser Beratung schl\u00e4gt der Pr\u00e4sident des Europ\u00e4ischen Rates den Staats- und Regierungschefs der EU einen\/eine Kandidaten\/in vor.<\/li>\n<li>Die&nbsp;Staats- und Regierungschefs der EU entscheiden sich nach dem Vorschlag f\u00fcr einen\/eine Kandidaten\/in mit qualifizierter Mehrheit.<\/li>\n<li>Wahl des\/der Kommissionspr\u00e4sidenten\/in durch das Europ\u00e4ische Parlament mit einfacher Mehrheit (mindestens 376 Stimmen)<\/li>\n<\/ul>\n<p>Noch mehr Informationen zur EU bekommen Sie in unserem <a href=\"https:\/\/www.ub.fu-berlin.de\/bibliothek\/uneu\/\">Dokumentationszentrum UN-EU<\/a>.<\/p>\n<p>&nbsp;<\/p>","protected":false},"excerpt":{"rendered":"<p>Der Betrieb des \u201eDokumentationszentrums UN \u2013 EU\u201c wird eingestellt. Die entsprechende Literatur bleibt im Bestand und ist weiterhin zug\u00e4nglich. Europa hat gew\u00e4hlt. Die Wahlbeteiligung lag europaweit bei 50,97 %, die h\u00f6chste Wahlbeteiligung bei Europawahlen seit 1999. Am h\u00f6chsten lag sie in Belgien mit 88, 47 %, am niedrigsten in der Slowakei mit 22, 74 %. &hellip; <a href=\"https:\/\/blogs.fu-berlin.de\/bibliotheken\/2019\/06\/04\/die-wahlergebnisse-der-europawahl-2019\/\" class=\"more-link\"><span class=\"screen-reader-text\">\u201eDie Wahlergebnisse der Europawahl 2019\u201c<\/span> weiterlesen<\/a><\/p>\n","protected":false},"author":2907,"featured_media":0,"comment_status":"open","ping_status":"open","sticky":false,"template":"","format":"standard","meta":{"footnotes":""},"categories":[9],"tags":[2458,218381,227473,227472],"class_list":["post-25168","post","type-post","status-publish","format-standard","hentry","category-allgemein","tag-dokumentationszentrum-un-eu","tag-europawahl-2019","tag-wahl-des-der-kommissionspraesidenten-in","tag-wahlergebnisse"],"_links":{"self":[{"href":"https:\/\/blogs.fu-berlin.de\/bibliotheken\/wp-json\/wp\/v2\/posts\/25168","targetHints":{"allow":["GET"]}}],"collection":[{"href":"https:\/\/blogs.fu-berlin.de\/bibliotheken\/wp-json\/wp\/v2\/posts"}],"about":[{"href":"https:\/\/blogs.fu-berlin.de\/bibliotheken\/wp-json\/wp\/v2\/types\/post"}],"author":[{"embeddable":true,"href":"https:\/\/blogs.fu-berlin.de\/bibliotheken\/wp-json\/wp\/v2\/users\/2907"}],"replies":[{"embeddable":true,"href":"https:\/\/blogs.fu-berlin.de\/bibliotheken\/wp-json\/wp\/v2\/comments?post=25168"}],"version-history":[{"count":5,"href":"https:\/\/blogs.fu-berlin.de\/bibliotheken\/wp-json\/wp\/v2\/posts\/25168\/revisions"}],"predecessor-version":[{"id":29189,"href":"https:\/\/blogs.fu-berlin.de\/bibliotheken\/wp-json\/wp\/v2\/posts\/25168\/revisions\/29189"}],"wp:attachment":[{"href":"https:\/\/blogs.fu-berlin.de\/bibliotheken\/wp-json\/wp\/v2\/media?parent=25168"}],"wp:term":[{"taxonomy":"category","embeddable":true,"href":"https:\/\/blogs.fu-berlin.de\/bibliotheken\/wp-json\/wp\/v2\/categories?post=25168"},{"taxonomy":"post_tag","embeddable":true,"href":"https:\/\/blogs.fu-berlin.de\/bibliotheken\/wp-json\/wp\/v2\/tags?post=25168"}],"curies":[{"name":"wp","href":"https:\/\/api.w.org\/{rel}","templated":true}]}}