{"id":25204,"date":"2019-06-12T08:00:28","date_gmt":"2019-06-12T07:00:28","guid":{"rendered":"https:\/\/blogs.fu-berlin.de\/bibliotheken\/?p=25204"},"modified":"2021-09-16T13:39:43","modified_gmt":"2021-09-16T12:39:43","slug":"lange-nacht-der-wissenschaften-2019-wir-sind-dabei","status":"publish","type":"post","link":"https:\/\/blogs.fu-berlin.de\/bibliotheken\/2019\/06\/12\/lange-nacht-der-wissenschaften-2019-wir-sind-dabei\/","title":{"rendered":"Lange Nacht der Wissenschaften 2019 &#8211; wir sind dabei!"},"content":{"rendered":"\n<p><em><span class=\"has-inline-color has-bright-red-color\">Der Betrieb des \u201eDokumentationszentrums UN \u2013 EU\u201c wird eingestellt. Die entsprechende Literatur bleibt im Bestand und ist weiterhin zug\u00e4nglich.<\/span><\/em><\/p>\n\n\n<p><figure id=\"attachment_25212\" aria-describedby=\"caption-attachment-25212\" style=\"width: 300px\" class=\"wp-caption alignright\"><img loading=\"lazy\" decoding=\"async\" class=\"size-medium wp-image-25212\" src=\"https:\/\/blogs.fu-berlin.de\/bibliotheken\/files\/2019\/06\/20190219_EP-084215E_JVV_316-300x200.jpg\" alt=\"\" width=\"300\" height=\"200\" srcset=\"https:\/\/blogs.fu-berlin.de\/bibliotheken\/files\/2019\/06\/20190219_EP-084215E_JVV_316-300x200.jpg 300w, https:\/\/blogs.fu-berlin.de\/bibliotheken\/files\/2019\/06\/20190219_EP-084215E_JVV_316-1200x799.jpg 1200w\" sizes=\"auto, (max-width: 300px) 85vw, 300px\" \/><figcaption id=\"caption-attachment-25212\" class=\"wp-caption-text\">Bildquelle: EP \/ Jan van de Vel<\/figcaption><\/figure><\/p>\n<p>Am 15.06. findet die diesj\u00e4hrige <a href=\"https:\/\/www.langenachtderwissenschaften.de\/\">Lange Nacht der Wissenschaften<\/a> in Berlin statt. Die Freie Universit\u00e4t Berlin wird als eine von 69 Lehr- und Forschungseinrichtungen in Berlin und Potsdam ein vielf\u00e4ltiges <a href=\"https:\/\/www.fu-berlin.de\/sites\/langenacht\">Programm<\/a> f\u00fcr Sie bereitstellen.<\/p>\n<p>Auch die Universit\u00e4tsbibliothek &#8211; vertreten durch das Dokumentationszentrum Vereinte Nationen \u2013 Europ\u00e4ische Union &#8211; wird an der Langen Nacht der Wissenschaften teilnehmen. Sie finden uns an einem Stand (L24 im Flur), an dem Sie ein neues, interaktives Spiel testen k\u00f6nnen. Dort k\u00f6nnen Sie ihr <a href=\"https:\/\/www.fu-berlin.de\/sites\/langenacht\/programm\/polsoz\/un_eu\/index.html\">&#8222;eigenes Europa&#8220;<\/a> bauen. Sie ben\u00f6tigen nur ein Smartphone oder Tablet und ein wenig Zeit, um die Gelegenheit zu bekommen, etwas zu gewinnen. Um 18 Uhr und um 20 Uhr sind jeweils Spielrunden angesetzt, aber auch spontane Spielteilnehmerinnen und -teilnehmer sind am Tisch des Dokumentationszentrums UN-EU herzlich willkommen. Wir freuen uns auf Sie!<\/p>\n<p>Noch mehr Informationen zur EU bekommen Sie in unserem <a href=\"https:\/\/www.ub.fu-berlin.de\/bibliothek\/uneu\/\">Dokumentationszentrum UN-EU<\/a>.<\/p>","protected":false},"excerpt":{"rendered":"<p>Der Betrieb des \u201eDokumentationszentrums UN \u2013 EU\u201c wird eingestellt. Die entsprechende Literatur bleibt im Bestand und ist weiterhin zug\u00e4nglich. Am 15.06. findet die diesj\u00e4hrige Lange Nacht der Wissenschaften in Berlin statt. Die Freie Universit\u00e4t Berlin wird als eine von 69 Lehr- und Forschungseinrichtungen in Berlin und Potsdam ein vielf\u00e4ltiges Programm f\u00fcr Sie bereitstellen. Auch die &hellip; <a href=\"https:\/\/blogs.fu-berlin.de\/bibliotheken\/2019\/06\/12\/lange-nacht-der-wissenschaften-2019-wir-sind-dabei\/\" class=\"more-link\"><span class=\"screen-reader-text\">\u201eLange Nacht der Wissenschaften 2019 &#8211; wir sind dabei!\u201c<\/span> weiterlesen<\/a><\/p>\n","protected":false},"author":3230,"featured_media":0,"comment_status":"open","ping_status":"open","sticky":false,"template":"","format":"standard","meta":{"footnotes":""},"categories":[9],"tags":[2458,74,1542,772,227478],"class_list":["post-25204","post","type-post","status-publish","format-standard","hentry","category-allgemein","tag-dokumentationszentrum-un-eu","tag-freie-universitat-berlin","tag-kultur","tag-lange-nacht-der-wissenschaften","tag-lange-nacht-der-wissenschaften-2019"],"_links":{"self":[{"href":"https:\/\/blogs.fu-berlin.de\/bibliotheken\/wp-json\/wp\/v2\/posts\/25204","targetHints":{"allow":["GET"]}}],"collection":[{"href":"https:\/\/blogs.fu-berlin.de\/bibliotheken\/wp-json\/wp\/v2\/posts"}],"about":[{"href":"https:\/\/blogs.fu-berlin.de\/bibliotheken\/wp-json\/wp\/v2\/types\/post"}],"author":[{"embeddable":true,"href":"https:\/\/blogs.fu-berlin.de\/bibliotheken\/wp-json\/wp\/v2\/users\/3230"}],"replies":[{"embeddable":true,"href":"https:\/\/blogs.fu-berlin.de\/bibliotheken\/wp-json\/wp\/v2\/comments?post=25204"}],"version-history":[{"count":6,"href":"https:\/\/blogs.fu-berlin.de\/bibliotheken\/wp-json\/wp\/v2\/posts\/25204\/revisions"}],"predecessor-version":[{"id":29633,"href":"https:\/\/blogs.fu-berlin.de\/bibliotheken\/wp-json\/wp\/v2\/posts\/25204\/revisions\/29633"}],"wp:attachment":[{"href":"https:\/\/blogs.fu-berlin.de\/bibliotheken\/wp-json\/wp\/v2\/media?parent=25204"}],"wp:term":[{"taxonomy":"category","embeddable":true,"href":"https:\/\/blogs.fu-berlin.de\/bibliotheken\/wp-json\/wp\/v2\/categories?post=25204"},{"taxonomy":"post_tag","embeddable":true,"href":"https:\/\/blogs.fu-berlin.de\/bibliotheken\/wp-json\/wp\/v2\/tags?post=25204"}],"curies":[{"name":"wp","href":"https:\/\/api.w.org\/{rel}","templated":true}]}}