{"id":25218,"date":"2019-06-16T10:04:52","date_gmt":"2019-06-16T09:04:52","guid":{"rendered":"https:\/\/blogs.fu-berlin.de\/bibliotheken\/?p=25218"},"modified":"2021-09-14T07:24:28","modified_gmt":"2021-09-14T06:24:28","slug":"hochkommissar-des-un-fluechtlingshilfswerks-filippo-grandi-haelt-grundsatzrede-an-der-freien-universitaet-berlin","status":"publish","type":"post","link":"https:\/\/blogs.fu-berlin.de\/bibliotheken\/2019\/06\/16\/hochkommissar-des-un-fluechtlingshilfswerks-filippo-grandi-haelt-grundsatzrede-an-der-freien-universitaet-berlin\/","title":{"rendered":"Hochkommissar des UN-Fl\u00fcchtlingshilfswerks, Filippo Grandi,  h\u00e4lt Grundsatzrede an der Freien Universit\u00e4t Berlin"},"content":{"rendered":"\n<p><em><span class=\"has-inline-color has-bright-red-color\">Der Betrieb des \u201eDokumentationszentrums UN \u2013 EU\u201c wird eingestellt. Die entsprechende Literatur bleibt im Bestand und ist weiterhin zug\u00e4nglich.<\/span><\/em><\/p>\n\n\n<p>Am 18. Juni 2019 spricht der <a href=\"https:\/\/www.unhcr.org\/dach\/de\/ueber-uns\/der-hochkommissar\">Hochkommissar des Fl\u00fcchtlingshilfswerks der Vereinten Nationen<\/a> (<a href=\"https:\/\/www.unhcr.org\/\">UNHCR<\/a>), Filippo Grandi, \u00fcber die weltweiten Fl\u00fcchtlingssituationen und aktuelle Herausforderungen beim Fl\u00fcchtlingsschutz. Der Titel seines in Englisch gehaltenen Vortrags lautet: &#8222;Is there a global refugee crisis? Or is solidarity in crisis?&#8220; Im Anschluss debattiert er mit Studierenden.<\/p>\n<p>Die Veranstaltung ist eine Kooperation des UNHCR und des <a href=\"https:\/\/www.fu-berlin.de\/international\/profile\/cic\/index.html\"><em>Center for International Cooperation<\/em> der Freien Universit\u00e4t<\/a>; der Eintritt ist frei. Die Vorlesung findet im Rahmen der <a href=\"https:\/\/www.fu-berlin.de\/sites\/internationalweek\/index.html\">International Week<\/a> der Freien Universit\u00e4t statt.<\/p>\n<p>Begr\u00fc\u00dfung und Einf\u00fchrung: Univ.-Prof. Dr. Verena Blechinger-Talcott, Vizepr\u00e4sidentin der Freien Universit\u00e4t.<\/p>\n<p>Moderator: Jaafar Abdul-Karim (u.a. <em>Shabab Talk<\/em> der Deutschen Welle)<\/p>\n<p>Beginn: <strong>16.15 Uhr<\/strong><\/p>\n<p>Veranstaltungsort: <strong>Henry-Ford-Bau der Freien Universit\u00e4t Berlin (H\u00f6rsaal A)<\/strong>, Garystra\u00dfe 35 (14195 Berlin, U-Bhf. Freie Universit\u00e4t\/Thielplatz, U3)<\/p>\n<p>Noch mehr Informationen zur UN bekommen Sie in unserem <a href=\"https:\/\/www.ub.fu-berlin.de\/bibliothek\/uneu\/\">Dokumentationszentrum UN-EU<\/a>.<\/p>","protected":false},"excerpt":{"rendered":"<p>Der Betrieb des \u201eDokumentationszentrums UN \u2013 EU\u201c wird eingestellt. Die entsprechende Literatur bleibt im Bestand und ist weiterhin zug\u00e4nglich. Am 18. Juni 2019 spricht der Hochkommissar des Fl\u00fcchtlingshilfswerks der Vereinten Nationen (UNHCR), Filippo Grandi, \u00fcber die weltweiten Fl\u00fcchtlingssituationen und aktuelle Herausforderungen beim Fl\u00fcchtlingsschutz. Der Titel seines in Englisch gehaltenen Vortrags lautet: &#8222;Is there a global &hellip; <a href=\"https:\/\/blogs.fu-berlin.de\/bibliotheken\/2019\/06\/16\/hochkommissar-des-un-fluechtlingshilfswerks-filippo-grandi-haelt-grundsatzrede-an-der-freien-universitaet-berlin\/\" class=\"more-link\"><span class=\"screen-reader-text\">\u201eHochkommissar des UN-Fl\u00fcchtlingshilfswerks, Filippo Grandi,  h\u00e4lt Grundsatzrede an der Freien Universit\u00e4t Berlin\u201c<\/span> weiterlesen<\/a><\/p>\n","protected":false},"author":2907,"featured_media":0,"comment_status":"open","ping_status":"open","sticky":false,"template":"","format":"standard","meta":{"footnotes":""},"categories":[9],"tags":[227481,2458,227480,227479],"class_list":["post-25218","post","type-post","status-publish","format-standard","hentry","category-allgemein","tag-center-for-international-cooperation-der-freien-universitaet","tag-dokumentationszentrum-un-eu","tag-hochkommissar-des-fluechtlingshilfswerks-der-vereinten-nationen","tag-unhcr"],"_links":{"self":[{"href":"https:\/\/blogs.fu-berlin.de\/bibliotheken\/wp-json\/wp\/v2\/posts\/25218","targetHints":{"allow":["GET"]}}],"collection":[{"href":"https:\/\/blogs.fu-berlin.de\/bibliotheken\/wp-json\/wp\/v2\/posts"}],"about":[{"href":"https:\/\/blogs.fu-berlin.de\/bibliotheken\/wp-json\/wp\/v2\/types\/post"}],"author":[{"embeddable":true,"href":"https:\/\/blogs.fu-berlin.de\/bibliotheken\/wp-json\/wp\/v2\/users\/2907"}],"replies":[{"embeddable":true,"href":"https:\/\/blogs.fu-berlin.de\/bibliotheken\/wp-json\/wp\/v2\/comments?post=25218"}],"version-history":[{"count":10,"href":"https:\/\/blogs.fu-berlin.de\/bibliotheken\/wp-json\/wp\/v2\/posts\/25218\/revisions"}],"predecessor-version":[{"id":29185,"href":"https:\/\/blogs.fu-berlin.de\/bibliotheken\/wp-json\/wp\/v2\/posts\/25218\/revisions\/29185"}],"wp:attachment":[{"href":"https:\/\/blogs.fu-berlin.de\/bibliotheken\/wp-json\/wp\/v2\/media?parent=25218"}],"wp:term":[{"taxonomy":"category","embeddable":true,"href":"https:\/\/blogs.fu-berlin.de\/bibliotheken\/wp-json\/wp\/v2\/categories?post=25218"},{"taxonomy":"post_tag","embeddable":true,"href":"https:\/\/blogs.fu-berlin.de\/bibliotheken\/wp-json\/wp\/v2\/tags?post=25218"}],"curies":[{"name":"wp","href":"https:\/\/api.w.org\/{rel}","templated":true}]}}