{"id":25287,"date":"2019-07-15T06:42:18","date_gmt":"2019-07-15T05:42:18","guid":{"rendered":"https:\/\/blogs.fu-berlin.de\/bibliotheken\/?p=25287"},"modified":"2021-09-14T07:22:17","modified_gmt":"2021-09-14T06:22:17","slug":"interaktiver-europaeischer-luftqualitaetsindex","status":"publish","type":"post","link":"https:\/\/blogs.fu-berlin.de\/bibliotheken\/2019\/07\/15\/interaktiver-europaeischer-luftqualitaetsindex\/","title":{"rendered":"Interaktiver Europ\u00e4ischer Luftqualit\u00e4tsindex"},"content":{"rendered":"\n<p><em><span class=\"has-inline-color has-bright-red-color\">Der Betrieb des \u201eDokumentationszentrums UN \u2013 EU\u201c wird eingestellt. Die entsprechende Literatur bleibt im Bestand und ist weiterhin zug\u00e4nglich.<\/span><\/em><\/p>\n\n\n<p><figure id=\"attachment_25309\" aria-describedby=\"caption-attachment-25309\" style=\"width: 200px\" class=\"wp-caption alignright\"><img loading=\"lazy\" decoding=\"async\" class=\"size-medium wp-image-25309\" src=\"https:\/\/blogs.fu-berlin.de\/bibliotheken\/files\/2019\/07\/architectural-design-architecture-asphalt-2403173-200x300.jpg\" alt=\"\" width=\"200\" height=\"300\" srcset=\"https:\/\/blogs.fu-berlin.de\/bibliotheken\/files\/2019\/07\/architectural-design-architecture-asphalt-2403173-200x300.jpg 200w, https:\/\/blogs.fu-berlin.de\/bibliotheken\/files\/2019\/07\/architectural-design-architecture-asphalt-2403173-1200x1800.jpg 1200w\" sizes=\"auto, (max-width: 200px) 85vw, 200px\" \/><figcaption id=\"caption-attachment-25309\" class=\"wp-caption-text\">Quelle: by Yente Van Eynde from Pexels<\/figcaption><\/figure><\/p>\n<p>Der Europ\u00e4ische Luftqualit\u00e4tsindex der <a href=\"https:\/\/www.eea.europa.eu\/de\">Europ\u00e4ischen Umweltagentur (EUA)<\/a> und der Europ\u00e4ischen Kommission ist eine <a href=\"http:\/\/airindex.eea.europa.eu\/#_blank\">interaktive Landkarte<\/a>, mit der die f\u00fcnf gef\u00e4hrlichsten Luft-Schadstoffen f\u00fcr Mensch und Umwelt (Feinstaub (PM<sub>2,5<\/sub> und PM<sub>10<\/sub>), bodennahes Ozon (O<sub>3<\/sub>), Stickstoffdioxid (NO<sub>2<\/sub>) und Schwefeldioxid (SO<sub>2<\/sub>) durch Messstationen angezeigt werden. Der Index zeigt f\u00fcr jede Messstation eine Gesamtbewertung an, die durch einen farbigen Punkt auf der Landkarte gekennzeichnet wird. Die Farbe richtet sich nach der schlechtesten Einstufung f\u00fcr einen der f\u00fcnf Schadstoffe.<\/p>\n<p>Mehr als 2000 \u00dcberwachungsstationen in ganz Europa werden im <a href=\"http:\/\/airindex.eea.europa.eu\/#_blank\">Europ\u00e4ischen Luftqualit\u00e4tsindex<\/a> ausgewertet &#8211; die Grundlage daf\u00fcr bieten&nbsp; Luftqualit\u00e4tsmessungen durch diese Stationen. So k\u00f6nnen Sie als Nutzerinnen und Nutzer die Luftqualit\u00e4t in Ihrer Stadt \/ Region tagesaktuell auslesen.<\/p>\n<p>Der aktuelle <a href=\"https:\/\/publications.europa.eu\/s\/mkMU\">&#8222;Air quality in Europe&#8220;<\/a> Report von 2018 ist kostenlos auf den Webseiten des EU-Bookshops bestellbar. Sie k\u00f6nnen dort auch eine papierlose Version einsehen oder das pdf herunterladen.<\/p>\n<p>Noch mehr Informationen zur EU bekommen Sie in unserem <a href=\"https:\/\/www.ub.fu-berlin.de\/bibliothek\/uneu\/\">Dokumentationszentrum UN-EU<\/a>.<\/p>","protected":false},"excerpt":{"rendered":"<p>Der Betrieb des \u201eDokumentationszentrums UN \u2013 EU\u201c wird eingestellt. Die entsprechende Literatur bleibt im Bestand und ist weiterhin zug\u00e4nglich. Der Europ\u00e4ische Luftqualit\u00e4tsindex der Europ\u00e4ischen Umweltagentur (EUA) und der Europ\u00e4ischen Kommission ist eine interaktive Landkarte, mit der die f\u00fcnf gef\u00e4hrlichsten Luft-Schadstoffen f\u00fcr Mensch und Umwelt (Feinstaub (PM2,5 und PM10), bodennahes Ozon (O3), Stickstoffdioxid (NO2) und Schwefeldioxid &hellip; <a href=\"https:\/\/blogs.fu-berlin.de\/bibliotheken\/2019\/07\/15\/interaktiver-europaeischer-luftqualitaetsindex\/\" class=\"more-link\"><span class=\"screen-reader-text\">\u201eInteraktiver Europ\u00e4ischer Luftqualit\u00e4tsindex\u201c<\/span> weiterlesen<\/a><\/p>\n","protected":false},"author":3230,"featured_media":0,"comment_status":"open","ping_status":"open","sticky":false,"template":"","format":"standard","meta":{"footnotes":""},"categories":[604,492],"tags":[2458,1977,227495,227496],"class_list":["post-25287","post","type-post","status-publish","format-standard","hentry","category-ins-netz-geschaut","category-literaturtipps","tag-dokumentationszentrum-un-eu","tag-europaische-union","tag-luftqualitaet","tag-umweltagentur"],"_links":{"self":[{"href":"https:\/\/blogs.fu-berlin.de\/bibliotheken\/wp-json\/wp\/v2\/posts\/25287","targetHints":{"allow":["GET"]}}],"collection":[{"href":"https:\/\/blogs.fu-berlin.de\/bibliotheken\/wp-json\/wp\/v2\/posts"}],"about":[{"href":"https:\/\/blogs.fu-berlin.de\/bibliotheken\/wp-json\/wp\/v2\/types\/post"}],"author":[{"embeddable":true,"href":"https:\/\/blogs.fu-berlin.de\/bibliotheken\/wp-json\/wp\/v2\/users\/3230"}],"replies":[{"embeddable":true,"href":"https:\/\/blogs.fu-berlin.de\/bibliotheken\/wp-json\/wp\/v2\/comments?post=25287"}],"version-history":[{"count":5,"href":"https:\/\/blogs.fu-berlin.de\/bibliotheken\/wp-json\/wp\/v2\/posts\/25287\/revisions"}],"predecessor-version":[{"id":29175,"href":"https:\/\/blogs.fu-berlin.de\/bibliotheken\/wp-json\/wp\/v2\/posts\/25287\/revisions\/29175"}],"wp:attachment":[{"href":"https:\/\/blogs.fu-berlin.de\/bibliotheken\/wp-json\/wp\/v2\/media?parent=25287"}],"wp:term":[{"taxonomy":"category","embeddable":true,"href":"https:\/\/blogs.fu-berlin.de\/bibliotheken\/wp-json\/wp\/v2\/categories?post=25287"},{"taxonomy":"post_tag","embeddable":true,"href":"https:\/\/blogs.fu-berlin.de\/bibliotheken\/wp-json\/wp\/v2\/tags?post=25287"}],"curies":[{"name":"wp","href":"https:\/\/api.w.org\/{rel}","templated":true}]}}