{"id":25311,"date":"2019-07-18T09:54:27","date_gmt":"2019-07-18T08:54:27","guid":{"rendered":"https:\/\/blogs.fu-berlin.de\/bibliotheken\/?p=25311"},"modified":"2021-09-14T07:22:44","modified_gmt":"2021-09-14T06:22:44","slug":"groesse-der-fraktionen-im-europaeischen-parlament","status":"publish","type":"post","link":"https:\/\/blogs.fu-berlin.de\/bibliotheken\/2019\/07\/18\/groesse-der-fraktionen-im-europaeischen-parlament\/","title":{"rendered":"Gr\u00f6\u00dfe der Fraktionen im Europ\u00e4ischen Parlament"},"content":{"rendered":"\n<p><em><span class=\"has-inline-color has-bright-red-color\">Der Betrieb des \u201eDokumentationszentrums UN \u2013 EU\u201c wird eingestellt. Die entsprechende Literatur bleibt im Bestand und ist weiterhin zug\u00e4nglich.<\/span><\/em><\/p>\n\n\n<p><figure id=\"attachment_24476\" aria-describedby=\"caption-attachment-24476\" style=\"width: 300px\" class=\"wp-caption alignright\"><img loading=\"lazy\" decoding=\"async\" class=\"size-medium wp-image-24476\" src=\"https:\/\/blogs.fu-berlin.de\/bibliotheken\/files\/2019\/01\/frederic-koberl-975747-unsplash-300x200.jpg\" alt=\"\" width=\"300\" height=\"200\" srcset=\"https:\/\/blogs.fu-berlin.de\/bibliotheken\/files\/2019\/01\/frederic-koberl-975747-unsplash-300x200.jpg 300w, https:\/\/blogs.fu-berlin.de\/bibliotheken\/files\/2019\/01\/frederic-koberl-975747-unsplash-1200x799.jpg 1200w\" sizes=\"auto, (max-width: 300px) 85vw, 300px\" \/><figcaption id=\"caption-attachment-24476\" class=\"wp-caption-text\">Quelle: https:\/\/unsplash.com\/photos\/x_0hW-KaCgI<\/figcaption><\/figure><\/p>\n<p>Im Europ\u00e4ischen Parlament sitzen die Mitglieder (MdEP) in Fraktionen, deren Anh\u00e4nger aus mehreren L\u00e4ndern stammen und sich auf der Grundlage ihrer politischen Zugeh\u00f6rigkeit zusammenfinden. Im Moment gibt es sieben Fraktionen im Parlament, sowie die fraktionslosen Mitglieder.<\/p>\n<p>Die Fraktionen:<\/p>\n<p id=\"firstHeading\" class=\"firstHeading\" lang=\"de\"><a href=\"https:\/\/www.eppgroup.eu\/de\/\">Fraktion der Europ\u00e4ischen Volkspartei:<\/a> 182 Mitglieder<\/p>\n<p id=\"firstHeading\" class=\"firstHeading\" lang=\"de\"><a href=\"https:\/\/www.socialistsanddemocrats.eu\/de\">Fraktion der Progressiven Allianz der Sozialdemokraten:<\/a> 153 Mitglieder<\/p>\n<p id=\"firstHeading\" class=\"firstHeading\" lang=\"de\"><a href=\"https:\/\/teameurope.eu\/\">Renew Europe:<\/a> 108 Mitglieder<\/p>\n<p id=\"firstHeading\" class=\"firstHeading\" lang=\"de\"><a href=\"https:\/\/www.greens-efa.eu\/de\/our-group\/die-gruenen-efa\/\">Die Gr\u00fcnen\/Europ\u00e4ische Freie Allianz:<\/a> 74 Mitglieder<\/p>\n<p id=\"firstHeading\" class=\"firstHeading\" lang=\"de\">Identit\u00e4t und Demokratie: 73 Mitglieder<\/p>\n<p id=\"firstHeading\" class=\"firstHeading\" lang=\"de\"><a href=\"https:\/\/ecrgroup.eu\/\">Europ\u00e4ische Konservative und Reformer:<\/a> 62 Mitglieder<\/p>\n<p id=\"firstHeading\" class=\"firstHeading\" lang=\"de\"><a href=\"https:\/\/www.guengl.eu\/\">Konf\u00f6derale Fraktion der Vereinten Europ\u00e4ischen Linken\/Nordische Gr\u00fcne Linke:<\/a> 41 Mitglieder<\/p>\n<p lang=\"de\">Dar\u00fcber hinaus gibt es momentan (Stand 14.07.2019) 54 fraktionslose Mitglieder im Europ\u00e4ischen Parlament. Bitte beachten Sie, dass sich diese Zahlen \u00e4ndern k\u00f6nnen.<\/p>\n<p>Noch mehr Informationen zur EU bekommen Sie in unserem <a href=\"https:\/\/www.ub.fu-berlin.de\/bibliothek\/uneu\/\">Dokumentationszentrum UN-EU<\/a>.<\/p>","protected":false},"excerpt":{"rendered":"<p>Der Betrieb des \u201eDokumentationszentrums UN \u2013 EU\u201c wird eingestellt. Die entsprechende Literatur bleibt im Bestand und ist weiterhin zug\u00e4nglich. Im Europ\u00e4ischen Parlament sitzen die Mitglieder (MdEP) in Fraktionen, deren Anh\u00e4nger aus mehreren L\u00e4ndern stammen und sich auf der Grundlage ihrer politischen Zugeh\u00f6rigkeit zusammenfinden. Im Moment gibt es sieben Fraktionen im Parlament, sowie die fraktionslosen Mitglieder. &hellip; <a href=\"https:\/\/blogs.fu-berlin.de\/bibliotheken\/2019\/07\/18\/groesse-der-fraktionen-im-europaeischen-parlament\/\" class=\"more-link\"><span class=\"screen-reader-text\">\u201eGr\u00f6\u00dfe der Fraktionen im Europ\u00e4ischen Parlament\u201c<\/span> weiterlesen<\/a><\/p>\n","protected":false},"author":3230,"featured_media":0,"comment_status":"open","ping_status":"open","sticky":false,"template":"","format":"standard","meta":{"footnotes":""},"categories":[9],"tags":[2458,1977,56944,218381,227438],"class_list":["post-25311","post","type-post","status-publish","format-standard","hentry","category-allgemein","tag-dokumentationszentrum-un-eu","tag-europaische-union","tag-europaeisches-parlament","tag-europawahl-2019","tag-informationen-zur-europawahl"],"_links":{"self":[{"href":"https:\/\/blogs.fu-berlin.de\/bibliotheken\/wp-json\/wp\/v2\/posts\/25311","targetHints":{"allow":["GET"]}}],"collection":[{"href":"https:\/\/blogs.fu-berlin.de\/bibliotheken\/wp-json\/wp\/v2\/posts"}],"about":[{"href":"https:\/\/blogs.fu-berlin.de\/bibliotheken\/wp-json\/wp\/v2\/types\/post"}],"author":[{"embeddable":true,"href":"https:\/\/blogs.fu-berlin.de\/bibliotheken\/wp-json\/wp\/v2\/users\/3230"}],"replies":[{"embeddable":true,"href":"https:\/\/blogs.fu-berlin.de\/bibliotheken\/wp-json\/wp\/v2\/comments?post=25311"}],"version-history":[{"count":8,"href":"https:\/\/blogs.fu-berlin.de\/bibliotheken\/wp-json\/wp\/v2\/posts\/25311\/revisions"}],"predecessor-version":[{"id":29177,"href":"https:\/\/blogs.fu-berlin.de\/bibliotheken\/wp-json\/wp\/v2\/posts\/25311\/revisions\/29177"}],"wp:attachment":[{"href":"https:\/\/blogs.fu-berlin.de\/bibliotheken\/wp-json\/wp\/v2\/media?parent=25311"}],"wp:term":[{"taxonomy":"category","embeddable":true,"href":"https:\/\/blogs.fu-berlin.de\/bibliotheken\/wp-json\/wp\/v2\/categories?post=25311"},{"taxonomy":"post_tag","embeddable":true,"href":"https:\/\/blogs.fu-berlin.de\/bibliotheken\/wp-json\/wp\/v2\/tags?post=25311"}],"curies":[{"name":"wp","href":"https:\/\/api.w.org\/{rel}","templated":true}]}}