{"id":25405,"date":"2019-08-20T20:06:47","date_gmt":"2019-08-20T19:06:47","guid":{"rendered":"https:\/\/blogs.fu-berlin.de\/bibliotheken\/?p=25405"},"modified":"2019-09-17T12:33:29","modified_gmt":"2019-09-17T11:33:29","slug":"longlist-fuer-den-deutschen-buchpreis-2019-veroeffentlicht","status":"publish","type":"post","link":"https:\/\/blogs.fu-berlin.de\/bibliotheken\/2019\/08\/20\/longlist-fuer-den-deutschen-buchpreis-2019-veroeffentlicht\/","title":{"rendered":"Longlist f\u00fcr den Deutschen Buchpreis 2019 ver\u00f6ffentlicht"},"content":{"rendered":"<p><a href=\"https:\/\/www.deutscher-buchpreis.de\/\"><img loading=\"lazy\" decoding=\"async\" class=\"alignright wp-image-25409 size-full\" src=\"https:\/\/blogs.fu-berlin.de\/bibliotheken\/files\/2019\/08\/buchpreis2019.png\" alt=\"\" width=\"256\" height=\"197\" \/><\/a>Der B\u00f6rsenverein des deutschen Buchhandels hat heute die 20 nominierten Romane f\u00fcr den Deutschen Buchpreis <a href=\"https:\/\/www.deutscher-buchpreis.de\/nominiert\/#section-longlist\">bekanntgegeben<\/a>. Seit 2005 verliehen, gilt die mit insgesamt 37.500 Euro dotierte Auszeichnung als deutsche Antwort auf den franz\u00f6sischen Prix Goncourt oder den britischen Booker Prize.<\/p>\n<p>In diesem Jahr treffen die Werke von 13 Deutschen, 6 \u00d6sterreichern und einem Schweizer aufeinander. In Zeiten der &#8222;MeToo&#8220;-Debatte dominieren &#8211; wie im letzten Jahr &#8211; weibliche Romanciers die Longlist mit insgesamt elf Nennungen.<\/p>\n<p><strong>Die 20 Nominierten im \u00dcberblick<br \/>\n<\/strong>(UPDATE: 17.09.19; verf\u00fcgbare Titel sind verlinkt und \u00fcberwiegend in der <a href=\"https:\/\/www.fu-berlin.de\/sites\/bibliotheken\/bibliothekenfuehrer\/philologische_bibliothek\/index.html\">Philologischen Bibliothek<\/a> bzw. teilweise auch in der\u00a0 <a href=\"https:\/\/www.fu-berlin.de\/sites\/ub\">Universit\u00e4tsbibliothek<\/a> vorhanden):<\/p>\n<ul>\n<li>Nora Bossong: <a href=\"https:\/\/fu-berlin.hosted.exlibrisgroup.com\/permalink\/f\/132asq2\/FUB_ALMA_DS211015274530002883\"><strong>Schutzzone<\/strong><\/a> (Suhrkamp, September 2019)<\/li>\n<li>Jan Peter Bremer: <a href=\"https:\/\/fu-berlin.hosted.exlibrisgroup.com\/permalink\/f\/132asq2\/FUB_ALMA_DS211014892400002883\"><b>Der junge Doktorand<\/b><\/a> (Berlin Verlag, September 2019)<\/li>\n<li>Raphaela Edelbauer: <a href=\"https:\/\/fu-berlin.hosted.exlibrisgroup.com\/permalink\/f\/132asq2\/FUB_ALMA_DS211015274480002883\"><b>Das fl\u00fcssige Land<\/b><\/a> (Klett-Cotta, August 2019)<\/li>\n<li>Andrea Grill: <a href=\"https:\/\/fu-berlin.hosted.exlibrisgroup.com\/permalink\/f\/132asq2\/FUB_ALMA_DS211015274350002883\"><b>Cherubino<\/b><\/a> (Paul Zsolnay, Juli 2019)<\/li>\n<li>Karen K\u00f6hler: <a href=\"https:\/\/fu-berlin.hosted.exlibrisgroup.com\/permalink\/f\/132asq2\/FUB_ALMA_DS211013384660002883\"><b>Miroloi<\/b><\/a> (Carl Hanser, August 2019)<\/li>\n<li>Miku Sophie K\u00fchmel: <a href=\"https:\/\/fu-berlin.hosted.exlibrisgroup.com\/permalink\/f\/1ocvsku\/FUB_ALMA_DS211014739000002883\"><b>Kintsugi<\/b><\/a> (S. Fischer, August 2019)<\/li>\n<li>Angela Lehner: <a href=\"https:\/\/fu-berlin.hosted.exlibrisgroup.com\/permalink\/f\/1ocvsku\/FUB_ALMA_DS211010899630002883\"><b>Vater unser<\/b><\/a> (Hanser Berlin, Februar 2019)<\/li>\n<li>Emanuel Mae\u00df: <a href=\"https:\/\/fu-berlin.hosted.exlibrisgroup.com\/permalink\/f\/1ocvsku\/FUB_ALMA_DS211008842670002883\"><b>Gelenke des Lichts<\/b><\/a> (Wallstein, Februar 2019)<\/li>\n<li>Alexander Osang: <a href=\"https:\/\/fu-berlin.hosted.exlibrisgroup.com\/permalink\/f\/1ocvsku\/FUB_ALMA_DS211014770860002883\"><b>Die Leben der Elena Silber<\/b><\/a> (S. Fischer, August 2019)<\/li>\n<li>Katerina Poladjan: <a href=\"https:\/\/fu-berlin.hosted.exlibrisgroup.com\/permalink\/f\/1ocvsku\/FUB_ALMA_DS211012840300002883\"><b>Hier sind L\u00f6wen<\/b><\/a> (S. Fischer, Juni 2019)<\/li>\n<li>Lola Randl: <b>Der Gro\u00dfe Garten<\/b> (Matthes &amp; Seitz Berlin, M\u00e4rz 2019) &#8211; <a href=\"https:\/\/fu-berlin.hosted.exlibrisgroup.com\/permalink\/f\/1ocvsku\/FUB_ALMA_DS211015274440002883\">in Bearbeitung<\/a><\/li>\n<li>Tonio Schachinger: <a href=\"https:\/\/fu-berlin.hosted.exlibrisgroup.com\/permalink\/f\/1ocvsku\/FUB_ALMA_DS211014892340002883\"><b>Nicht wie ihr <\/b><\/a>(Kremayr &amp; Scheriau, September 2019)<\/li>\n<li>Norbert Scheuer: <a href=\"https:\/\/fu-berlin.hosted.exlibrisgroup.com\/permalink\/f\/1ocvsku\/FUB_ALMA_DS211015274260002883\"><b>Winterbienen<\/b><\/a> (C.H.Beck, Juli 2019)<\/li>\n<li>Eva Schmidt: <a href=\"https:\/\/fu-berlin.hosted.exlibrisgroup.com\/permalink\/f\/1ocvsku\/FUB_ALMA_DS211007694300002883\"><b>Die untalentierte L\u00fcgnerin<\/b><\/a> (Jung und Jung, M\u00e4rz 2019)<\/li>\n<li>Sa\u0161a Stani\u0161i\u0107: <a href=\"https:\/\/fu-berlin.hosted.exlibrisgroup.com\/permalink\/f\/1ocvsku\/FUB_ALMA_DS211009213640002883\"><b>Herkunft<\/b><\/a> (Luchterhand, M\u00e4rz 2019)<\/li>\n<li>Marlene Streeruwitz: <b><a href=\"https:\/\/fu-berlin.hosted.exlibrisgroup.com\/permalink\/f\/1ocvsku\/FUB_ALMA_DS211011485190002883\">Flammenwand.<\/a><\/b> (S. Fischer, Mai 2019)<\/li>\n<li>Jackie Thomae: <a href=\"https:\/\/fu-berlin.hosted.exlibrisgroup.com\/permalink\/f\/1ocvsku\/FUB_ALMA_DS211015274230002883\"><b>Br\u00fcder<\/b><\/a> (Hanser Berlin, August 2019)<\/li>\n<li>Ulrich Woelk: <a href=\"https:\/\/fu-berlin.hosted.exlibrisgroup.com\/permalink\/f\/1ocvsku\/FUB_ALMA_DS211006492720002883\"><b>Der Sommer meiner Mutter<\/b><\/a> (C.H.Beck, Januar 2019)<\/li>\n<li>Norbert Z\u00e4hringer: <a href=\"https:\/\/fu-berlin.hosted.exlibrisgroup.com\/permalink\/f\/1ocvsku\/FUB_ALMA_DS211009735730002883\"><b>Wo wir waren<\/b><\/a> (Rowohlt, M\u00e4rz 2019)<\/li>\n<li>Tom Z\u00fcrcher: <a href=\"https:\/\/fu-berlin.hosted.exlibrisgroup.com\/permalink\/f\/1ocvsku\/FUB_ALMA_DS211007693700002883\"><b>Mobbing Dick<\/b><\/a> (Salis, M\u00e4rz 2019)<\/li>\n<\/ul>\n<p>Insgesamt wurden sechs Deb\u00fctromane (K\u00f6hler, K\u00fchmel, Lehner, Mae\u00df, Randl, Schachinger) f\u00fcr die Longlist ber\u00fccksichtigt. Bereits mit dem Gef\u00fchl vertraut, um den Preis zu konkurrieren, sind dagegen Norbert Scheuer (Shortlist 2009 f\u00fcr <a href=\"https:\/\/fu-berlin.hosted.exlibrisgroup.com\/permalink\/f\/132asq2\/FUB_ALMA_DS21850597720002883\"><em>\u00dcberm Rauschen<\/em><\/a>), Eva Schmidt (Shortlist 2016 f\u00fcr <a href=\"https:\/\/fu-berlin.hosted.exlibrisgroup.com\/permalink\/f\/132asq2\/FUB_ALMA_DS21910503100002883\"><em>Ein langes Jahr<\/em><\/a>), Sa\u0161a Stani\u0161i\u0107 (Shortlist 2006 f\u00fcr <a href=\"https:\/\/fu-berlin.hosted.exlibrisgroup.com\/permalink\/f\/132asq2\/FUB_ALMA_DS21980464200002883\"><i>Wie der Soldat das Grammofon repariert<\/i><\/a>, Longlist 2014 f\u00fcr <a href=\"https:\/\/fu-berlin.hosted.exlibrisgroup.com\/permalink\/f\/132asq2\/FUB_ALMA_DS21873802440002883\"><em>Vor dem Fest<\/em><\/a>), Marlene Streeruwitz (Shortlist 2011 f\u00fcr <em><a href=\"https:\/\/fu-berlin.hosted.exlibrisgroup.com\/permalink\/f\/132asq2\/FUB_ALMA_DS21866151510002883\">Die Schmerzmacherin<\/a>, <\/em>Longlist 2014 f\u00fcr <a href=\"https:\/\/fu-berlin.hosted.exlibrisgroup.com\/permalink\/f\/132asq2\/FUB_ALMA_DS21874466580002883\"><em>Nachkommen<\/em><\/a>) und Norbert Z\u00e4hringer (Longlist 2009 f\u00fcr <a href=\"https:\/\/fu-berlin.hosted.exlibrisgroup.com\/permalink\/f\/132asq2\/FUB_ALMA_DS21837175900002883\"><em>Einer von vielen<\/em><\/a>).<\/p>\n<p>Die Longlist wird am 17. September 2019 von der Jury um Sprecher J\u00f6rg Magenau (freier Kritiker), Buchh\u00e4ndlerin und Autorin Petra Hartlieb, Hauke H\u00fcckst\u00e4dt (Literaturhaus Frankfurt am Main), Buchh\u00e4ndler Bj\u00f6rn Lauer, Alf Mentzer (Hessischer Rundfunk), Daniela Strigl (Literaturwissenschaftlerin) und Margarete von Schwarzkopf (Autorin und Literaturkritikerin) auf sechs finale Romane reduziert, die sogenannte \u201eShortlist\u201c. Die Preisverleihung findet zum Auftakt der Frankfurter Buchmesse am 14. Oktober 2019 statt.<\/p>\n<p>Zwar ist die kostenfreie App mit Artikelanf\u00e4ngen seit 2014 pass\u00e9, aber \u00fcber <a href=\"https:\/\/detektor.fm\/themen\/deutscher-buchpreis\">detektor.fm<\/a> lassen sich nach und nach kostenfrei Ausz\u00fcge aus den nominierten Romanen anh\u00f6ren (auch als App verf\u00fcgbar). Wer nicht darauf warten will, findet auf der Webseite des Buchpreises unter den <a href=\"https:\/\/www.deutscher-buchpreis.de\/nominiert\/#section-longlist\">jeweiligen Romanprofilen<\/a> alle bereits freigeschalteten H\u00f6rproben (zwischen 7-13 Minuten lang). Auch soll ab n\u00e4chster Woche wie im Vorjahr ein Taschenbuch <em>(Deutscher Buchpreis 2019. Die Nominierten<\/em>) mit Leseproben und Hintergrundinfos in ausgew\u00e4hlten Buchhandlungen erh\u00e4ltlich sein.<\/p>\n","protected":false},"excerpt":{"rendered":"<p>Der B\u00f6rsenverein des deutschen Buchhandels hat heute die 20 nominierten Romane f\u00fcr den Deutschen Buchpreis bekanntgegeben. Seit 2005 verliehen, gilt die mit insgesamt 37.500 Euro dotierte Auszeichnung als deutsche Antwort auf den franz\u00f6sischen Prix Goncourt oder den britischen Booker Prize. In diesem Jahr treffen die Werke von 13 Deutschen, 6 \u00d6sterreichern und einem Schweizer aufeinander. &hellip; <a href=\"https:\/\/blogs.fu-berlin.de\/bibliotheken\/2019\/08\/20\/longlist-fuer-den-deutschen-buchpreis-2019-veroeffentlicht\/\" class=\"more-link\"><span class=\"screen-reader-text\">\u201eLonglist f\u00fcr den Deutschen Buchpreis 2019 ver\u00f6ffentlicht\u201c<\/span> weiterlesen<\/a><\/p>\n","protected":false},"author":293,"featured_media":0,"comment_status":"open","ping_status":"open","sticky":false,"template":"","format":"standard","meta":{"footnotes":""},"categories":[9,604,492],"tags":[57543,986],"class_list":["post-25405","post","type-post","status-publish","format-standard","hentry","category-allgemein","category-ins-netz-geschaut","category-literaturtipps","tag-deutscher-buchpreis","tag-longlist"],"_links":{"self":[{"href":"https:\/\/blogs.fu-berlin.de\/bibliotheken\/wp-json\/wp\/v2\/posts\/25405","targetHints":{"allow":["GET"]}}],"collection":[{"href":"https:\/\/blogs.fu-berlin.de\/bibliotheken\/wp-json\/wp\/v2\/posts"}],"about":[{"href":"https:\/\/blogs.fu-berlin.de\/bibliotheken\/wp-json\/wp\/v2\/types\/post"}],"author":[{"embeddable":true,"href":"https:\/\/blogs.fu-berlin.de\/bibliotheken\/wp-json\/wp\/v2\/users\/293"}],"replies":[{"embeddable":true,"href":"https:\/\/blogs.fu-berlin.de\/bibliotheken\/wp-json\/wp\/v2\/comments?post=25405"}],"version-history":[{"count":10,"href":"https:\/\/blogs.fu-berlin.de\/bibliotheken\/wp-json\/wp\/v2\/posts\/25405\/revisions"}],"predecessor-version":[{"id":25490,"href":"https:\/\/blogs.fu-berlin.de\/bibliotheken\/wp-json\/wp\/v2\/posts\/25405\/revisions\/25490"}],"wp:attachment":[{"href":"https:\/\/blogs.fu-berlin.de\/bibliotheken\/wp-json\/wp\/v2\/media?parent=25405"}],"wp:term":[{"taxonomy":"category","embeddable":true,"href":"https:\/\/blogs.fu-berlin.de\/bibliotheken\/wp-json\/wp\/v2\/categories?post=25405"},{"taxonomy":"post_tag","embeddable":true,"href":"https:\/\/blogs.fu-berlin.de\/bibliotheken\/wp-json\/wp\/v2\/tags?post=25405"}],"curies":[{"name":"wp","href":"https:\/\/api.w.org\/{rel}","templated":true}]}}