{"id":25439,"date":"2019-09-09T12:00:59","date_gmt":"2019-09-09T11:00:59","guid":{"rendered":"https:\/\/blogs.fu-berlin.de\/bibliotheken\/?p=25439"},"modified":"2021-09-14T07:18:27","modified_gmt":"2021-09-14T06:18:27","slug":"bewirb-dich-64-sitzung-der-un-frauenrechtskommission-in-new-york","status":"publish","type":"post","link":"https:\/\/blogs.fu-berlin.de\/bibliotheken\/2019\/09\/09\/bewirb-dich-64-sitzung-der-un-frauenrechtskommission-in-new-york\/","title":{"rendered":"Bewirb Dich:  64. Sitzung der UN-Frauenrechtskommission in New York"},"content":{"rendered":"\n<p><em><span class=\"has-inline-color has-bright-red-color\">Der Betrieb des \u201eDokumentationszentrums UN \u2013 EU\u201c wird eingestellt. Die entsprechende Literatur bleibt im Bestand und ist weiterhin zug\u00e4nglich.<\/span><\/em><\/p>\n\n\n<p><figure id=\"attachment_25442\" aria-describedby=\"caption-attachment-25442\" style=\"width: 300px\" class=\"wp-caption alignright\"><img loading=\"lazy\" decoding=\"async\" class=\"size-medium wp-image-25442\" src=\"https:\/\/blogs.fu-berlin.de\/bibliotheken\/files\/2019\/09\/womens-march-2004278_1920-300x200.jpg\" alt=\"\" width=\"300\" height=\"200\" srcset=\"https:\/\/blogs.fu-berlin.de\/bibliotheken\/files\/2019\/09\/womens-march-2004278_1920-300x200.jpg 300w, https:\/\/blogs.fu-berlin.de\/bibliotheken\/files\/2019\/09\/womens-march-2004278_1920-1200x800.jpg 1200w, https:\/\/blogs.fu-berlin.de\/bibliotheken\/files\/2019\/09\/womens-march-2004278_1920.jpg 1920w\" sizes=\"auto, (max-width: 300px) 85vw, 300px\" \/><figcaption id=\"caption-attachment-25442\" class=\"wp-caption-text\">Bild von Carrie Z auf Pixabay<\/figcaption><\/figure><\/p>\n<p>Im M\u00e4rz 2020 findet in New York die 64. Sitzung der UN-Frauenrechtskommission (<a href=\"https:\/\/www.unwomen.org\/en\/csw\">Commission on Status of Women<\/a>, CSW) statt, in deren Mittelpunkt die Umsetzung der <a href=\"https:\/\/www.bmfsfj.de\/blob\/94444\/2c5b7c4f57be75aa8f1219137339643e\/peking-plus-20-umsetzung-der-aktionsplattform-von-peking-deutsch-data.pdf\">Aktionsplattform von Peking<\/a> stehen wird.<\/p>\n<p>Die <a href=\"https:\/\/dgvn.de\/\">Deutsche Gesellschaft f\u00fcr die Vereinten Nationen e.V.<\/a> (DGVN) f\u00f6rdert die Teilnahme von zwei Vertreterinnen und Vertretern der Zivilgesellschaft mit ausgewiesener fachlicher Expertise auf dem Gebiet der Gendergerechtigkeit. Die beiden ausgew\u00e4hlten \u201e<a href=\"https:\/\/dgvn.de\/aktivitaeten\/its-up-to-youth\/youth4csw-als-youth-observer-zur-frauenrechtskommission-in-new-york\/#ca22023\">UNA Germany Youth Observer<\/a>\u201c lernen in 5 bis 7 Tagen die Themen, Akteure und Prozesse auf internationaler Ebene intensiv kennen, bringen ihre Expertise ein und kn\u00fcpfen wichtige Kontakte auf nationaler und internationaler Ebene.<\/p>\n<p>Das Programm \u201eYouth for CSW\u201c umfasst die Vorbereitung und Begleitung durch das DGVN-Generalsekretariat und Ehrenamtliche mit UN-Expertise, sowie die Zusammenarbeit mit dem Arbeitskreis Gendergerechtigkeit in der DGVN. Erwartet wird, dass w\u00e4hrend und nach der Reise \u00fcber relevante Kan\u00e4le und Netzwerke von der 64. FRK-Sitzung in New York berichtet wird und die Erkenntnisse und Erfahrungen aktiv an junge Menschen weitergegeben werden.<\/p>\n<p>Die DGVN \u00fcbernimmt die Kosten f\u00fcr Flug und Unterkunft und zahlt einen Zuschuss zu den Lebenshaltungskosten in New York. Ein erstes Vorbereitungstreffen findet bereits im Oktober 2019 in Berlin statt.<\/p>\n<p><strong>Auswahlkriterien f\u00fcr die Aufnahme ins Programm \u201eYouth for CSW\u201c:<\/strong><\/p>\n<ul>\n<li>Belegtes Engagement f\u00fcr eine gendergerechte Welt mit nachgewiesenen eigenen Beitr\u00e4gen<\/li>\n<li>Jugendpolitische Erfahrung<\/li>\n<li>Ideen f\u00fcr die Berichterstattung aus New York und f\u00fcr die Auswertung gemeinsam mit jungen Menschen nach R\u00fcckkehr<\/li>\n<li>Interesse, das Thema Gendergerechtigkeit, auch auf internationaler Ebene zu gestalten<\/li>\n<li>Mindestens 18 Jahre und h\u00f6chstens 25 Jahre alt (im M\u00e4rz 2020)<\/li>\n<\/ul>\n<p><strong>Inhalt der Bewerbung um die Aufnahme ins Programm \u201eYouth for CSW\u201c:<\/strong><\/p>\n<ul>\n<li>Lebenslauf<\/li>\n<li>Motivationsschreiben<\/li>\n<li>Angabe einer Referenzperson aus einer einschl\u00e4gigen zivilgesellschaftlichen Organisation<\/li>\n<\/ul>\n<p><strong>Bewerbung an:<\/strong> Frau Dr. Lisa Heemann &#8211; bewerbung@dgvn.de.<\/p>\n<p><strong>Bewerbungsfrist:<\/strong> 15. September 2019<\/p>\n<p>Noch mehr Informationen zur UN &amp; EU bekommen Sie in unserem <a href=\"https:\/\/www.ub.fu-berlin.de\/bibliothek\/uneu\/\">Dokumentationszentrum UN-EU<\/a>.<\/p>","protected":false},"excerpt":{"rendered":"<p>Der Betrieb des \u201eDokumentationszentrums UN \u2013 EU\u201c wird eingestellt. Die entsprechende Literatur bleibt im Bestand und ist weiterhin zug\u00e4nglich. Im M\u00e4rz 2020 findet in New York die 64. Sitzung der UN-Frauenrechtskommission (Commission on Status of Women, CSW) statt, in deren Mittelpunkt die Umsetzung der Aktionsplattform von Peking stehen wird. Die Deutsche Gesellschaft f\u00fcr die Vereinten &hellip; <a href=\"https:\/\/blogs.fu-berlin.de\/bibliotheken\/2019\/09\/09\/bewirb-dich-64-sitzung-der-un-frauenrechtskommission-in-new-york\/\" class=\"more-link\"><span class=\"screen-reader-text\">\u201eBewirb Dich:  64. Sitzung der UN-Frauenrechtskommission in New York\u201c<\/span> weiterlesen<\/a><\/p>\n","protected":false},"author":2907,"featured_media":0,"comment_status":"open","ping_status":"open","sticky":false,"template":"","format":"standard","meta":{"footnotes":""},"categories":[70],"tags":[227511,227512,57510,2458,227514,227513],"class_list":["post-25439","post","type-post","status-publish","format-standard","hentry","category-veranstaltungen","tag-commission-on-status-of-women","tag-csw","tag-dgvn","tag-dokumentationszentrum-un-eu","tag-una-germany-youth-observer","tag-youth-for-csw"],"_links":{"self":[{"href":"https:\/\/blogs.fu-berlin.de\/bibliotheken\/wp-json\/wp\/v2\/posts\/25439","targetHints":{"allow":["GET"]}}],"collection":[{"href":"https:\/\/blogs.fu-berlin.de\/bibliotheken\/wp-json\/wp\/v2\/posts"}],"about":[{"href":"https:\/\/blogs.fu-berlin.de\/bibliotheken\/wp-json\/wp\/v2\/types\/post"}],"author":[{"embeddable":true,"href":"https:\/\/blogs.fu-berlin.de\/bibliotheken\/wp-json\/wp\/v2\/users\/2907"}],"replies":[{"embeddable":true,"href":"https:\/\/blogs.fu-berlin.de\/bibliotheken\/wp-json\/wp\/v2\/comments?post=25439"}],"version-history":[{"count":6,"href":"https:\/\/blogs.fu-berlin.de\/bibliotheken\/wp-json\/wp\/v2\/posts\/25439\/revisions"}],"predecessor-version":[{"id":29165,"href":"https:\/\/blogs.fu-berlin.de\/bibliotheken\/wp-json\/wp\/v2\/posts\/25439\/revisions\/29165"}],"wp:attachment":[{"href":"https:\/\/blogs.fu-berlin.de\/bibliotheken\/wp-json\/wp\/v2\/media?parent=25439"}],"wp:term":[{"taxonomy":"category","embeddable":true,"href":"https:\/\/blogs.fu-berlin.de\/bibliotheken\/wp-json\/wp\/v2\/categories?post=25439"},{"taxonomy":"post_tag","embeddable":true,"href":"https:\/\/blogs.fu-berlin.de\/bibliotheken\/wp-json\/wp\/v2\/tags?post=25439"}],"curies":[{"name":"wp","href":"https:\/\/api.w.org\/{rel}","templated":true}]}}