{"id":25445,"date":"2019-09-06T12:00:43","date_gmt":"2019-09-06T11:00:43","guid":{"rendered":"https:\/\/blogs.fu-berlin.de\/bibliotheken\/?p=25445"},"modified":"2021-09-17T13:14:25","modified_gmt":"2021-09-17T12:14:25","slug":"diskussionsabend-zwischenbilanz-der-deutschen-mitgliedschaft-im-un-sicherheitsrat","status":"publish","type":"post","link":"https:\/\/blogs.fu-berlin.de\/bibliotheken\/2019\/09\/06\/diskussionsabend-zwischenbilanz-der-deutschen-mitgliedschaft-im-un-sicherheitsrat\/","title":{"rendered":"Diskussionsabend: Zwischenbilanz der deutschen Mitgliedschaft im UN-Sicherheitsrat"},"content":{"rendered":"\n<p><em><span class=\"has-inline-color has-bright-red-color\">Der Betrieb des \u201eDokumentationszentrums UN \u2013 EU\u201c wird eingestellt. Die entsprechende Literatur bleibt im Bestand und ist weiterhin zug\u00e4nglich.<\/span><\/em><\/p>\n\n\n<p>Die DGVN und die Fraktion der Freien Demokraten im Bundestag, mit dem Unterausschuss-Vorsitzenden f\u00fcr Vereinte Nationen Ulrich Lechte, laden am <strong>12.09.2019<\/strong> von <strong>18 \u2013 21 Uhr<\/strong> zum Diskussionsabend \u201eZwischenbilanz der deutschen Mitgliedschaft im UN-Sicherheitsrat\u201c in den Bundestag ein.<\/p>\n<p>Deutschland ist seit Januar 2019 f\u00fcr zwei Jahre Mitglied im UN-Sicherheitsrat und hatte im April den Vorsitz inne. Der Sicherheitsrat tr\u00e4gt, nach Artikel 24 der UN-Charta, die &#8222;Hauptverantwortung f\u00fcr die Wahrung des Weltfriedens und der internationalen Sicherheit&#8220;. Als eines von 15 Mitgliedern des Sicherheitsrats hat Deutschland die Mitverantwortung f\u00fcr diese wichtige Aufgabe \u00fcbernommen.<\/p>\n<p>Die Podiumsdiskussion dient einer ersten Zwischenbilanz und geht der Frage nach, ob die Bundesregierung dieser Verantwortung gerecht wird.<\/p>\n<p><strong>Begr\u00fc\u00dfung:<\/strong><\/p>\n<ul>\n<li><em>Alexander Graf Lambsdorff MdB<\/em>, Stellvertretender Fraktionsvorsitzender<\/li>\n<li><em>Detlef Dzembritzki<\/em>, Vorsitzender der Deutsche Gesellschaft f\u00fcr die Vereinten Nationen e.V<\/li>\n<\/ul>\n<p><strong>Impulsvortrag<\/strong> &#8211; Germany and the Security Council: Can the UN System Be Saved?<\/p>\n<ul>\n<li><em>Richard Gowan<\/em>, UN-Direktor der International Crisis Group, New York<strong><br>\n<\/strong><\/li>\n<\/ul>\n<p><strong>Podiumsdiskussion:<\/strong><\/p>\n<ul>\n<li><em>Ulrich Lechte MdB<\/em>, Vorsitzender Unterausschuss Vereinte Nationen, internationale Organisationen und Globalisierung<\/li>\n<li><em>Dr. Andreas Nick MdB<\/em>, Obman der CDU\/CSU-Fraktion im Unterausschuss Vereinte Nationen, internationale Organisationen und Globalisierung<\/li>\n<li><em>Hannah Birkenk\u00f6tter<\/em>, Mitglied des Vorstands der DGVN<\/li>\n<li><em>Richard Gowan<\/em>, UN-Direktor der International Crisis Group, New York<\/li>\n<\/ul>\n<p><strong>Moderation<\/strong>: <em>Jens Henning Fischer<\/em><\/p>\n<p><strong>Schlusswort<\/strong>: <em>Ulrich Lechte MdB<\/em>, Vorsitzender Unterausschuss Vereinte Nationen, internationale Organisationen und Globalisierung<\/p>\n<p>Im Anschluss wird zum Empfang gebeten.<\/p>\n<p>Es wird um Anmeldung \u00fcber das <a href=\"https:\/\/crm.fdpbt.de\/termin\/podiumsdiskussion-zwischenbilanz-der-deutschen-mitgliedschaft-im-un-sicherheitsrat\">Onlineformular<\/a> gebeten.<\/p>\n<p><strong>Veranstaltungsadresse:<\/strong><\/p>\n<p>Deutscher Bundestag<br>\nAbgeordnetenlobby, Eingang Reichstagsgeb\u00e4ude S\u00fcd<br>\nScheidemannstra\u00dfe<br>\n10117 Berlin<\/p>\n<p><strong>Einlass:<\/strong> 18 Uhr<\/p>","protected":false},"excerpt":{"rendered":"<p>Der Betrieb des \u201eDokumentationszentrums UN \u2013 EU\u201c wird eingestellt. Die entsprechende Literatur bleibt im Bestand und ist weiterhin zug\u00e4nglich. Die DGVN und die Fraktion der Freien Demokraten im Bundestag, mit dem Unterausschuss-Vorsitzenden f\u00fcr Vereinte Nationen Ulrich Lechte, laden am 12.09.2019 von 18 \u2013 21 Uhr zum Diskussionsabend \u201eZwischenbilanz der deutschen Mitgliedschaft im UN-Sicherheitsrat\u201c in den &hellip; <a href=\"https:\/\/blogs.fu-berlin.de\/bibliotheken\/2019\/09\/06\/diskussionsabend-zwischenbilanz-der-deutschen-mitgliedschaft-im-un-sicherheitsrat\/\" class=\"more-link\"><span class=\"screen-reader-text\">\u201eDiskussionsabend: Zwischenbilanz der deutschen Mitgliedschaft im UN-Sicherheitsrat\u201c<\/span> weiterlesen<\/a><\/p>\n","protected":false},"author":2907,"featured_media":0,"comment_status":"open","ping_status":"open","sticky":false,"template":"","format":"standard","meta":{"footnotes":""},"categories":[70],"tags":[57510,2458],"class_list":["post-25445","post","type-post","status-publish","format-standard","hentry","category-veranstaltungen","tag-dgvn","tag-dokumentationszentrum-un-eu"],"_links":{"self":[{"href":"https:\/\/blogs.fu-berlin.de\/bibliotheken\/wp-json\/wp\/v2\/posts\/25445","targetHints":{"allow":["GET"]}}],"collection":[{"href":"https:\/\/blogs.fu-berlin.de\/bibliotheken\/wp-json\/wp\/v2\/posts"}],"about":[{"href":"https:\/\/blogs.fu-berlin.de\/bibliotheken\/wp-json\/wp\/v2\/types\/post"}],"author":[{"embeddable":true,"href":"https:\/\/blogs.fu-berlin.de\/bibliotheken\/wp-json\/wp\/v2\/users\/2907"}],"replies":[{"embeddable":true,"href":"https:\/\/blogs.fu-berlin.de\/bibliotheken\/wp-json\/wp\/v2\/comments?post=25445"}],"version-history":[{"count":8,"href":"https:\/\/blogs.fu-berlin.de\/bibliotheken\/wp-json\/wp\/v2\/posts\/25445\/revisions"}],"predecessor-version":[{"id":29764,"href":"https:\/\/blogs.fu-berlin.de\/bibliotheken\/wp-json\/wp\/v2\/posts\/25445\/revisions\/29764"}],"wp:attachment":[{"href":"https:\/\/blogs.fu-berlin.de\/bibliotheken\/wp-json\/wp\/v2\/media?parent=25445"}],"wp:term":[{"taxonomy":"category","embeddable":true,"href":"https:\/\/blogs.fu-berlin.de\/bibliotheken\/wp-json\/wp\/v2\/categories?post=25445"},{"taxonomy":"post_tag","embeddable":true,"href":"https:\/\/blogs.fu-berlin.de\/bibliotheken\/wp-json\/wp\/v2\/tags?post=25445"}],"curies":[{"name":"wp","href":"https:\/\/api.w.org\/{rel}","templated":true}]}}