{"id":25461,"date":"2019-09-17T12:00:19","date_gmt":"2019-09-17T11:00:19","guid":{"rendered":"https:\/\/blogs.fu-berlin.de\/bibliotheken\/?p=25461"},"modified":"2021-09-14T07:18:04","modified_gmt":"2021-09-14T06:18:04","slug":"zwischen-zweifeln-und-fortschritten-der-sdg-gipfel-der-vereinten-nationen","status":"publish","type":"post","link":"https:\/\/blogs.fu-berlin.de\/bibliotheken\/2019\/09\/17\/zwischen-zweifeln-und-fortschritten-der-sdg-gipfel-der-vereinten-nationen\/","title":{"rendered":"Zwischen Zweifeln und Fortschritten: Der SDG-Gipfel der Vereinten Nationen"},"content":{"rendered":"\n<p><em><span class=\"has-inline-color has-bright-red-color\">Der Betrieb des \u201eDokumentationszentrums UN \u2013 EU\u201c wird eingestellt. Die entsprechende Literatur bleibt im Bestand und ist weiterhin zug\u00e4nglich.<\/span><\/em><\/p>\n\n\n<div id=\"page\" class=\"off-canvas__content\">\n<section id=\"col-0\" class=\"col-0 grid__item small-12\">\n<div id=\"c6\" class=\"box box--default m-t-zero m-b-default box--list\">\n<div class=\"tx-event\">\n<article id=\"event624\" class=\"detail detail--events detail--media-float-right\">\n<div class=\"detail__teaser detail__teaser--below\">\n<p>Vom 24.-25. September 2019 kommen in New York die Staats- und Regierungschefs\/-chefinnen zum ersten <a href=\"https:\/\/sustainabledevelopment.un.org\/sdgsummit\">SDG-Gipfel<\/a> zusammen. Vier Jahre nach Verabschiedung der <a href=\"https:\/\/sustainabledevelopment.un.org\/post2015\/transformingourworld\">Agenda 2030<\/a> f\u00fcr nachhaltige Entwicklung werden Sie beraten, wie die Umsetzung der Ziele gelingen kann.<\/p>\n<\/div>\n<div class=\"social-share-buttons__aside-wrap\">\n<div class=\"social-share-buttons \">Die Deutsche Gesellschaft f\u00fcr die Vereinten Nationen e.V. (DGVN) l\u00e4dt aus diesem Grund am <strong>24.09.2019<\/strong> zu einer Veranstaltung ein, um eine erste Bilanz zu ziehen und Ausblicke zu wagen:<\/div>\n<\/div>\n<div class=\"detail__content\">\n<div class=\"detail__content-media\">\n<div class=\"media\"><\/div>\n<\/div>\n<div class=\"detail__content-body\">\n<p>Welche Fortschritte konnten bereits erzielt werden und wo gibt es die gr\u00f6\u00dften Missst\u00e4nde? Auf welche grundlegenden Ver\u00e4nderungen kommt es in den n\u00e4chsten Jahren an, um die SDGs erreichen zu k\u00f6nnen? Und welche Impulse f\u00fcr st\u00e4rkeres Handeln und notwendige Reformen k\u00f6nnen vom SDG-Gipfel der Vereinten Nationen ausgehen?<\/p>\n<p><strong>Programm<\/strong><\/p>\n<p><strong>18:30:<\/strong> Begr\u00fc\u00dfung durch Detlef Dzembritzki, DGVN-Vorsitzender<\/p>\n<p><strong>18:35:<\/strong> SDG-Gipfel in New York (Dr. Marianne Beisheim, Stiftung Wissenschaft und Politik, SWP)<\/p>\n<p><strong>18:50: <\/strong>Live-Schaltung zum SDG-Gipfel nach New York mit Einsch\u00e4tzungen von Rebecca Freitag und Felix Kaminski (Jugenddelegierte f\u00fcr Nachhaltige Entwicklung)<\/p>\n<p><strong>19:00:<\/strong> Podiumsdiskussion zur Umsetzung der SDGs mit<\/p>\n<ul>\n<li>Ernst Ulrich von Weizs\u00e4cker, Umweltwissenschaftler, Mitglied des Deutschen Bundestags a.D.<\/li>\n<li>Ulli Nissen, Mitglied des Deutschen Bundestags<\/li>\n<li>Marcel Dorsch, Wissenschaftlicher Beirat der Bundesregierung Globale Umweltver\u00e4nderungen (WGBU)<\/li>\n<li>Christina Arkenberg, Deutsche Pfadfinderschaft Sankt Georg (DSPG)<\/li>\n<\/ul>\n<p><strong>Moderation: <\/strong>Katie Gallus (angefragt)<\/p>\n<p><strong>20:00:<\/strong> Empfang<\/p>\n<p class=\"ruler ruler--between\">Bitte <a href=\"https:\/\/dgvn.de\/aktivitaeten\/29-09-24-veranstaltung-zum-sdg-gipfel\/\">melden Sie sich hier<\/a> f\u00fcr die Veranstaltung an.<\/p>\n<\/div>\n<\/div>\n<div class=\"detail__content\">\n<p><strong>Veranstaltungsadresse:&nbsp; <\/strong>Urania<br>\nAn der Urania 17<br>\n10787 Berlin<\/p>\n<p>Noch mehr Informationen zur UN &amp; EU bekommen Sie in unserem <a href=\"https:\/\/www.ub.fu-berlin.de\/bibliothek\/uneu\/\">Dokumentationszentrum UN-EU<\/a>.<\/p>\n<\/div>\n<\/article>\n<\/div>\n<\/div>\n<\/section>\n<\/div>","protected":false},"excerpt":{"rendered":"<p>Der Betrieb des \u201eDokumentationszentrums UN \u2013 EU\u201c wird eingestellt. Die entsprechende Literatur bleibt im Bestand und ist weiterhin zug\u00e4nglich. Vom 24.-25. September 2019 kommen in New York die Staats- und Regierungschefs\/-chefinnen zum ersten SDG-Gipfel zusammen. Vier Jahre nach Verabschiedung der Agenda 2030 f\u00fcr nachhaltige Entwicklung werden Sie beraten, wie die Umsetzung der Ziele gelingen kann. &hellip; <a href=\"https:\/\/blogs.fu-berlin.de\/bibliotheken\/2019\/09\/17\/zwischen-zweifeln-und-fortschritten-der-sdg-gipfel-der-vereinten-nationen\/\" class=\"more-link\"><span class=\"screen-reader-text\">\u201eZwischen Zweifeln und Fortschritten: Der SDG-Gipfel der Vereinten Nationen\u201c<\/span> weiterlesen<\/a><\/p>\n","protected":false},"author":2907,"featured_media":0,"comment_status":"open","ping_status":"open","sticky":false,"template":"","format":"standard","meta":{"footnotes":""},"categories":[9,70],"tags":[196703,57496,57510,2458,784,227515,57495,12086],"class_list":["post-25461","post","type-post","status-publish","format-standard","hentry","category-allgemein","category-veranstaltungen","tag-17-ziele-fuer-nachhaltige-entwicklung","tag-agenda-2030","tag-dgvn","tag-dokumentationszentrum-un-eu","tag-new-york","tag-sdg-gipfel","tag-sustainable-development-goals","tag-vereinte-nationen"],"_links":{"self":[{"href":"https:\/\/blogs.fu-berlin.de\/bibliotheken\/wp-json\/wp\/v2\/posts\/25461","targetHints":{"allow":["GET"]}}],"collection":[{"href":"https:\/\/blogs.fu-berlin.de\/bibliotheken\/wp-json\/wp\/v2\/posts"}],"about":[{"href":"https:\/\/blogs.fu-berlin.de\/bibliotheken\/wp-json\/wp\/v2\/types\/post"}],"author":[{"embeddable":true,"href":"https:\/\/blogs.fu-berlin.de\/bibliotheken\/wp-json\/wp\/v2\/users\/2907"}],"replies":[{"embeddable":true,"href":"https:\/\/blogs.fu-berlin.de\/bibliotheken\/wp-json\/wp\/v2\/comments?post=25461"}],"version-history":[{"count":6,"href":"https:\/\/blogs.fu-berlin.de\/bibliotheken\/wp-json\/wp\/v2\/posts\/25461\/revisions"}],"predecessor-version":[{"id":29163,"href":"https:\/\/blogs.fu-berlin.de\/bibliotheken\/wp-json\/wp\/v2\/posts\/25461\/revisions\/29163"}],"wp:attachment":[{"href":"https:\/\/blogs.fu-berlin.de\/bibliotheken\/wp-json\/wp\/v2\/media?parent=25461"}],"wp:term":[{"taxonomy":"category","embeddable":true,"href":"https:\/\/blogs.fu-berlin.de\/bibliotheken\/wp-json\/wp\/v2\/categories?post=25461"},{"taxonomy":"post_tag","embeddable":true,"href":"https:\/\/blogs.fu-berlin.de\/bibliotheken\/wp-json\/wp\/v2\/tags?post=25461"}],"curies":[{"name":"wp","href":"https:\/\/api.w.org\/{rel}","templated":true}]}}