{"id":25472,"date":"2019-09-12T13:22:52","date_gmt":"2019-09-12T12:22:52","guid":{"rendered":"https:\/\/blogs.fu-berlin.de\/bibliotheken\/?p=25472"},"modified":"2019-09-16T15:47:10","modified_gmt":"2019-09-16T14:47:10","slug":"aktionstag-forschungsdaten-am-30-oktober-2019","status":"publish","type":"post","link":"https:\/\/blogs.fu-berlin.de\/bibliotheken\/2019\/09\/12\/aktionstag-forschungsdaten-am-30-oktober-2019\/","title":{"rendered":"Aktionstag Forschungsdaten am 30. Oktober 2019"},"content":{"rendered":"<p>Informieren Sie sich, vernetzen Sie sich, diskutieren Sie mit!<\/p>\n<p>Der Aktionstag bietet erstmals ein Forum f\u00fcr die Vernetzung und den Austausch \u00fcber fachspezifische Bedarfe sowie bestehende und zuk\u00fcnftige Forschungsdatenmanagement-L\u00f6sungen an der Freien Universit\u00e4t.<\/p>\n<p><strong>Zielgruppe<\/strong><br \/>\nWissenschaftler*innen und Mitarbeiter*innen der Freien Universit\u00e4t Berlin<\/p>\n<p><strong>Zeit &amp; Ort<\/strong><br \/>\n30.10.2019 | 9:30 s.t. &#8211; 15:00 Uhr<br \/>\nFreie Universit\u00e4t Berlin, <a href=\"https:\/\/www.cedis.fu-berlin.de\/kontakt\/raeume\/seminarzentrum.html\" rel=\"noopener\" target=\"_blank\">Seminarzentrum<\/a>, Raum: L 115 und L 116 (Erdgeschoss), Otto-von-Simson-Str. 26 (Silberlaube), 14195 Berlin<\/p>\n<p><strong>Weitere Informationen<\/strong><br \/>\n<a href=\"https:\/\/www.fu-berlin.de\/sites\/forschungsdatenmanagement\/veranstaltungen\/2019_10_30_aktionstag_forschungsdaten\" rel=\"noopener\" target=\"_blank\">https:\/\/www.fu-berlin.de\/sites\/forschungsdatenmanagement\/veranstaltungen\/2019_10_30_aktionstag_forschungsdaten<\/a><\/p>\n","protected":false},"excerpt":{"rendered":"<p>Informieren Sie sich, vernetzen Sie sich, diskutieren Sie mit! Der Aktionstag bietet erstmals ein Forum f\u00fcr die Vernetzung und den Austausch \u00fcber fachspezifische Bedarfe sowie bestehende und zuk\u00fcnftige Forschungsdatenmanagement-L\u00f6sungen an der Freien Universit\u00e4t. Zielgruppe Wissenschaftler*innen und Mitarbeiter*innen der Freien Universit\u00e4t Berlin Zeit &amp; Ort 30.10.2019 | 9:30 s.t. &#8211; 15:00 Uhr Freie Universit\u00e4t Berlin, Seminarzentrum, &hellip; <a href=\"https:\/\/blogs.fu-berlin.de\/bibliotheken\/2019\/09\/12\/aktionstag-forschungsdaten-am-30-oktober-2019\/\" class=\"more-link\"><span class=\"screen-reader-text\">\u201eAktionstag Forschungsdaten am 30. Oktober 2019\u201c<\/span> weiterlesen<\/a><\/p>\n","protected":false},"author":266,"featured_media":0,"comment_status":"open","ping_status":"open","sticky":false,"template":"","format":"standard","meta":{"footnotes":""},"categories":[9,70],"tags":[196553,227416],"class_list":["post-25472","post","type-post","status-publish","format-standard","hentry","category-allgemein","category-veranstaltungen","tag-forschungsdaten","tag-forschungsdatenmanagement"],"_links":{"self":[{"href":"https:\/\/blogs.fu-berlin.de\/bibliotheken\/wp-json\/wp\/v2\/posts\/25472","targetHints":{"allow":["GET"]}}],"collection":[{"href":"https:\/\/blogs.fu-berlin.de\/bibliotheken\/wp-json\/wp\/v2\/posts"}],"about":[{"href":"https:\/\/blogs.fu-berlin.de\/bibliotheken\/wp-json\/wp\/v2\/types\/post"}],"author":[{"embeddable":true,"href":"https:\/\/blogs.fu-berlin.de\/bibliotheken\/wp-json\/wp\/v2\/users\/266"}],"replies":[{"embeddable":true,"href":"https:\/\/blogs.fu-berlin.de\/bibliotheken\/wp-json\/wp\/v2\/comments?post=25472"}],"version-history":[{"count":6,"href":"https:\/\/blogs.fu-berlin.de\/bibliotheken\/wp-json\/wp\/v2\/posts\/25472\/revisions"}],"predecessor-version":[{"id":25483,"href":"https:\/\/blogs.fu-berlin.de\/bibliotheken\/wp-json\/wp\/v2\/posts\/25472\/revisions\/25483"}],"wp:attachment":[{"href":"https:\/\/blogs.fu-berlin.de\/bibliotheken\/wp-json\/wp\/v2\/media?parent=25472"}],"wp:term":[{"taxonomy":"category","embeddable":true,"href":"https:\/\/blogs.fu-berlin.de\/bibliotheken\/wp-json\/wp\/v2\/categories?post=25472"},{"taxonomy":"post_tag","embeddable":true,"href":"https:\/\/blogs.fu-berlin.de\/bibliotheken\/wp-json\/wp\/v2\/tags?post=25472"}],"curies":[{"name":"wp","href":"https:\/\/api.w.org\/{rel}","templated":true}]}}