{"id":25491,"date":"2019-09-17T13:27:40","date_gmt":"2019-09-17T12:27:40","guid":{"rendered":"https:\/\/blogs.fu-berlin.de\/bibliotheken\/?p=25491"},"modified":"2019-09-19T09:05:22","modified_gmt":"2019-09-19T08:05:22","slug":"shortlist-fuer-den-deutschen-buchpreis-2019-bekanntgegeben","status":"publish","type":"post","link":"https:\/\/blogs.fu-berlin.de\/bibliotheken\/2019\/09\/17\/shortlist-fuer-den-deutschen-buchpreis-2019-bekanntgegeben\/","title":{"rendered":"Shortlist f\u00fcr den Deutschen Buchpreis 2019 bekanntgegeben"},"content":{"rendered":"<p><a href=\"https:\/\/www.deutscher-buchpreis.de\/\"><img loading=\"lazy\" decoding=\"async\" class=\"alignright wp-image-25409\" src=\"https:\/\/blogs.fu-berlin.de\/bibliotheken\/files\/2019\/08\/buchpreis2019.png\" alt=\"\" width=\"150\" height=\"115\" \/><\/a>Der B\u00f6rsenverein des deutschen Buchhandels hat <a href=\"https:\/\/www.deutscher-buchpreis.de\/nominiert\/#section-shortlist\" target=\"_blank\" rel=\"noopener\">die sechs Finalisten f\u00fcr den Deutschen Buchpreis<\/a> bekanntgegeben. Drei Autorinnen und drei Autoren konnten sich mit ihren Romanen durchsetzen. Insgesamt waren 203 Titel f\u00fcr den Literaturpreis eingereicht worden.<\/p>\n<p><strong>Die 6 Nominierten im \u00dcberblick:<br \/>\n<\/strong>(verf\u00fcgbare Titel sind verlinkt und \u00fcberwiegend in der <a href=\"https:\/\/www.fu-berlin.de\/sites\/bibliotheken\/bibliothekenfuehrer\/philologische_bibliothek\/index.html\">Philologischen Bibliothek<\/a> bzw. teilweise auch in der\u00a0 <a href=\"https:\/\/www.fu-berlin.de\/sites\/ub\">Universit\u00e4tsbibliothek<\/a> vorhanden):<\/p>\n<ul>\n<li>Raphaela Edelbauer: <a href=\"https:\/\/fu-berlin.hosted.exlibrisgroup.com\/permalink\/f\/132asq2\/FUB_ALMA_DS211015274480002883\"><b>Das fl\u00fcssige Land<\/b><\/a> (Klett-Cotta, August 2019)<\/li>\n<li>Miku Sophie K\u00fchmel: <a href=\"https:\/\/fu-berlin.hosted.exlibrisgroup.com\/permalink\/f\/1ocvsku\/FUB_ALMA_DS211014739000002883\"><b>Kintsugi<\/b><\/a> (S. Fischer, August 2019)<\/li>\n<li>Tonio Schachinger: <a href=\"https:\/\/fu-berlin.hosted.exlibrisgroup.com\/permalink\/f\/1ocvsku\/FUB_ALMA_DS211014892340002883\"><b>Nicht wie ihr <\/b><\/a>(Kremayr &amp; Scheriau, September 2019)<\/li>\n<li>Norbert Scheuer: <a href=\"https:\/\/fu-berlin.hosted.exlibrisgroup.com\/permalink\/f\/1ocvsku\/FUB_ALMA_DS211015274260002883\"><b>Winterbienen<\/b><\/a> (C.H.Beck, Juli 2019)<\/li>\n<li>Sa\u0161a Stani\u0161i\u0107: <a href=\"https:\/\/fu-berlin.hosted.exlibrisgroup.com\/permalink\/f\/1ocvsku\/FUB_ALMA_DS211009213640002883\"><b>Herkunft<\/b><\/a> (Luchterhand, M\u00e4rz 2019)<\/li>\n<li>Jackie Thomae: <a href=\"https:\/\/fu-berlin.hosted.exlibrisgroup.com\/permalink\/f\/1ocvsku\/FUB_ALMA_DS211015274230002883\"><b>Br\u00fcder<\/b><\/a> (Hanser Berlin, August 2019)<\/li>\n<\/ul>\n<figure id=\"attachment_25494\" aria-describedby=\"caption-attachment-25494\" style=\"width: 500px\" class=\"wp-caption aligncenter\"><a href=\"https:\/\/blogs.fu-berlin.de\/bibliotheken\/files\/2019\/09\/dbp19_SL-liegend_c_vntr.media_500x500.jpg\"><img loading=\"lazy\" decoding=\"async\" class=\"wp-image-25494 size-full\" src=\"https:\/\/blogs.fu-berlin.de\/bibliotheken\/files\/2019\/09\/dbp19_SL-liegend_c_vntr.media_500x500.jpg\" alt=\"Die Titel der Shortlist 2019 (Copyright: vntr.media)\" width=\"500\" height=\"499\" srcset=\"https:\/\/blogs.fu-berlin.de\/bibliotheken\/files\/2019\/09\/dbp19_SL-liegend_c_vntr.media_500x500.jpg 500w, https:\/\/blogs.fu-berlin.de\/bibliotheken\/files\/2019\/09\/dbp19_SL-liegend_c_vntr.media_500x500-150x150.jpg 150w, https:\/\/blogs.fu-berlin.de\/bibliotheken\/files\/2019\/09\/dbp19_SL-liegend_c_vntr.media_500x500-300x300.jpg 300w\" sizes=\"auto, (max-width: 500px) 85vw, 500px\" \/><\/a><figcaption id=\"caption-attachment-25494\" class=\"wp-caption-text\">Die Titel der Shortlist 2019 (Copyright: vntr.media)<\/figcaption><\/figure>\n<p>Zwar k\u00f6nnten die Titel auf der Shortlist laut dem freien Literaturkritiker und Jurysprecher J\u00f6rg Magenau formal und stilistisch unterschiedlicher nicht sein, doch thematisch g\u00e4be es eine Verbindung:<\/p>\n<blockquote><p>\u201eIn allen geht es um famili\u00e4re Zusammenh\u00e4nge, um den Ort in der globalen Welt, von dem aus das eigene Dasein zu begreifen ist. Dass dabei vor allem die Identit\u00e4t des Mannes problematisch geworden ist, beschreiben sie mal aus weiblicher, mal aus m\u00e4nnlicher Perspektive.\u201c<\/p><\/blockquote>\n<p>Dabei \u00fcberzeugten laut Megenau gerade die j\u00fcngeren Preisanw\u00e4rter. So sind mit Raphaela Edelbauer, Miku Sophie K\u00fchmel und Tonio Schachinger drei Romandeb\u00fctanten auf der Shortlist vertreten, die in den 1990er-Jahren geboren sind. Die Journalistin Jackie Thomae erreichte f\u00fcr ihren zweiten ver\u00f6ffentlichten Roman erstmals das Finale. Das Gef\u00fchl, es auf die Shortlist geschafft zu haben, kennen dagegen bereits Norbert Scheuer (2009 f\u00fcr <a href=\"https:\/\/fu-berlin.hosted.exlibrisgroup.com\/permalink\/f\/132asq2\/FUB_ALMA_DS21850597720002883\"><em>\u00dcberm Rauschen<\/em><\/a>) und Sa\u0161a Stani\u0161i\u0107 (2006 f\u00fcr <a href=\"https:\/\/fu-berlin.hosted.exlibrisgroup.com\/permalink\/f\/132asq2\/FUB_ALMA_DS21980464200002883\"><i>Wie der Soldat das Grammofon repariert<\/i><\/a>). Letzterer stand mit seinem autobiografisch gef\u00e4rbten Roman <em>Herkunft<\/em> nicht nur in der Gunst der Kritiker, sondern erreichte auch die Bestsellerlisten.<\/p>\n<p>Die Shortlist hat die Jury aus einer <a href=\"https:\/\/blogs.fu-berlin.de\/bibliotheken\/2019\/08\/20\/longlist-fuer-den-deutschen-buchpreis-2019-veroeffentlicht\/\">Longlist mit 20 Titeln<\/a> ausgew\u00e4hlt. Neben J\u00f6rg Magenau geh\u00f6rt der diesj\u00e4hrigen Buchpreis-Jury auch die Buchh\u00e4ndlerin und Autorin Petra Hartlieb, Hauke H\u00fcckst\u00e4dt (Literaturhaus Frankfurt am Main), Buchh\u00e4ndler Bj\u00f6rn Lauer, Alf Mentzer (Hessischer Rundfunk), Daniela Strigl (Literaturwissenschaftlerin) und Margarete von Schwarzkopf (Autorin und Literaturkritikerin) an. Sie werden unter den sechs Finalisten auch \u00fcber den \u201eRoman des Jahres\u201c entscheiden, der traditionell zum Auftakt der Frankfurter Buchmesse am 14. Oktober 2019 bekanntgegeben wird. Der oder die Preistr\u00e4gerin erh\u00e4lt 25.000 Euro, die Finalisten je 2500 Euro.<\/p>\n<p><a href=\"https:\/\/blogs.fu-berlin.de\/bibliotheken\/2018\/10\/10\/deutscher-buchpreis-2018-archipel-ist-der-roman-des-jahres-2018\/\">2018<\/a> hatte die fr\u00fchere FU-Angeh\u00f6rige Inger-Maria Mahlke mit ihrem Roman <a href=\"https:\/\/fu-berlin.hosted.exlibrisgroup.com\/primo-explore\/fulldisplay?docid=FUB_ALMA_DS21999513210002883&amp;context=L&amp;vid=FUB&amp;search_scope=FUB_Blended_2&amp;tab=fub&amp;lang=de_DE\"><em>Archipel<\/em><\/a> die Nase vorn.<\/p>\n","protected":false},"excerpt":{"rendered":"<p>Der B\u00f6rsenverein des deutschen Buchhandels hat die sechs Finalisten f\u00fcr den Deutschen Buchpreis bekanntgegeben. Drei Autorinnen und drei Autoren konnten sich mit ihren Romanen durchsetzen. Insgesamt waren 203 Titel f\u00fcr den Literaturpreis eingereicht worden. Die 6 Nominierten im \u00dcberblick: (verf\u00fcgbare Titel sind verlinkt und \u00fcberwiegend in der Philologischen Bibliothek bzw. teilweise auch in der\u00a0 Universit\u00e4tsbibliothek &hellip; <a href=\"https:\/\/blogs.fu-berlin.de\/bibliotheken\/2019\/09\/17\/shortlist-fuer-den-deutschen-buchpreis-2019-bekanntgegeben\/\" class=\"more-link\"><span class=\"screen-reader-text\">\u201eShortlist f\u00fcr den Deutschen Buchpreis 2019 bekanntgegeben\u201c<\/span> weiterlesen<\/a><\/p>\n","protected":false},"author":293,"featured_media":0,"comment_status":"open","ping_status":"open","sticky":false,"template":"","format":"standard","meta":{"footnotes":""},"categories":[9,604,492],"tags":[57543,1050],"class_list":["post-25491","post","type-post","status-publish","format-standard","hentry","category-allgemein","category-ins-netz-geschaut","category-literaturtipps","tag-deutscher-buchpreis","tag-shortlist"],"_links":{"self":[{"href":"https:\/\/blogs.fu-berlin.de\/bibliotheken\/wp-json\/wp\/v2\/posts\/25491","targetHints":{"allow":["GET"]}}],"collection":[{"href":"https:\/\/blogs.fu-berlin.de\/bibliotheken\/wp-json\/wp\/v2\/posts"}],"about":[{"href":"https:\/\/blogs.fu-berlin.de\/bibliotheken\/wp-json\/wp\/v2\/types\/post"}],"author":[{"embeddable":true,"href":"https:\/\/blogs.fu-berlin.de\/bibliotheken\/wp-json\/wp\/v2\/users\/293"}],"replies":[{"embeddable":true,"href":"https:\/\/blogs.fu-berlin.de\/bibliotheken\/wp-json\/wp\/v2\/comments?post=25491"}],"version-history":[{"count":6,"href":"https:\/\/blogs.fu-berlin.de\/bibliotheken\/wp-json\/wp\/v2\/posts\/25491\/revisions"}],"predecessor-version":[{"id":25499,"href":"https:\/\/blogs.fu-berlin.de\/bibliotheken\/wp-json\/wp\/v2\/posts\/25491\/revisions\/25499"}],"wp:attachment":[{"href":"https:\/\/blogs.fu-berlin.de\/bibliotheken\/wp-json\/wp\/v2\/media?parent=25491"}],"wp:term":[{"taxonomy":"category","embeddable":true,"href":"https:\/\/blogs.fu-berlin.de\/bibliotheken\/wp-json\/wp\/v2\/categories?post=25491"},{"taxonomy":"post_tag","embeddable":true,"href":"https:\/\/blogs.fu-berlin.de\/bibliotheken\/wp-json\/wp\/v2\/tags?post=25491"}],"curies":[{"name":"wp","href":"https:\/\/api.w.org\/{rel}","templated":true}]}}