{"id":25525,"date":"2019-10-01T06:53:01","date_gmt":"2019-10-01T05:53:01","guid":{"rendered":"https:\/\/blogs.fu-berlin.de\/bibliotheken\/?p=25525"},"modified":"2021-09-13T13:14:46","modified_gmt":"2021-09-13T12:14:46","slug":"veranstaltungshinweis-digitaler-kapitalismus-29-10-30-10","status":"publish","type":"post","link":"https:\/\/blogs.fu-berlin.de\/bibliotheken\/2019\/10\/01\/veranstaltungshinweis-digitaler-kapitalismus-29-10-30-10\/","title":{"rendered":"Veranstaltungshinweis: Digitaler Kapitalismus (29.10.-30.10.)"},"content":{"rendered":"\n<p><em><span class=\"has-inline-color has-bright-red-color\">Der Betrieb des \u201eDokumentationszentrums UN \u2013 EU\u201c wird eingestellt. Die entsprechende Literatur bleibt im Bestand und ist weiterhin zug\u00e4nglich.<\/span><\/em><\/p>\n\n\n<div id=\"pageContent\" class=\"row\">\n<div class=\"large-12 columns\">\n<div id=\"c84735\" class=\"frame-type-text frame-layout-0 \">\n<p>Vom 29. &#8211; 30. Oktober 2019 findet in der Friedrich-Ebert-Stiftung Berlin (Hiroshimastra\u00dfe 17 &amp; Hiroshimastra\u00dfe 28) ein Kongress zum Thema &#8222;Digitalter Kapitalismus&#8220; statt. Anmelden k\u00f6nnen Sie sich <a href=\"https:\/\/www.fes.de\/digitalcapitalism\/anmeldung\">hier<\/a>.<\/p>\n<\/div>\n<p>Noch mehr Informationen zur UN&amp;EU bekommen Sie in unserem <a href=\"https:\/\/www.ub.fu-berlin.de\/bibliothek\/uneu\/\">Dokumentationszentrum UN-EU<\/a>.<\/p>\n<\/div>\n<\/div>","protected":false},"excerpt":{"rendered":"<p>Der Betrieb des \u201eDokumentationszentrums UN \u2013 EU\u201c wird eingestellt. Die entsprechende Literatur bleibt im Bestand und ist weiterhin zug\u00e4nglich. Vom 29. &#8211; 30. Oktober 2019 findet in der Friedrich-Ebert-Stiftung Berlin (Hiroshimastra\u00dfe 17 &amp; Hiroshimastra\u00dfe 28) ein Kongress zum Thema &#8222;Digitalter Kapitalismus&#8220; statt. Anmelden k\u00f6nnen Sie sich hier. Noch mehr Informationen zur UN&amp;EU bekommen Sie in &hellip; <a href=\"https:\/\/blogs.fu-berlin.de\/bibliotheken\/2019\/10\/01\/veranstaltungshinweis-digitaler-kapitalismus-29-10-30-10\/\" class=\"more-link\"><span class=\"screen-reader-text\">\u201eVeranstaltungshinweis: Digitaler Kapitalismus (29.10.-30.10.)\u201c<\/span> weiterlesen<\/a><\/p>\n","protected":false},"author":3230,"featured_media":0,"comment_status":"open","ping_status":"open","sticky":false,"template":"","format":"standard","meta":{"footnotes":""},"categories":[9,604,70],"tags":[480,2458,2924],"class_list":["post-25525","post","type-post","status-publish","format-standard","hentry","category-allgemein","category-ins-netz-geschaut","category-veranstaltungen","tag-digitalisierung","tag-dokumentationszentrum-un-eu","tag-friedrich-ebert-stiftung"],"_links":{"self":[{"href":"https:\/\/blogs.fu-berlin.de\/bibliotheken\/wp-json\/wp\/v2\/posts\/25525","targetHints":{"allow":["GET"]}}],"collection":[{"href":"https:\/\/blogs.fu-berlin.de\/bibliotheken\/wp-json\/wp\/v2\/posts"}],"about":[{"href":"https:\/\/blogs.fu-berlin.de\/bibliotheken\/wp-json\/wp\/v2\/types\/post"}],"author":[{"embeddable":true,"href":"https:\/\/blogs.fu-berlin.de\/bibliotheken\/wp-json\/wp\/v2\/users\/3230"}],"replies":[{"embeddable":true,"href":"https:\/\/blogs.fu-berlin.de\/bibliotheken\/wp-json\/wp\/v2\/comments?post=25525"}],"version-history":[{"count":4,"href":"https:\/\/blogs.fu-berlin.de\/bibliotheken\/wp-json\/wp\/v2\/posts\/25525\/revisions"}],"predecessor-version":[{"id":29148,"href":"https:\/\/blogs.fu-berlin.de\/bibliotheken\/wp-json\/wp\/v2\/posts\/25525\/revisions\/29148"}],"wp:attachment":[{"href":"https:\/\/blogs.fu-berlin.de\/bibliotheken\/wp-json\/wp\/v2\/media?parent=25525"}],"wp:term":[{"taxonomy":"category","embeddable":true,"href":"https:\/\/blogs.fu-berlin.de\/bibliotheken\/wp-json\/wp\/v2\/categories?post=25525"},{"taxonomy":"post_tag","embeddable":true,"href":"https:\/\/blogs.fu-berlin.de\/bibliotheken\/wp-json\/wp\/v2\/tags?post=25525"}],"curies":[{"name":"wp","href":"https:\/\/api.w.org\/{rel}","templated":true}]}}