{"id":25529,"date":"2019-10-03T09:13:38","date_gmt":"2019-10-03T08:13:38","guid":{"rendered":"https:\/\/blogs.fu-berlin.de\/bibliotheken\/?p=25529"},"modified":"2021-09-13T13:13:48","modified_gmt":"2021-09-13T12:13:48","slug":"veranstaltungshinweis-der-konflikt-in-kamerun-moeglichkeiten-des-krisenmanagements","status":"publish","type":"post","link":"https:\/\/blogs.fu-berlin.de\/bibliotheken\/2019\/10\/03\/veranstaltungshinweis-der-konflikt-in-kamerun-moeglichkeiten-des-krisenmanagements\/","title":{"rendered":"Veranstaltungshinweis: Der Konflikt in Kamerun &#8211; M\u00f6glichkeiten des Krisenmanagements (22.10.)"},"content":{"rendered":"\n<p><em><span class=\"has-inline-color has-bright-red-color\">Der Betrieb des \u201eDokumentationszentrums UN \u2013 EU\u201c wird eingestellt. Die entsprechende Literatur bleibt im Bestand und ist weiterhin zug\u00e4nglich.<\/span><\/em><\/p>\n\n\n<p>Die Deutsche Gesellschaft f\u00fcr die Vereinten Nationen Berlin l\u00e4dt zu einer Veranstaltung am 22.10. ein. Thema ist &#8222;Der Konflikt in Kamerun: M\u00f6glichkeiten des Krisenmanagements&#8220;. Die Veranstaltung findet ab 18 Uhr im Dietrich-Bonhoeffer-Haus (Ziegelstra\u00dfe 30, 10117 Berlin) statt. Um eine <a href=\"https:\/\/dgvn.berlin\/anmeldung\/\">Anmeldung<\/a> wird gebeten.<\/p>\n<p>Noch mehr Informationen zur UN bekommen Sie in unserem <a href=\"https:\/\/www.ub.fu-berlin.de\/bibliothek\/uneu\/\">Dokumentationszentrum UN-EU<\/a>.<\/p>","protected":false},"excerpt":{"rendered":"<p>Der Betrieb des \u201eDokumentationszentrums UN \u2013 EU\u201c wird eingestellt. Die entsprechende Literatur bleibt im Bestand und ist weiterhin zug\u00e4nglich. Die Deutsche Gesellschaft f\u00fcr die Vereinten Nationen Berlin l\u00e4dt zu einer Veranstaltung am 22.10. ein. Thema ist &#8222;Der Konflikt in Kamerun: M\u00f6glichkeiten des Krisenmanagements&#8220;. Die Veranstaltung findet ab 18 Uhr im Dietrich-Bonhoeffer-Haus (Ziegelstra\u00dfe 30, 10117 Berlin) &hellip; <a href=\"https:\/\/blogs.fu-berlin.de\/bibliotheken\/2019\/10\/03\/veranstaltungshinweis-der-konflikt-in-kamerun-moeglichkeiten-des-krisenmanagements\/\" class=\"more-link\"><span class=\"screen-reader-text\">\u201eVeranstaltungshinweis: Der Konflikt in Kamerun &#8211; M\u00f6glichkeiten des Krisenmanagements (22.10.)\u201c<\/span> weiterlesen<\/a><\/p>\n","protected":false},"author":3230,"featured_media":0,"comment_status":"open","ping_status":"open","sticky":false,"template":"","format":"standard","meta":{"footnotes":""},"categories":[9,70],"tags":[57511,2458],"class_list":["post-25529","post","type-post","status-publish","format-standard","hentry","category-allgemein","category-veranstaltungen","tag-deutsche-gesellschaft-fuer-die-vereinten-nationen-e-v","tag-dokumentationszentrum-un-eu"],"_links":{"self":[{"href":"https:\/\/blogs.fu-berlin.de\/bibliotheken\/wp-json\/wp\/v2\/posts\/25529","targetHints":{"allow":["GET"]}}],"collection":[{"href":"https:\/\/blogs.fu-berlin.de\/bibliotheken\/wp-json\/wp\/v2\/posts"}],"about":[{"href":"https:\/\/blogs.fu-berlin.de\/bibliotheken\/wp-json\/wp\/v2\/types\/post"}],"author":[{"embeddable":true,"href":"https:\/\/blogs.fu-berlin.de\/bibliotheken\/wp-json\/wp\/v2\/users\/3230"}],"replies":[{"embeddable":true,"href":"https:\/\/blogs.fu-berlin.de\/bibliotheken\/wp-json\/wp\/v2\/comments?post=25529"}],"version-history":[{"count":4,"href":"https:\/\/blogs.fu-berlin.de\/bibliotheken\/wp-json\/wp\/v2\/posts\/25529\/revisions"}],"predecessor-version":[{"id":29146,"href":"https:\/\/blogs.fu-berlin.de\/bibliotheken\/wp-json\/wp\/v2\/posts\/25529\/revisions\/29146"}],"wp:attachment":[{"href":"https:\/\/blogs.fu-berlin.de\/bibliotheken\/wp-json\/wp\/v2\/media?parent=25529"}],"wp:term":[{"taxonomy":"category","embeddable":true,"href":"https:\/\/blogs.fu-berlin.de\/bibliotheken\/wp-json\/wp\/v2\/categories?post=25529"},{"taxonomy":"post_tag","embeddable":true,"href":"https:\/\/blogs.fu-berlin.de\/bibliotheken\/wp-json\/wp\/v2\/tags?post=25529"}],"curies":[{"name":"wp","href":"https:\/\/api.w.org\/{rel}","templated":true}]}}