{"id":2556,"date":"2009-08-28T13:55:29","date_gmt":"2009-08-28T12:55:29","guid":{"rendered":"https:\/\/blogs.fu-berlin.de\/bibliotheken\/?p=2556"},"modified":"2009-09-17T14:50:46","modified_gmt":"2009-09-17T13:50:46","slug":"fachbereichsbibliothek-rechtswissenschaft-konversion-der-zettelkataloge-in-einen-image-katalog","status":"publish","type":"post","link":"https:\/\/blogs.fu-berlin.de\/bibliotheken\/2009\/08\/28\/fachbereichsbibliothek-rechtswissenschaft-konversion-der-zettelkataloge-in-einen-image-katalog\/","title":{"rendered":"Fachbereichsbibliothek Rechtswissenschaft: Konversion der Zettelkataloge in einen Image-Katalog"},"content":{"rendered":"<p>In den vergangenen Wochen im Juli und August haben die Mitarbeiter\/innen der Bibliothek Rechtswissenschaft Karten aus den Zettelkatalogen gezogen und die Katalogsch\u00fcbe mit Zahlen und Zeichen beklebt. Damit bereiten sie die Konversion der Zettelkataloge in einen online im www recherchierbaren Image-Katalog (IPAC) vor. Die Zettelkataloge weisen den Teil der bis 1990 erworbenen Literatur nach, der noch nicht im Online-Katalog erfasst ist. Die Bibliothek baut die Zettelkataloge seit Jahren allm\u00e4hlich ab, indem sie die Literatur kontinuierlich Titel f\u00fcr Titel in den Online-Katalog (OPAC) \u00fcbertr\u00e4gt (sog. Retrokatalogisierung).<\/p>\n<p>Anlass f\u00fcr die Erstellung des Image-Kataloges ist der Umzug von B\u00fcchern und Arbeitspl\u00e4tzen aus dem Hauptlesesaal der Bibliothek in der Van&#8217;t-Hoff-Str. 8 in die ehemalige Mensa in der Van&#8217;t-Hoff-Str. 6 f\u00fcr voraussichtlich etwa ein Jahr. W\u00e4hrend dieser Zeit wird das Erdgeschoss der Hauptbibliothek mit Mitteln aus dem Konjunkturprogramm weiter saniert und neu gestaltet. N\u00e4heres dazu auf den <a href=\"https:\/\/www.jura.fu-berlin.de\/bibliothek\/informationen\/Umzug.html\">Internet-Seiten der Fachbereichsbibliothek<\/a> und im <a href=\"https:\/\/www.fu-berlin.de\/campusleben\/intern\/2009\/090715_mensa\/index.html\">Online-Magazin campus.leben<\/a> der Freien Universit\u00e4t. Weder im Interimsquartier noch im k\u00fcnftigen umgestalteten Lesesaal der Hauptbibliothek wird es Platz f\u00fcr die Zettelkataloge geben.<\/p>\n<p>Die Bibliothek wird daher w\u00e4hrend des Umzugs, der am 21. September 2009 beginnen soll, alle Zettelkataloge in der Hauptbibliothek und der Bibliothek f\u00fcr Deutsche Rechtsgeschichte sowie die systematischen, also nach Signaturen sortierten Zettelkataloge der Bibliotheken f\u00fcr R\u00f6mische Rechtsgeschichte und f\u00fcr Rechtssoziologie abbauen.<br \/>\nEine Recherche nach Literatur, die in den sytematischen Katalogen nachgewiesen ist, wird vor\u00fcbergehend nicht m\u00f6glich sein. Das ist vertretbar, weil die Leser\/innen die Zettelkataloge immer weniger benutzen und weil sie im Lesesaal die systematisch, also nach Sachgebieten aufgestellte Literatur erfahrungsgem\u00e4\u00df oft ohne Katalogrecherche finden.<\/p>\n<p>Die alphabetischen Zettelkataloge der Hauptbibliothek und der Bibliothek f\u00fcr Deutsche Rechtsgeschichte werden vor\u00fcbergehend im Magazin der Hauptbibliothek stehen. Bei Bedarf kann das Thekenpersonal aus der Hauptbibliothek in der Van&#8217;t-Hoff-Str. 8, 1. OG, den Zugang erm\u00f6glichen.<br \/>\nIm Fr\u00fchjahr 2010 wird dann der Image-Katalog fertiggestellt sein. Darin ist eine Recherche nach Verfasser, Titelstichwort, Erscheinungsjahr und Signatur m\u00f6glich. Als Rechercheergebnis erscheinen Bilder der gescannten Katalogkarten. \u00c4hnliche Imagekataloge finden sich im FU-Katalog bereits in der Suchfunktion \u201eMehrere Kataloge&#8220; f\u00fcr die \u00e4lteren Best\u00e4nde der Philologischen Bibliothek und die Bibliotheken Wirtschaftswissenschaften, Theaterwissenschaft und Musikwissenschaft.<br \/>\nDie Katalogkonversion verbessert die Recherchem\u00f6glichkeiten erheblich. Die Literatursuche ist nicht nur im Lesesaal, sondern von Rechnern in der ganzen Welt aus, m\u00f6glich; sie beschleunigt sich erheblich, weil das zeitraubende Bl\u00e4ttern in den Katalogkarten entf\u00e4llt; und es gibt mit dem Erscheinungsjahr und einzelnen Titelstichworten zus\u00e4tzliche Suchoptionen gegen\u00fcber den Systematischen und Alphabetischen Zettelkatalogen.<\/p>\n","protected":false},"excerpt":{"rendered":"<p>In den vergangenen Wochen im Juli und August haben die Mitarbeiter\/innen der Bibliothek Rechtswissenschaft Karten aus den Zettelkatalogen gezogen und die Katalogsch\u00fcbe mit Zahlen und Zeichen beklebt. Damit bereiten sie die Konversion der Zettelkataloge in einen online im www recherchierbaren Image-Katalog (IPAC) vor. Die Zettelkataloge weisen den Teil der bis 1990 erworbenen Literatur nach, der &hellip; <a href=\"https:\/\/blogs.fu-berlin.de\/bibliotheken\/2009\/08\/28\/fachbereichsbibliothek-rechtswissenschaft-konversion-der-zettelkataloge-in-einen-image-katalog\/\" class=\"more-link\"><span class=\"screen-reader-text\">\u201eFachbereichsbibliothek Rechtswissenschaft: Konversion der Zettelkataloge in einen Image-Katalog\u201c<\/span> weiterlesen<\/a><\/p>\n","protected":false},"author":313,"featured_media":0,"comment_status":"open","ping_status":"open","sticky":false,"template":"","format":"standard","meta":{"footnotes":""},"categories":[9,600],"tags":[],"class_list":["post-2556","post","type-post","status-publish","format-standard","hentry","category-allgemein","category-fachbibliotheken"],"_links":{"self":[{"href":"https:\/\/blogs.fu-berlin.de\/bibliotheken\/wp-json\/wp\/v2\/posts\/2556","targetHints":{"allow":["GET"]}}],"collection":[{"href":"https:\/\/blogs.fu-berlin.de\/bibliotheken\/wp-json\/wp\/v2\/posts"}],"about":[{"href":"https:\/\/blogs.fu-berlin.de\/bibliotheken\/wp-json\/wp\/v2\/types\/post"}],"author":[{"embeddable":true,"href":"https:\/\/blogs.fu-berlin.de\/bibliotheken\/wp-json\/wp\/v2\/users\/313"}],"replies":[{"embeddable":true,"href":"https:\/\/blogs.fu-berlin.de\/bibliotheken\/wp-json\/wp\/v2\/comments?post=2556"}],"version-history":[{"count":4,"href":"https:\/\/blogs.fu-berlin.de\/bibliotheken\/wp-json\/wp\/v2\/posts\/2556\/revisions"}],"predecessor-version":[{"id":2751,"href":"https:\/\/blogs.fu-berlin.de\/bibliotheken\/wp-json\/wp\/v2\/posts\/2556\/revisions\/2751"}],"wp:attachment":[{"href":"https:\/\/blogs.fu-berlin.de\/bibliotheken\/wp-json\/wp\/v2\/media?parent=2556"}],"wp:term":[{"taxonomy":"category","embeddable":true,"href":"https:\/\/blogs.fu-berlin.de\/bibliotheken\/wp-json\/wp\/v2\/categories?post=2556"},{"taxonomy":"post_tag","embeddable":true,"href":"https:\/\/blogs.fu-berlin.de\/bibliotheken\/wp-json\/wp\/v2\/tags?post=2556"}],"curies":[{"name":"wp","href":"https:\/\/api.w.org\/{rel}","templated":true}]}}