{"id":25615,"date":"2019-10-22T12:00:28","date_gmt":"2019-10-22T11:00:28","guid":{"rendered":"https:\/\/blogs.fu-berlin.de\/bibliotheken\/?p=25615"},"modified":"2021-09-13T13:12:32","modified_gmt":"2021-09-13T12:12:32","slug":"un2020-welche-zukunft-wollen-wir-welche-vereinten-nationen-brauchen-wir","status":"publish","type":"post","link":"https:\/\/blogs.fu-berlin.de\/bibliotheken\/2019\/10\/22\/un2020-welche-zukunft-wollen-wir-welche-vereinten-nationen-brauchen-wir\/","title":{"rendered":"UN2020: Welche Zukunft wollen wir, welche Vereinten Nationen brauchen wir?"},"content":{"rendered":"\n<p><em><span class=\"has-inline-color has-bright-red-color\">Der Betrieb des \u201eDokumentationszentrums UN \u2013 EU\u201c wird eingestellt. Die entsprechende Literatur bleibt im Bestand und ist weiterhin zug\u00e4nglich.<\/span><\/em><\/p>\n\n\n<p><figure id=\"attachment_25619\" aria-describedby=\"caption-attachment-25619\" style=\"width: 300px\" class=\"wp-caption alignright\"><img loading=\"lazy\" decoding=\"async\" class=\"size-medium wp-image-25619\" src=\"https:\/\/blogs.fu-berlin.de\/bibliotheken\/files\/2019\/10\/united-nations-3760656_1920-300x200.jpg\" alt=\"\" width=\"300\" height=\"200\" srcset=\"https:\/\/blogs.fu-berlin.de\/bibliotheken\/files\/2019\/10\/united-nations-3760656_1920-300x200.jpg 300w, https:\/\/blogs.fu-berlin.de\/bibliotheken\/files\/2019\/10\/united-nations-3760656_1920-1200x801.jpg 1200w, https:\/\/blogs.fu-berlin.de\/bibliotheken\/files\/2019\/10\/united-nations-3760656_1920.jpg 1920w\" sizes=\"auto, (max-width: 300px) 85vw, 300px\" \/><figcaption id=\"caption-attachment-25619\" class=\"wp-caption-text\">Bild von 995645 auf Pixabay<\/figcaption><\/figure><\/p>\n<p>Im n\u00e4chsten Jahr werden die Vereinten Nationen 75 Jahre alt. F\u00fcr 2020 hat sich die Weltorganisation folgendes Motto gegeben: \u201eUN2020, The Future we want, the UN we need\u201c.<\/p>\n<p>Die DGVN nimmt dies zum Anlass im Rahmen einer Podiumsdiskussion \u00fcber \u201ewie wir die Vereinten Nationen st\u00e4rken k\u00f6nnen\u201c, zu diskutieren.<\/p>\n<p><strong>Wann:<\/strong> 25. Oktober 2019, 18:30 Uhr (Einlass 18:10 Uhr)<\/p>\n<p><strong>Programm:<\/strong><\/p>\n<p>&#8211; 18:30 Uhr Begr\u00fc\u00dfung Detlef Dzembritzki, DGVN-Vorsitzender<\/p>\n<p>&#8211; 18:35 Uhr Gespr\u00e4chsrunde mit Niels Annen (Staatsminister im Ausw\u00e4rtigen Amt,angefragt), Dr. Marianne Beisheim (Stiftung Wissenschaft und Politik, DGVN-Forschungsrat), Andreas Bummel (Director, Democracy Without Borders) und Dr. Manuela Scheuermann (Universit\u00e4t W\u00fcrzburg), Moderation: Hannah Birkenk\u00f6tter (DGVN-Vorstand)<\/p>\n<p>&#8211; 20:00 Uhr Empfang.<\/p>\n<p><strong>Ort:<\/strong> DBB Forum, Friedrichstra\u00dfe 169, 10117 Berlin<\/p>\n<p><strong>Bitte melden Sie sich an:<\/strong> <a href=\"https:\/\/dgvn.de\/aktivitaeten\/19-10-25-anmeldung-podiumsdiskussion-un2020\/\">DGVN-Onlineformular<\/a>.<\/p>\n<p>Noch mehr Informationen zur UN &amp; EU bekommen Sie in unserem <a href=\"https:\/\/www.ub.fu-berlin.de\/bibliothek\/uneu\/\">Dokumentationszentrum UN-EU<\/a>.<\/p>","protected":false},"excerpt":{"rendered":"<p>Der Betrieb des \u201eDokumentationszentrums UN \u2013 EU\u201c wird eingestellt. Die entsprechende Literatur bleibt im Bestand und ist weiterhin zug\u00e4nglich. Im n\u00e4chsten Jahr werden die Vereinten Nationen 75 Jahre alt. F\u00fcr 2020 hat sich die Weltorganisation folgendes Motto gegeben: \u201eUN2020, The Future we want, the UN we need\u201c. Die DGVN nimmt dies zum Anlass im Rahmen &hellip; <a href=\"https:\/\/blogs.fu-berlin.de\/bibliotheken\/2019\/10\/22\/un2020-welche-zukunft-wollen-wir-welche-vereinten-nationen-brauchen-wir\/\" class=\"more-link\"><span class=\"screen-reader-text\">\u201eUN2020: Welche Zukunft wollen wir, welche Vereinten Nationen brauchen wir?\u201c<\/span> weiterlesen<\/a><\/p>\n","protected":false},"author":2907,"featured_media":0,"comment_status":"open","ping_status":"open","sticky":false,"template":"","format":"standard","meta":{"footnotes":""},"categories":[70],"tags":[57510,2458,2460,12086],"class_list":["post-25615","post","type-post","status-publish","format-standard","hentry","category-veranstaltungen","tag-dgvn","tag-dokumentationszentrum-un-eu","tag-podiumsdiskussion","tag-vereinte-nationen"],"_links":{"self":[{"href":"https:\/\/blogs.fu-berlin.de\/bibliotheken\/wp-json\/wp\/v2\/posts\/25615","targetHints":{"allow":["GET"]}}],"collection":[{"href":"https:\/\/blogs.fu-berlin.de\/bibliotheken\/wp-json\/wp\/v2\/posts"}],"about":[{"href":"https:\/\/blogs.fu-berlin.de\/bibliotheken\/wp-json\/wp\/v2\/types\/post"}],"author":[{"embeddable":true,"href":"https:\/\/blogs.fu-berlin.de\/bibliotheken\/wp-json\/wp\/v2\/users\/2907"}],"replies":[{"embeddable":true,"href":"https:\/\/blogs.fu-berlin.de\/bibliotheken\/wp-json\/wp\/v2\/comments?post=25615"}],"version-history":[{"count":6,"href":"https:\/\/blogs.fu-berlin.de\/bibliotheken\/wp-json\/wp\/v2\/posts\/25615\/revisions"}],"predecessor-version":[{"id":29140,"href":"https:\/\/blogs.fu-berlin.de\/bibliotheken\/wp-json\/wp\/v2\/posts\/25615\/revisions\/29140"}],"wp:attachment":[{"href":"https:\/\/blogs.fu-berlin.de\/bibliotheken\/wp-json\/wp\/v2\/media?parent=25615"}],"wp:term":[{"taxonomy":"category","embeddable":true,"href":"https:\/\/blogs.fu-berlin.de\/bibliotheken\/wp-json\/wp\/v2\/categories?post=25615"},{"taxonomy":"post_tag","embeddable":true,"href":"https:\/\/blogs.fu-berlin.de\/bibliotheken\/wp-json\/wp\/v2\/tags?post=25615"}],"curies":[{"name":"wp","href":"https:\/\/api.w.org\/{rel}","templated":true}]}}