{"id":25624,"date":"2019-10-24T07:05:25","date_gmt":"2019-10-24T06:05:25","guid":{"rendered":"https:\/\/blogs.fu-berlin.de\/bibliotheken\/?p=25624"},"modified":"2021-09-16T13:28:53","modified_gmt":"2021-09-16T12:28:53","slug":"tag-der-vereinten-nationen","status":"publish","type":"post","link":"https:\/\/blogs.fu-berlin.de\/bibliotheken\/2019\/10\/24\/tag-der-vereinten-nationen\/","title":{"rendered":"Tag der Vereinten Nationen"},"content":{"rendered":"\n<p><em><span class=\"has-inline-color has-bright-red-color\">Der Betrieb des \u201eDokumentationszentrums UN \u2013 EU\u201c wird eingestellt. Die entsprechende Literatur bleibt im Bestand und ist weiterhin zug\u00e4nglich.<\/span><\/em><\/p>\n\n\n<p><figure id=\"attachment_23540\" aria-describedby=\"caption-attachment-23540\" style=\"width: 400px\" class=\"wp-caption alignright\"><img loading=\"lazy\" decoding=\"async\" class=\"wp-image-23540\" src=\"https:\/\/blogs.fu-berlin.de\/bibliotheken\/files\/2018\/07\/flag-3158666_1920-300x200.jpg\" alt=\"\" width=\"400\" height=\"267\" srcset=\"https:\/\/blogs.fu-berlin.de\/bibliotheken\/files\/2018\/07\/flag-3158666_1920-300x200.jpg 300w, https:\/\/blogs.fu-berlin.de\/bibliotheken\/files\/2018\/07\/flag-3158666_1920-1200x800.jpg 1200w, https:\/\/blogs.fu-berlin.de\/bibliotheken\/files\/2018\/07\/flag-3158666_1920.jpg 1920w\" sizes=\"auto, (max-width: 400px) 85vw, 400px\" \/><figcaption id=\"caption-attachment-23540\" class=\"wp-caption-text\">Quelle: pixabay.com \u2013 CC0 License<\/figcaption><\/figure><\/p>\n<p>Heute ist der <a href=\"https:\/\/www.un.org\/en\/events\/unday\/index.shtml\">Tag der Vereinten Nationen<\/a>!&nbsp;Die Vereinten Nationen wurden am 24. Oktober 1945 offiziell ins Leben gerufen.&nbsp;1948 erkl\u00e4rte die Generalversammlung der <a href=\"https:\/\/www.un.org\/en\/\">Vereinten Nationen<\/a> den 24. Oktober zum Jahrestag der Charta der Vereinten Nationen &#8211; &#8222;shall be devoted to making known to the people of the world the aims and achievements of the United Nations and to gaining their support for&#8220; &#8211; siehe <a href=\"https:\/\/www.un.org\/ga\/search\/view_doc.asp?symbol=A\/RES\/168(II)\">A\/RES\/168(II).<\/a><\/p>\n<p>1971 verabschiedete die Generalversammlung der Vereinten Nationen eine weitere Resolution <a href=\"https:\/\/undocs.org\/en\/A\/RES\/2782(XXVI)\">-A\/RES\/2782(XXVI)-<\/a>, in der sie erkl\u00e4rte, dass der Tag der Vereinten Nationen ein internationaler Feiertag sein soll, und empfahl, dass er von den Mitgliedstaaten der Vereinten Nationen als Feiertag abgehalten werden sollte.<\/p>\n<p>Die erste Veranstaltung mit dem Titel &#8222;Tag der Vereinten Nationen&#8220; war ein Tag der Solidarit\u00e4t und der Milit\u00e4rparaden der Alliierten des Zweiten Weltkriegs, die von US-Pr\u00e4sident Franklin D. Roosevelt am 14. Juni 1942 (Tag der US-Flagge), sechs Monate nach der <a href=\"https:\/\/www.un.org\/en\/sections\/history-united-nations-charter\/1942-declaration-united-nations\/index.html\">Erkl\u00e4rung der Vereinten Nationen<\/a> von 1942 initiiert wurde.<\/p>\n<p>In den Vereinigten Staaten hat der Pr\u00e4sident seit 1948 jedes Jahr eine Proklamation zum Tag der Vereinten Nationen herausgegeben. Zuletzt, im Jahr 2018, wurde sie von Donald Trump <a href=\"https:\/\/www.govinfo.gov\/app\/details\/DCPD-201800723\">unterzeichnet.<\/a><\/p>\n<p>Noch mehr Informationen zur UN bekommen Sie in unserem <a href=\"https:\/\/www.ub.fu-berlin.de\/bibliothek\/uneu\/\">Dokumentationszentrum UN-EU<\/a>.<\/p>","protected":false},"excerpt":{"rendered":"<p>Der Betrieb des \u201eDokumentationszentrums UN \u2013 EU\u201c wird eingestellt. Die entsprechende Literatur bleibt im Bestand und ist weiterhin zug\u00e4nglich. Heute ist der Tag der Vereinten Nationen!&nbsp;Die Vereinten Nationen wurden am 24. Oktober 1945 offiziell ins Leben gerufen.&nbsp;1948 erkl\u00e4rte die Generalversammlung der Vereinten Nationen den 24. Oktober zum Jahrestag der Charta der Vereinten Nationen &#8211; &#8222;shall &hellip; <a href=\"https:\/\/blogs.fu-berlin.de\/bibliotheken\/2019\/10\/24\/tag-der-vereinten-nationen\/\" class=\"more-link\"><span class=\"screen-reader-text\">\u201eTag der Vereinten Nationen\u201c<\/span> weiterlesen<\/a><\/p>\n","protected":false},"author":3230,"featured_media":0,"comment_status":"open","ping_status":"open","sticky":false,"template":"","format":"standard","meta":{"footnotes":""},"categories":[9],"tags":[2458,218353,237756,218440,12086],"class_list":["post-25624","post","type-post","status-publish","format-standard","hentry","category-allgemein","tag-dokumentationszentrum-un-eu","tag-feiertag","tag-tag-der-vereinten-nationen","tag-united-nations","tag-vereinte-nationen"],"_links":{"self":[{"href":"https:\/\/blogs.fu-berlin.de\/bibliotheken\/wp-json\/wp\/v2\/posts\/25624","targetHints":{"allow":["GET"]}}],"collection":[{"href":"https:\/\/blogs.fu-berlin.de\/bibliotheken\/wp-json\/wp\/v2\/posts"}],"about":[{"href":"https:\/\/blogs.fu-berlin.de\/bibliotheken\/wp-json\/wp\/v2\/types\/post"}],"author":[{"embeddable":true,"href":"https:\/\/blogs.fu-berlin.de\/bibliotheken\/wp-json\/wp\/v2\/users\/3230"}],"replies":[{"embeddable":true,"href":"https:\/\/blogs.fu-berlin.de\/bibliotheken\/wp-json\/wp\/v2\/comments?post=25624"}],"version-history":[{"count":8,"href":"https:\/\/blogs.fu-berlin.de\/bibliotheken\/wp-json\/wp\/v2\/posts\/25624\/revisions"}],"predecessor-version":[{"id":29623,"href":"https:\/\/blogs.fu-berlin.de\/bibliotheken\/wp-json\/wp\/v2\/posts\/25624\/revisions\/29623"}],"wp:attachment":[{"href":"https:\/\/blogs.fu-berlin.de\/bibliotheken\/wp-json\/wp\/v2\/media?parent=25624"}],"wp:term":[{"taxonomy":"category","embeddable":true,"href":"https:\/\/blogs.fu-berlin.de\/bibliotheken\/wp-json\/wp\/v2\/categories?post=25624"},{"taxonomy":"post_tag","embeddable":true,"href":"https:\/\/blogs.fu-berlin.de\/bibliotheken\/wp-json\/wp\/v2\/tags?post=25624"}],"curies":[{"name":"wp","href":"https:\/\/api.w.org\/{rel}","templated":true}]}}