{"id":25646,"date":"2019-11-04T18:23:04","date_gmt":"2019-11-04T17:23:04","guid":{"rendered":"https:\/\/blogs.fu-berlin.de\/bibliotheken\/?p=25646"},"modified":"2019-11-19T08:31:03","modified_gmt":"2019-11-19T07:31:03","slug":"prix-goncourt-2019-an-jean-paul-dubois","status":"publish","type":"post","link":"https:\/\/blogs.fu-berlin.de\/bibliotheken\/2019\/11\/04\/prix-goncourt-2019-an-jean-paul-dubois\/","title":{"rendered":"Prix Goncourt 2019 an Jean-Paul Dubois"},"content":{"rendered":"<p>Nach Deutschland (<a href=\"https:\/\/blogs.fu-berlin.de\/bibliotheken\/2019\/10\/15\/deutscher-buchpreis-2019-an-sasa-stanisic\/\">Deutscher Buchpreis<\/a> an <em>Herkunft <\/em>von Sa\u0161a Stani\u0161i\u0107) und Gro\u00dfbritannien (Booker Prize ex aequo an Margaret Atwood und Bernardine Evaristo) hat auch Frankreich seine wichtigste Auszeichnung f\u00fcr den besten Roman des Jahres vergeben. Der <a href=\"https:\/\/academie-goncourt.fr\/\">Prix Goncourt<\/a> geht 2019 an Jean-Paul Dubois f\u00fcr seinen Roman <a href=\"https:\/\/fu-berlin.hosted.exlibrisgroup.com\/permalink\/f\/132asq2\/FUB_ALMA_DS211016405660002883\"><i>Tous les hommes n\u2019habitent pas le monde de la m\u00eame fa\u00e7on<\/i><\/a>. Der Literaturpreis ist symbolisch mit \u201enur\u201c 10 Euro dotiert, gilt aber als verkaufsf\u00f6rdernste aller Auszeichnungen auf dem franz\u00f6sischen Buchmarkt.<\/p>\n<figure id=\"attachment_22067\" aria-describedby=\"caption-attachment-22067\" style=\"width: 158px\" class=\"wp-caption alignright\"><a href=\"https:\/\/fu-berlin.hosted.exlibrisgroup.com\/permalink\/f\/132asq2\/FUB_ALMA_DS211016405660002883\"><img loading=\"lazy\" decoding=\"async\" class=\"wp-image-22067 size-medium\" src=\"https:\/\/blogs.fu-berlin.de\/bibliotheken\/files\/2019\/11\/dupois.jpg\" alt=\"\" width=\"158\" height=\"300\" \/><\/a><figcaption id=\"caption-attachment-22067\" class=\"wp-caption-text\">Preistr\u00e4ger 2019: Tous les hommes n\u2019habitent pas le monde de la m\u00eame fa\u00e7on (Verlag L&#8217;Olivier)<\/figcaption><\/figure>\n<p>Der tragikomische Roman (dt. etwa &#8222;Die Menschen bewohnen die Erde auf unterschiedliche Weise&#8220;) stellt den Pfarrerssohn Paul Hansen in den Mittelpunkt, der aus einer Gef\u00e4ngniszelle in Montreal heraus eine Bilanz seines bisherigen Lebens zieht. Im Finale um den Prix Goncourt setzte sich Dubois mit 6:4 Stimmen der zehn Acad\u00e9mie-Goncourt-Mitglieder gegen die mitfavorisierte belgische Autorin Am\u00e9lie Nothomb durch. Ihr philosophischer Roman <a href=\"https:\/\/fu-berlin.hosted.exlibrisgroup.com\/permalink\/f\/132asq2\/FUB_ALMA_DS211016935590002883\"><em>Soif <\/em><\/a>\u00fcber die letzten Stunden von Jesus Christus hatte seit Wochen in Frankreich die Bestsellerlisten beherrscht. Bereits in der allj\u00e4hrlich organisierten Umfrage des Fachblatts <em>Livres Hebd<\/em>o unter 16 Literaturjournalisten hatte sich ein Zweikampf zwischen Dubois und Nothomb angedeutet (vgl. <a href=\"https:\/\/www.lepoint.fr\/livres\/le-prix-goncourt-a-l-heure-de-verite-04-11-2019-2345024_37.php\">lepoint.fr<\/a>). Ebenfalls ins Finale waren Jean-Luc Coatalem <em>(La Part du fils)<\/em> und Olivier Rolin <em>(Ext\u00e9rieur monde) <\/em>gelangt.<em><br \/>\n<\/em><\/p>\n<p>Der aus Toulouse stammende Jean-Paul Dubois (* 1950) ist in der franz\u00f6sischen Literaturszene kein Unbekannter und hat bislang mehr als 20 Romane ver\u00f6ffentlicht. F\u00fcr <em><a href=\"https:\/\/fu-berlin.hosted.exlibrisgroup.com\/permalink\/f\/1ocvsku\/FUB_ALMA_DS21929923760002883\">Une vie fran<i>\u00e7<\/i>aise<\/a> <\/em>erhielt er 2004 den renommierten Prix Femina. Danach k\u00fcndigte er seine Stelle als Reporter beim franz\u00f6sischen Nachrichtenmagazin <em>Le Nouvel Observateur<\/em> , die ihn u. a. nach Amerika gef\u00fchrt hatte. Er lebt mittlerweile als freier Schrifsteller wieder in seiner Geburtsstadt. Seine Romane sind laut Fachkritik burlesque und melancholisch gef\u00e4rbt und erinnern an die Werke von Philip Roth und John Updike (vgl.<a href=\"https:\/\/www.nouvelobs.com\/topnews\/20191104.AFP7988\/jean-paul-dubois-la-vie-plus-importante-que-les-livres.html\"> nouvelobs.com<\/a>). Ebenfalls ungew\u00f6hnlich ist die Arbeitsweise von Dubois, der sich selbst als wenig kreativ bezeichnet (vgl. <a href=\"https:\/\/www.lepoint.fr\/livres\/jean-paul-dubois-ecrire-c-etait-mon-loto-sportif-04-11-2019-2345106_37.php\">lepoint.fr<\/a>). Eigenen Angaben zufolge erfinde er nichts in seinen Werken und lasse sich von den Begegnungen mit ungew\u00f6hnlichen Menschen aus seiner Zeit als Journalist inspirieren. Neue Romane schreibe er alle 3-4 Jahre ausnahmslos im Monat M\u00e4rz innerhalb von 15-Stunden-Schichten. Kritiker attestierten Dubois h\u00e4ufig \u00c4hnlichkeiten mit seinen m\u00e4nnlichen Figuren, die oft als <em>Paul<\/em> benannt sind (vgl. <a href=\"https:\/\/www.lemonde.fr\/culture\/article\/2019\/11\/04\/prix-goncourt-2019-jean-paul-dubois-vainqueur-pour-tous-les-hommes-n-habitent-pas-le-monde-de-la-meme-facon_6017966_3246.html\">lemonde.fr<\/a>).<\/p>\n<p>Der am selben Tag vergebene Prix Renaudot ging an <em>La Panth\u00e8re des neiges <\/em>von Sylvain Tesson. Der 47-j\u00e4hrige preisgekr\u00f6nte Reiseschriftsteller machte sich f\u00fcr das Buch gemeinsam mit dem erfahrenen Tierfotografen Vincent Munier ins tibetanische Hochland auf, um den titelgebenden gef\u00e4hrdeten Schneeleoparden nachzusp\u00fcren. Munier steuerte die Fotos bei, Tesson die pers\u00f6nlich gef\u00e4rbten Texte. Auch dieses Buch entwickelte sich in Frankreich zum Bestseller (vgl. <a href=\"https:\/\/www.buchreport.de\/news\/sylvain-tesson-und-die-schneeleoparden\/\">buchreport.de<\/a>). F\u00fcr den Prix Renaudot werden traditionell immer zwei m\u00f6gliche Preistr\u00e4ger ausgew\u00e4hlt, um nicht mit dem Prix Goncourt \u00fcbereinzustimmen.<\/p>\n","protected":false},"excerpt":{"rendered":"<p>Nach Deutschland (Deutscher Buchpreis an Herkunft von Sa\u0161a Stani\u0161i\u0107) und Gro\u00dfbritannien (Booker Prize ex aequo an Margaret Atwood und Bernardine Evaristo) hat auch Frankreich seine wichtigste Auszeichnung f\u00fcr den besten Roman des Jahres vergeben. Der Prix Goncourt geht 2019 an Jean-Paul Dubois f\u00fcr seinen Roman Tous les hommes n\u2019habitent pas le monde de la m\u00eame &hellip; <a href=\"https:\/\/blogs.fu-berlin.de\/bibliotheken\/2019\/11\/04\/prix-goncourt-2019-an-jean-paul-dubois\/\" class=\"more-link\"><span class=\"screen-reader-text\">\u201ePrix Goncourt 2019 an Jean-Paul Dubois\u201c<\/span> weiterlesen<\/a><\/p>\n","protected":false},"author":293,"featured_media":0,"comment_status":"open","ping_status":"open","sticky":false,"template":"","format":"standard","meta":{"footnotes":""},"categories":[9],"tags":[237758,196635,196637],"class_list":["post-25646","post","type-post","status-publish","format-standard","hentry","category-allgemein","tag-jean-paul-dubois","tag-prix-goncourt","tag-prix-renaudot"],"_links":{"self":[{"href":"https:\/\/blogs.fu-berlin.de\/bibliotheken\/wp-json\/wp\/v2\/posts\/25646","targetHints":{"allow":["GET"]}}],"collection":[{"href":"https:\/\/blogs.fu-berlin.de\/bibliotheken\/wp-json\/wp\/v2\/posts"}],"about":[{"href":"https:\/\/blogs.fu-berlin.de\/bibliotheken\/wp-json\/wp\/v2\/types\/post"}],"author":[{"embeddable":true,"href":"https:\/\/blogs.fu-berlin.de\/bibliotheken\/wp-json\/wp\/v2\/users\/293"}],"replies":[{"embeddable":true,"href":"https:\/\/blogs.fu-berlin.de\/bibliotheken\/wp-json\/wp\/v2\/comments?post=25646"}],"version-history":[{"count":10,"href":"https:\/\/blogs.fu-berlin.de\/bibliotheken\/wp-json\/wp\/v2\/posts\/25646\/revisions"}],"predecessor-version":[{"id":25742,"href":"https:\/\/blogs.fu-berlin.de\/bibliotheken\/wp-json\/wp\/v2\/posts\/25646\/revisions\/25742"}],"wp:attachment":[{"href":"https:\/\/blogs.fu-berlin.de\/bibliotheken\/wp-json\/wp\/v2\/media?parent=25646"}],"wp:term":[{"taxonomy":"category","embeddable":true,"href":"https:\/\/blogs.fu-berlin.de\/bibliotheken\/wp-json\/wp\/v2\/categories?post=25646"},{"taxonomy":"post_tag","embeddable":true,"href":"https:\/\/blogs.fu-berlin.de\/bibliotheken\/wp-json\/wp\/v2\/tags?post=25646"}],"curies":[{"name":"wp","href":"https:\/\/api.w.org\/{rel}","templated":true}]}}