{"id":25683,"date":"2019-11-14T12:00:01","date_gmt":"2019-11-14T11:00:01","guid":{"rendered":"https:\/\/blogs.fu-berlin.de\/bibliotheken\/?p=25683"},"modified":"2021-09-13T13:10:53","modified_gmt":"2021-09-13T12:10:53","slug":"delegierte-fuer-das-programm-un-jugenddelegierte-zur-generalversammlung-2020-gesucht","status":"publish","type":"post","link":"https:\/\/blogs.fu-berlin.de\/bibliotheken\/2019\/11\/14\/delegierte-fuer-das-programm-un-jugenddelegierte-zur-generalversammlung-2020-gesucht\/","title":{"rendered":"Delegierte f\u00fcr das Programm UN-Jugenddelegierte zur Generalversammlung 2020 gesucht!"},"content":{"rendered":"\n<p><em><span class=\"has-inline-color has-bright-red-color\">Der Betrieb des \u201eDokumentationszentrums UN \u2013 EU\u201c wird eingestellt. Die entsprechende Literatur bleibt im Bestand und ist weiterhin zug\u00e4nglich.<\/span><\/em><\/p>\n\n\n<div class=\"detail__teaser detail__teaser--below\">\n<p><figure id=\"attachment_25690\" aria-describedby=\"caption-attachment-25690\" style=\"width: 203px\" class=\"wp-caption alignright\"><img loading=\"lazy\" decoding=\"async\" class=\"wp-image-25690 \" src=\"https:\/\/blogs.fu-berlin.de\/bibliotheken\/files\/2019\/11\/access-933122_1280-300x210.jpg\" alt=\"\" width=\"203\" height=\"142\" srcset=\"https:\/\/blogs.fu-berlin.de\/bibliotheken\/files\/2019\/11\/access-933122_1280-300x210.jpg 300w, https:\/\/blogs.fu-berlin.de\/bibliotheken\/files\/2019\/11\/access-933122_1280-1200x842.jpg 1200w, https:\/\/blogs.fu-berlin.de\/bibliotheken\/files\/2019\/11\/access-933122_1280.jpg 1280w\" sizes=\"auto, (max-width: 203px) 85vw, 203px\" \/><figcaption id=\"caption-attachment-25690\" class=\"wp-caption-text\">Quelle: Bild von Gerd Altmann auf Pixabay<\/figcaption><\/figure><\/p>\n<p>Jedes Jahr k\u00f6nnen sich Menschen zwischen 18 und 25 Jahren als UN-Jugenddelegierte zur Generalversammlung bewerben.<\/p>\n<p>M\u00f6chten Sie die deutsche Delegation f\u00fcr drei Wochen zur 75. UN-Generalversammlung im Oktober 2020 nach New York begleiten, um sich f\u00fcr die Interessen junger Menschen einzusetzen?<br>\nTrauen Sie sich zu, im Vorfeld durch Deutschland zu fahren und in ausgiebigen Gespr\u00e4chen mit Jugendlichen vor Ort ihre Meinungen, Interessen und W\u00fcnsche kennen zu lernen und so zum \u201eSprachrohr der Jugend in Deutschland\u201c zu werden?<br>\nSind Sie bereit, sich gemeinsam mit Jugenddelegierten anderer L\u00e4nder f\u00fcr die Interessen junger Menschen auf der ganzen Welt stark zu machen?<br>\nWollen Sie die einmalige Chance nutzen, Ihre gesammelten Erfahrungen stellvertretend f\u00fcr die Jugend in Deutschland bei der Erarbeitung von Jugendresolutionen einzubringen?<\/p>\n<p>Bewerbungsfrist:&nbsp; <strong>13.01.2020<\/strong>, 12:00 Uhr<\/p>\n<p>Hier finden Sie alle Informationen zur <a href=\"https:\/\/www.jugenddelegierte.de\/jugenddelegierte\/bewirb-dich\" target=\"_blank\" rel=\"noopener noreferrer\">Ausschreibung<\/a>.<\/p>\n<p>Auf den Seiten der <a href=\"https:\/\/www.jugenddelegierte.de\/\">UN-Jugendeliegerten<\/a> k\u00f6nnen Sie mehr \u00fcber die Erfahrungen der Delegierten 2019, Josephine Hebling und Nikolas Karanikolas, nachlesen.<\/p>\n<\/div>\n<div class=\"detail__content\">\n<div class=\"detail__content-media\">\n<div class=\"media\">\n<figure>Per Mail:<\/figure>\n<ul>\n<li>F\u00fcr Fragen rund um die Bewerbung steht das Jugendreferat der DGVN zur Verf\u00fcgung <a href=\"mailto:jugendreferat@dgvn.de\">jugendreferat@dgvn.de<\/a>.<\/li>\n<li>Die Jugendelegierten beantworten inhaltlichen Fragen zum Programm <a href=\"mailto:info@jugenddelegierte.de\">info@jugenddelegierte.de<\/a>.<\/li>\n<\/ul>\n<p>Noch mehr Informationen zur UN bekommen Sie in unserem <a href=\"https:\/\/www.ub.fu-berlin.de\/bibliothek\/uneu\/\">Dokumentationszentrum UN-EU<\/a>.<\/p>\n<\/div>\n<\/div>\n<\/div>","protected":false},"excerpt":{"rendered":"<p>Der Betrieb des \u201eDokumentationszentrums UN \u2013 EU\u201c wird eingestellt. Die entsprechende Literatur bleibt im Bestand und ist weiterhin zug\u00e4nglich. Jedes Jahr k\u00f6nnen sich Menschen zwischen 18 und 25 Jahren als UN-Jugenddelegierte zur Generalversammlung bewerben. M\u00f6chten Sie die deutsche Delegation f\u00fcr drei Wochen zur 75. UN-Generalversammlung im Oktober 2020 nach New York begleiten, um sich f\u00fcr &hellip; <a href=\"https:\/\/blogs.fu-berlin.de\/bibliotheken\/2019\/11\/14\/delegierte-fuer-das-programm-un-jugenddelegierte-zur-generalversammlung-2020-gesucht\/\" class=\"more-link\"><span class=\"screen-reader-text\">\u201eDelegierte f\u00fcr das Programm UN-Jugenddelegierte zur Generalversammlung 2020 gesucht!\u201c<\/span> weiterlesen<\/a><\/p>\n","protected":false},"author":2907,"featured_media":0,"comment_status":"open","ping_status":"open","sticky":false,"template":"","format":"standard","meta":{"footnotes":""},"categories":[9],"tags":[2458,237766],"class_list":["post-25683","post","type-post","status-publish","format-standard","hentry","category-allgemein","tag-dokumentationszentrum-un-eu","tag-un-jugenddelegierte"],"_links":{"self":[{"href":"https:\/\/blogs.fu-berlin.de\/bibliotheken\/wp-json\/wp\/v2\/posts\/25683","targetHints":{"allow":["GET"]}}],"collection":[{"href":"https:\/\/blogs.fu-berlin.de\/bibliotheken\/wp-json\/wp\/v2\/posts"}],"about":[{"href":"https:\/\/blogs.fu-berlin.de\/bibliotheken\/wp-json\/wp\/v2\/types\/post"}],"author":[{"embeddable":true,"href":"https:\/\/blogs.fu-berlin.de\/bibliotheken\/wp-json\/wp\/v2\/users\/2907"}],"replies":[{"embeddable":true,"href":"https:\/\/blogs.fu-berlin.de\/bibliotheken\/wp-json\/wp\/v2\/comments?post=25683"}],"version-history":[{"count":10,"href":"https:\/\/blogs.fu-berlin.de\/bibliotheken\/wp-json\/wp\/v2\/posts\/25683\/revisions"}],"predecessor-version":[{"id":29134,"href":"https:\/\/blogs.fu-berlin.de\/bibliotheken\/wp-json\/wp\/v2\/posts\/25683\/revisions\/29134"}],"wp:attachment":[{"href":"https:\/\/blogs.fu-berlin.de\/bibliotheken\/wp-json\/wp\/v2\/media?parent=25683"}],"wp:term":[{"taxonomy":"category","embeddable":true,"href":"https:\/\/blogs.fu-berlin.de\/bibliotheken\/wp-json\/wp\/v2\/categories?post=25683"},{"taxonomy":"post_tag","embeddable":true,"href":"https:\/\/blogs.fu-berlin.de\/bibliotheken\/wp-json\/wp\/v2\/tags?post=25683"}],"curies":[{"name":"wp","href":"https:\/\/api.w.org\/{rel}","templated":true}]}}