{"id":25764,"date":"2019-11-28T12:00:13","date_gmt":"2019-11-28T11:00:13","guid":{"rendered":"https:\/\/blogs.fu-berlin.de\/bibliotheken\/?p=25764"},"modified":"2021-09-16T13:27:49","modified_gmt":"2021-09-16T12:27:49","slug":"advocating-human-rights-in-the-21st-century","status":"publish","type":"post","link":"https:\/\/blogs.fu-berlin.de\/bibliotheken\/2019\/11\/28\/advocating-human-rights-in-the-21st-century\/","title":{"rendered":"Advocating Human Rights in the 21st Century"},"content":{"rendered":"\n<p><em><span class=\"has-inline-color has-bright-red-color\">Der Betrieb des \u201eDokumentationszentrums UN \u2013 EU\u201c wird eingestellt. Die entsprechende Literatur bleibt im Bestand und ist weiterhin zug\u00e4nglich.<\/span><\/em><\/p>\n\n\n<p>Die heutigen Herausforderungen bed\u00fcrfen gemeinsamer Antworten in einer immer komplexer werdenden Welt. Deutschland f\u00f6rdert daher, gemeinsam mit Partnern aus aller Welt, das B\u00fcndnis f\u00fcr Multilateralismus, eine lose Gruppe von Nationen, die sich f\u00fcr die F\u00f6rderung der internationalen Zusammenarbeit einsetzen. Ziel ist es, globale Themen wie Abr\u00fcstung, Digitalisierung und Klimawandel anzugehen.<\/p>\n<p>Das Ausw\u00e4rtige Amt l\u00e4dt im Rahmen dieser Zusammenarbeit zu einer Konferenz ein, die den Herausforderungen im Bereich der Menschenrechte gewidmet ist &#8211; am 10. Dezember 2019, dem Tag der Menschenrechte &#8211; &#8222;Advocating Human Rights in the 21st Century&#8220; ein.<\/p>\n<p><strong>Programme:<\/strong><br>\n09:00 \u2013 10:30 Uhr<strong> &#8211; <\/strong>Anmeldung und Begr\u00fc\u00dfungskaffee<br>\n10:30 \u2013 12:30 Uhr &#8211; F\u00fcr Menschenrechte im 21. Jahrhundert eintreten<br>\nMit Beitr\u00e4gen von:<br>\nHeiko Maas, Au\u00dfenminister der Bundesrepublik Deutschland<br>\nYves Le Drian, Au\u00dfenminister Frankreichs<br>\nDunja Mijatovic, Menschenrechtskommissarin des Europarates<br>\nIngibj\u00f6rg S\u00f3lr\u00fan G\u00edslad\u00f3ttir, Direktor des OSZE-B\u00fcros f\u00fcr demokratische Institutionen und Menschenrechte<br>\nWeitere G\u00e4ste (tba)<\/p>\n<p>Simultan\u00fcbersetzung: Deutsch \/ Englisch \/ Franz\u00f6sisch<\/p>\n<p>12:30 \u2013 13:30 Uhr &#8211; Mittagsempfang<\/p>\n<p><strong>Veranstaltungsort:<\/strong> Weltsaal des Ausw\u00e4rtigen Amtes<\/p>\n<p><span style=\"color: #000000\">Bitte melden Sie sich hier an:<\/span> <a href=\"mailto:OR07-s@auswaertiges-amt.de\">OR07-s@auswaertiges-amt.de<\/a><\/p>\n<p>Noch mehr Informationen zur UN und EU bekommen Sie in unserem <a href=\"https:\/\/www.ub.fu-berlin.de\/bibliothek\/uneu\/\">Dokumentationszentrum UN-EU<\/a>.<\/p>","protected":false},"excerpt":{"rendered":"<p>Der Betrieb des \u201eDokumentationszentrums UN \u2013 EU\u201c wird eingestellt. Die entsprechende Literatur bleibt im Bestand und ist weiterhin zug\u00e4nglich. Die heutigen Herausforderungen bed\u00fcrfen gemeinsamer Antworten in einer immer komplexer werdenden Welt. Deutschland f\u00f6rdert daher, gemeinsam mit Partnern aus aller Welt, das B\u00fcndnis f\u00fcr Multilateralismus, eine lose Gruppe von Nationen, die sich f\u00fcr die F\u00f6rderung der &hellip; <a href=\"https:\/\/blogs.fu-berlin.de\/bibliotheken\/2019\/11\/28\/advocating-human-rights-in-the-21st-century\/\" class=\"more-link\"><span class=\"screen-reader-text\">\u201eAdvocating Human Rights in the 21st Century\u201c<\/span> weiterlesen<\/a><\/p>\n","protected":false},"author":2907,"featured_media":0,"comment_status":"open","ping_status":"open","sticky":false,"template":"","format":"standard","meta":{"footnotes":""},"categories":[70],"tags":[227432,2458,652],"class_list":["post-25764","post","type-post","status-publish","format-standard","hentry","category-veranstaltungen","tag-auswaertiges-amt","tag-dokumentationszentrum-un-eu","tag-menschenrechte"],"_links":{"self":[{"href":"https:\/\/blogs.fu-berlin.de\/bibliotheken\/wp-json\/wp\/v2\/posts\/25764","targetHints":{"allow":["GET"]}}],"collection":[{"href":"https:\/\/blogs.fu-berlin.de\/bibliotheken\/wp-json\/wp\/v2\/posts"}],"about":[{"href":"https:\/\/blogs.fu-berlin.de\/bibliotheken\/wp-json\/wp\/v2\/types\/post"}],"author":[{"embeddable":true,"href":"https:\/\/blogs.fu-berlin.de\/bibliotheken\/wp-json\/wp\/v2\/users\/2907"}],"replies":[{"embeddable":true,"href":"https:\/\/blogs.fu-berlin.de\/bibliotheken\/wp-json\/wp\/v2\/comments?post=25764"}],"version-history":[{"count":12,"href":"https:\/\/blogs.fu-berlin.de\/bibliotheken\/wp-json\/wp\/v2\/posts\/25764\/revisions"}],"predecessor-version":[{"id":29619,"href":"https:\/\/blogs.fu-berlin.de\/bibliotheken\/wp-json\/wp\/v2\/posts\/25764\/revisions\/29619"}],"wp:attachment":[{"href":"https:\/\/blogs.fu-berlin.de\/bibliotheken\/wp-json\/wp\/v2\/media?parent=25764"}],"wp:term":[{"taxonomy":"category","embeddable":true,"href":"https:\/\/blogs.fu-berlin.de\/bibliotheken\/wp-json\/wp\/v2\/categories?post=25764"},{"taxonomy":"post_tag","embeddable":true,"href":"https:\/\/blogs.fu-berlin.de\/bibliotheken\/wp-json\/wp\/v2\/tags?post=25764"}],"curies":[{"name":"wp","href":"https:\/\/api.w.org\/{rel}","templated":true}]}}