{"id":25783,"date":"2019-12-02T08:39:04","date_gmt":"2019-12-02T07:39:04","guid":{"rendered":"https:\/\/blogs.fu-berlin.de\/bibliotheken\/?p=25783"},"modified":"2021-09-13T13:09:23","modified_gmt":"2021-09-13T12:09:23","slug":"europaeisches-parlament-ruft-klimanotstand-aus","status":"publish","type":"post","link":"https:\/\/blogs.fu-berlin.de\/bibliotheken\/2019\/12\/02\/europaeisches-parlament-ruft-klimanotstand-aus\/","title":{"rendered":"Europ\u00e4isches Parlament ruft Klimanotstand aus"},"content":{"rendered":"\n<p><em><span class=\"has-inline-color has-bright-red-color\">Der Betrieb des \u201eDokumentationszentrums UN \u2013 EU\u201c wird eingestellt. Die entsprechende Literatur bleibt im Bestand und ist weiterhin zug\u00e4nglich.<\/span><\/em><\/p>\n\n\n<p><figure id=\"attachment_24353\" aria-describedby=\"caption-attachment-24353\" style=\"width: 300px\" class=\"wp-caption alignright\"><img loading=\"lazy\" decoding=\"async\" class=\"size-medium wp-image-24353\" src=\"https:\/\/blogs.fu-berlin.de\/bibliotheken\/files\/2018\/12\/desert-279862_1920-300x205.jpg\" alt=\"\" width=\"300\" height=\"205\" srcset=\"https:\/\/blogs.fu-berlin.de\/bibliotheken\/files\/2018\/12\/desert-279862_1920-300x205.jpg 300w, https:\/\/blogs.fu-berlin.de\/bibliotheken\/files\/2018\/12\/desert-279862_1920-1200x818.jpg 1200w, https:\/\/blogs.fu-berlin.de\/bibliotheken\/files\/2018\/12\/desert-279862_1920.jpg 1920w\" sizes=\"auto, (max-width: 300px) 85vw, 300px\" \/><figcaption id=\"caption-attachment-24353\" class=\"wp-caption-text\">Quelle: pixabay.com \u2013 CC0 License<\/figcaption><\/figure><\/p>\n<p>Am vergangenen Donnerstag (28.11.) hat das <span class=\"ep_name\"><a href=\"https:\/\/www.europarl.europa.eu\/portal\/de\">Europ\u00e4ische Parlament<\/a> eine Resolution verabschiedet, die den Klima- und Umweltnotstand ausruft. Ziel der Resolution ist es, dass die Europ\u00e4ische Kommission daf\u00fcr sorgt, dass alle relevanten Gesetzes- und Haushaltsvorschl\u00e4ge vollst\u00e4ndig mit dem Ziel \u00fcbereinstimmen, die Erderw\u00e4rmung auf unter 1,5\u00b0C zu begrenzen.<br>\n<\/span><\/p>\n<p>Im Vorfeld der <a href=\"https:\/\/unfccc.int\/cop25\">UN-Klimakonferenz COP25<\/a> in Madrid vom 2. bis 13. Dezember verabschiedete das Parlament am Donnerstag eine Resolution zur Erkl\u00e4rung einer Klima- und Umweltkrise in Europa und weltweit. Die Abgeordneten fordern die neue Pr\u00e4sidentin der Europ\u00e4ischen Kommission Ursula von der Leyen auf, ein Reduktionsziel von 55 % der Treibhausgasemissionen bis 2030 in den Europ\u00e4ischen Green Deal aufzunehmen.<\/p>\n<p><a href=\"https:\/\/www.europarl.europa.eu\/doceo\/document\/TA-9-2019-0078_EN.html\">Die Resolution<\/a> zur Erkl\u00e4rung einer Klima- und Umweltkrise wurde mit 429 Ja-Stimmen, 225 Nein-Stimmen und 19 Enthaltungen angenommen.<\/p>\n<p>Noch mehr Informationen zur EU bekommen Sie in unserem <a href=\"https:\/\/www.ub.fu-berlin.de\/bibliothek\/uneu\/\">Dokumentationszentrum UN-EU<\/a>.<\/p>","protected":false},"excerpt":{"rendered":"<p>Der Betrieb des \u201eDokumentationszentrums UN \u2013 EU\u201c wird eingestellt. Die entsprechende Literatur bleibt im Bestand und ist weiterhin zug\u00e4nglich. Am vergangenen Donnerstag (28.11.) hat das Europ\u00e4ische Parlament eine Resolution verabschiedet, die den Klima- und Umweltnotstand ausruft. Ziel der Resolution ist es, dass die Europ\u00e4ische Kommission daf\u00fcr sorgt, dass alle relevanten Gesetzes- und Haushaltsvorschl\u00e4ge vollst\u00e4ndig mit &hellip; <a href=\"https:\/\/blogs.fu-berlin.de\/bibliotheken\/2019\/12\/02\/europaeisches-parlament-ruft-klimanotstand-aus\/\" class=\"more-link\"><span class=\"screen-reader-text\">\u201eEurop\u00e4isches Parlament ruft Klimanotstand aus\u201c<\/span> weiterlesen<\/a><\/p>\n","protected":false},"author":3230,"featured_media":0,"comment_status":"open","ping_status":"open","sticky":false,"template":"","format":"standard","meta":{"footnotes":""},"categories":[604],"tags":[196703,2458,56944,187985,56929,2120,2119,56905],"class_list":["post-25783","post","type-post","status-publish","format-standard","hentry","category-ins-netz-geschaut","tag-17-ziele-fuer-nachhaltige-entwicklung","tag-dokumentationszentrum-un-eu","tag-europaeisches-parlament","tag-klimaaenderung","tag-klimapolitik","tag-klimaschutz","tag-klimawandel","tag-un-klimakonferenz"],"_links":{"self":[{"href":"https:\/\/blogs.fu-berlin.de\/bibliotheken\/wp-json\/wp\/v2\/posts\/25783","targetHints":{"allow":["GET"]}}],"collection":[{"href":"https:\/\/blogs.fu-berlin.de\/bibliotheken\/wp-json\/wp\/v2\/posts"}],"about":[{"href":"https:\/\/blogs.fu-berlin.de\/bibliotheken\/wp-json\/wp\/v2\/types\/post"}],"author":[{"embeddable":true,"href":"https:\/\/blogs.fu-berlin.de\/bibliotheken\/wp-json\/wp\/v2\/users\/3230"}],"replies":[{"embeddable":true,"href":"https:\/\/blogs.fu-berlin.de\/bibliotheken\/wp-json\/wp\/v2\/comments?post=25783"}],"version-history":[{"count":6,"href":"https:\/\/blogs.fu-berlin.de\/bibliotheken\/wp-json\/wp\/v2\/posts\/25783\/revisions"}],"predecessor-version":[{"id":29128,"href":"https:\/\/blogs.fu-berlin.de\/bibliotheken\/wp-json\/wp\/v2\/posts\/25783\/revisions\/29128"}],"wp:attachment":[{"href":"https:\/\/blogs.fu-berlin.de\/bibliotheken\/wp-json\/wp\/v2\/media?parent=25783"}],"wp:term":[{"taxonomy":"category","embeddable":true,"href":"https:\/\/blogs.fu-berlin.de\/bibliotheken\/wp-json\/wp\/v2\/categories?post=25783"},{"taxonomy":"post_tag","embeddable":true,"href":"https:\/\/blogs.fu-berlin.de\/bibliotheken\/wp-json\/wp\/v2\/tags?post=25783"}],"curies":[{"name":"wp","href":"https:\/\/api.w.org\/{rel}","templated":true}]}}