{"id":25802,"date":"2019-12-11T15:09:11","date_gmt":"2019-12-11T14:09:11","guid":{"rendered":"https:\/\/blogs.fu-berlin.de\/bibliotheken\/?p=25802"},"modified":"2020-01-06T12:16:36","modified_gmt":"2020-01-06T11:16:36","slug":"schliesszeiten-der-fu-bibliotheken-zum-jahreswechsel-2019-20","status":"publish","type":"post","link":"https:\/\/blogs.fu-berlin.de\/bibliotheken\/2019\/12\/11\/schliesszeiten-der-fu-bibliotheken-zum-jahreswechsel-2019-20\/","title":{"rendered":"Schlie\u00dfzeiten der FU-Bibliotheken zum Jahreswechsel 2019\/20"},"content":{"rendered":"<p><img loading=\"lazy\" decoding=\"async\" class=\"alignright wp-image-25814\" src=\"https:\/\/blogs.fu-berlin.de\/bibliotheken\/files\/2019\/12\/UB-Weihnachtskalender-WEB-24-300x200.png\" alt=\"\" width=\"250\" height=\"167\" srcset=\"https:\/\/blogs.fu-berlin.de\/bibliotheken\/files\/2019\/12\/UB-Weihnachtskalender-WEB-24-300x200.png 300w, https:\/\/blogs.fu-berlin.de\/bibliotheken\/files\/2019\/12\/UB-Weihnachtskalender-WEB-24.png 1000w\" sizes=\"auto, (max-width: 250px) 85vw, 250px\" \/>Die Bibliotheken haben aufgrund der FU-weiten Betriebsferien an Weihnachten\/Neujahr vom<strong> 21. Dezember 2019 bis zum 05. Januar 2020<\/strong> geschlossen.<\/p>\n<p>Bestellungen verf\u00fcgbarer Medien aus den Magazinen und die Aufgabe von Fernleihbestellungen sind in diesem Zeitraum nicht m\u00f6glich. Die Fristen von ausgeliehenen Medien fallen nicht in die Schlie\u00dfzeit. F\u00fcr Buchr\u00fcckgaben stehen u. a. R\u00fcckgabek\u00e4sten zur Verf\u00fcgung.<\/p>\n<p><strong>Bitte beachten Sie, dass einigen Bibliotheken an den letzten \u00d6ffnungstagen zum Teil fr\u00fcher schlie\u00dfen:<\/strong><\/p>\n<table width=\"484\">\n<tbody>\n<tr>\n<td width=\"218\">Bibliothek<\/td>\n<td width=\"266\">Sonderschlie\u00dfzeiten<\/td>\n<\/tr>\n<tr>\n<td><a href=\"https:\/\/www.fu-berlin.de\/sites\/campusbib\/index.html\">Campusbibliothek\u00a0<\/a><\/td>\n<td>\n<ul>\n<li>Freitag, 13.12. &#8211; ab 18 Uhr geschlossen<\/li>\n<li>Freitag, 20.12. &#8211; ab 18 Uhr geschlossen<\/li>\n<\/ul>\n<\/td>\n<\/tr>\n<tr>\n<td><a href=\"https:\/\/www.jfki.fu-berlin.de\/library\/\">Bibliothek des John-F.-Kennedy-Instituts f\u00fcr Nordamerikastudien<\/a><\/td>\n<td>\n<ul>\n<li>Freitag, 13.12. &#8211; ab 17 Uhr geschlossen<\/li>\n<li>Freitag, 20.12. &#8211; ab 17 Uhr geschlossen<\/li>\n<\/ul>\n<\/td>\n<\/tr>\n<tr>\n<td><a href=\"https:\/\/www.fu-berlin.de\/sites\/philbib\/index.html\">Philologische Bibliothek<\/a><\/td>\n<td>\n<ul>\n<li>Mittwoch, 18.12. &#8211; ab 17 Uhr geschlossen<\/li>\n<li>Freitag, 20.12. &#8211; ab 18 Uhr geschlossen<\/li>\n<\/ul>\n<\/td>\n<\/tr>\n<tr>\n<td><a href=\"https:\/\/www.vetmed.fu-berlin.de\/bibliothek\/\">Veterin\u00e4rmedizinische Bibliothek<\/a><\/td>\n<td>Freitag, 20.12. &#8211; ab 13 Uhr geschlossen<\/td>\n<\/tr>\n<\/tbody>\n<\/table>\n<p>Die <a href=\"https:\/\/www.jura.fu-berlin.de\/bibliothek\/\">Rechtswissenschaftliche Bibliothek<\/a> bietet innerhalb der Betriebsferien <a href=\"https:\/\/www.jura.fu-berlin.de\/bibliothek\/Allgemeine_Informationen\/Oeffnungszeiten\/Jahreswechselsonderausleihe\/index.html\">Sonderausleihen f\u00fcr den Lesesaalbestand<\/a> an.<\/p>\n<p>Wir w\u00fcnschen Ihnen sch\u00f6ne Feiertage und einen angenehmen Jahreswechsel!<\/p>\n","protected":false},"excerpt":{"rendered":"<p>Die Bibliotheken haben aufgrund der FU-weiten Betriebsferien an Weihnachten\/Neujahr vom 21. Dezember 2019 bis zum 05. Januar 2020 geschlossen. Bestellungen verf\u00fcgbarer Medien aus den Magazinen und die Aufgabe von Fernleihbestellungen sind in diesem Zeitraum nicht m\u00f6glich. Die Fristen von ausgeliehenen Medien fallen nicht in die Schlie\u00dfzeit. F\u00fcr Buchr\u00fcckgaben stehen u. a. R\u00fcckgabek\u00e4sten zur Verf\u00fcgung. Bitte &hellip; <a href=\"https:\/\/blogs.fu-berlin.de\/bibliotheken\/2019\/12\/11\/schliesszeiten-der-fu-bibliotheken-zum-jahreswechsel-2019-20\/\" class=\"more-link\"><span class=\"screen-reader-text\">\u201eSchlie\u00dfzeiten der FU-Bibliotheken zum Jahreswechsel 2019\/20\u201c<\/span> weiterlesen<\/a><\/p>\n","protected":false},"author":293,"featured_media":0,"comment_status":"open","ping_status":"open","sticky":false,"template":"","format":"standard","meta":{"footnotes":""},"categories":[9,599,600,601],"tags":[237773,949,237774],"class_list":["post-25802","post","type-post","status-publish","format-standard","hentry","category-allgemein","category-bibliothekswesen","category-fachbibliotheken","category-universitatsbibliothek","tag-jahreswechsel","tag-schliesung","tag-sonderschliesszeiten"],"_links":{"self":[{"href":"https:\/\/blogs.fu-berlin.de\/bibliotheken\/wp-json\/wp\/v2\/posts\/25802","targetHints":{"allow":["GET"]}}],"collection":[{"href":"https:\/\/blogs.fu-berlin.de\/bibliotheken\/wp-json\/wp\/v2\/posts"}],"about":[{"href":"https:\/\/blogs.fu-berlin.de\/bibliotheken\/wp-json\/wp\/v2\/types\/post"}],"author":[{"embeddable":true,"href":"https:\/\/blogs.fu-berlin.de\/bibliotheken\/wp-json\/wp\/v2\/users\/293"}],"replies":[{"embeddable":true,"href":"https:\/\/blogs.fu-berlin.de\/bibliotheken\/wp-json\/wp\/v2\/comments?post=25802"}],"version-history":[{"count":10,"href":"https:\/\/blogs.fu-berlin.de\/bibliotheken\/wp-json\/wp\/v2\/posts\/25802\/revisions"}],"predecessor-version":[{"id":25816,"href":"https:\/\/blogs.fu-berlin.de\/bibliotheken\/wp-json\/wp\/v2\/posts\/25802\/revisions\/25816"}],"wp:attachment":[{"href":"https:\/\/blogs.fu-berlin.de\/bibliotheken\/wp-json\/wp\/v2\/media?parent=25802"}],"wp:term":[{"taxonomy":"category","embeddable":true,"href":"https:\/\/blogs.fu-berlin.de\/bibliotheken\/wp-json\/wp\/v2\/categories?post=25802"},{"taxonomy":"post_tag","embeddable":true,"href":"https:\/\/blogs.fu-berlin.de\/bibliotheken\/wp-json\/wp\/v2\/tags?post=25802"}],"curies":[{"name":"wp","href":"https:\/\/api.w.org\/{rel}","templated":true}]}}