{"id":25807,"date":"2019-12-19T12:00:13","date_gmt":"2019-12-19T11:00:13","guid":{"rendered":"https:\/\/blogs.fu-berlin.de\/bibliotheken\/?p=25807"},"modified":"2021-09-13T13:08:17","modified_gmt":"2021-09-13T12:08:17","slug":"wir-wuenschen-friedliche-weihnachtsferien","status":"publish","type":"post","link":"https:\/\/blogs.fu-berlin.de\/bibliotheken\/2019\/12\/19\/wir-wuenschen-friedliche-weihnachtsferien\/","title":{"rendered":"Wir w\u00fcnschen friedliche Weihnachtsferien"},"content":{"rendered":"\n<p><em><span class=\"has-inline-color has-bright-red-color\">Der Betrieb des \u201eDokumentationszentrums UN \u2013 EU\u201c wird eingestellt. Die entsprechende Literatur bleibt im Bestand und ist weiterhin zug\u00e4nglich.<\/span><\/em><\/p>\n\n\n<p><figure id=\"attachment_25829\" aria-describedby=\"caption-attachment-25829\" style=\"width: 300px\" class=\"wp-caption alignright\"><img loading=\"lazy\" decoding=\"async\" class=\"size-medium wp-image-25829\" src=\"https:\/\/blogs.fu-berlin.de\/bibliotheken\/files\/2019\/12\/lights-1088141_1280-300x200.jpg\" alt=\"\" width=\"300\" height=\"200\" srcset=\"https:\/\/blogs.fu-berlin.de\/bibliotheken\/files\/2019\/12\/lights-1088141_1280-300x200.jpg 300w, https:\/\/blogs.fu-berlin.de\/bibliotheken\/files\/2019\/12\/lights-1088141_1280-1200x800.jpg 1200w, https:\/\/blogs.fu-berlin.de\/bibliotheken\/files\/2019\/12\/lights-1088141_1280.jpg 1280w\" sizes=\"auto, (max-width: 300px) 85vw, 300px\" \/><figcaption id=\"caption-attachment-25829\" class=\"wp-caption-text\">Bild von Jill Wellington auf Pixabay<\/figcaption><\/figure><\/p>\n<p>Liebe Leserinnen und Leser,<\/p>\n<p>ein ereignisreiches Jahr geht langsam zu Ende, das wir mit vielen Beitr\u00e4gen in unserem Blog begleitet haben. Das&nbsp;Dokumentationszentrums Vereinte Nationen und Europ\u00e4ische Union m\u00f6chten diesen letzten Blogbeitrag 2019 daf\u00fcr nutzen, Ihnen friedliche Weihnachtsfeiertage und einen guten Start in das Jahr 2020 zu w\u00fcnschen.<\/p>\n<p>Die Universit\u00e4tsbibliothek ist ab dem 21.12.2019 bis zum 05.01.2020 auf Grund von FU-weiten Betriebsferien geschlossen.<\/p>\n<p>Ihr Team des Dokumentationszentrums UN-EU<\/p>\n<p>Noch mehr Informationen zur UN und EU bekommen Sie in unserem <a href=\"https:\/\/www.ub.fu-berlin.de\/bibliothek\/uneu\/\">Dokumentationszentrum UN-EU<\/a>.<\/p>","protected":false},"excerpt":{"rendered":"<p>Der Betrieb des \u201eDokumentationszentrums UN \u2013 EU\u201c wird eingestellt. Die entsprechende Literatur bleibt im Bestand und ist weiterhin zug\u00e4nglich. Liebe Leserinnen und Leser, ein ereignisreiches Jahr geht langsam zu Ende, das wir mit vielen Beitr\u00e4gen in unserem Blog begleitet haben. Das&nbsp;Dokumentationszentrums Vereinte Nationen und Europ\u00e4ische Union m\u00f6chten diesen letzten Blogbeitrag 2019 daf\u00fcr nutzen, Ihnen friedliche &hellip; <a href=\"https:\/\/blogs.fu-berlin.de\/bibliotheken\/2019\/12\/19\/wir-wuenschen-friedliche-weihnachtsferien\/\" class=\"more-link\"><span class=\"screen-reader-text\">\u201eWir w\u00fcnschen friedliche Weihnachtsferien\u201c<\/span> weiterlesen<\/a><\/p>\n","protected":false},"author":2907,"featured_media":0,"comment_status":"open","ping_status":"open","sticky":false,"template":"","format":"standard","meta":{"footnotes":""},"categories":[9],"tags":[2458],"class_list":["post-25807","post","type-post","status-publish","format-standard","hentry","category-allgemein","tag-dokumentationszentrum-un-eu"],"_links":{"self":[{"href":"https:\/\/blogs.fu-berlin.de\/bibliotheken\/wp-json\/wp\/v2\/posts\/25807","targetHints":{"allow":["GET"]}}],"collection":[{"href":"https:\/\/blogs.fu-berlin.de\/bibliotheken\/wp-json\/wp\/v2\/posts"}],"about":[{"href":"https:\/\/blogs.fu-berlin.de\/bibliotheken\/wp-json\/wp\/v2\/types\/post"}],"author":[{"embeddable":true,"href":"https:\/\/blogs.fu-berlin.de\/bibliotheken\/wp-json\/wp\/v2\/users\/2907"}],"replies":[{"embeddable":true,"href":"https:\/\/blogs.fu-berlin.de\/bibliotheken\/wp-json\/wp\/v2\/comments?post=25807"}],"version-history":[{"count":12,"href":"https:\/\/blogs.fu-berlin.de\/bibliotheken\/wp-json\/wp\/v2\/posts\/25807\/revisions"}],"predecessor-version":[{"id":29126,"href":"https:\/\/blogs.fu-berlin.de\/bibliotheken\/wp-json\/wp\/v2\/posts\/25807\/revisions\/29126"}],"wp:attachment":[{"href":"https:\/\/blogs.fu-berlin.de\/bibliotheken\/wp-json\/wp\/v2\/media?parent=25807"}],"wp:term":[{"taxonomy":"category","embeddable":true,"href":"https:\/\/blogs.fu-berlin.de\/bibliotheken\/wp-json\/wp\/v2\/categories?post=25807"},{"taxonomy":"post_tag","embeddable":true,"href":"https:\/\/blogs.fu-berlin.de\/bibliotheken\/wp-json\/wp\/v2\/tags?post=25807"}],"curies":[{"name":"wp","href":"https:\/\/api.w.org\/{rel}","templated":true}]}}