{"id":25862,"date":"2020-01-16T12:00:48","date_gmt":"2020-01-16T11:00:48","guid":{"rendered":"https:\/\/blogs.fu-berlin.de\/bibliotheken\/?p=25862"},"modified":"2021-09-13T13:07:30","modified_gmt":"2021-09-13T12:07:30","slug":"21-januar-2020-fun-day-die-vereinten-nationen-an-der-freien-universitaet-berlin","status":"publish","type":"post","link":"https:\/\/blogs.fu-berlin.de\/bibliotheken\/2020\/01\/16\/21-januar-2020-fun-day-die-vereinten-nationen-an-der-freien-universitaet-berlin\/","title":{"rendered":"21. Januar 2020: FUN-Day &#8211; Die Vereinten Nationen an der Freien Universit\u00e4t Berlin"},"content":{"rendered":"\n<p><em><span class=\"has-inline-color has-bright-red-color\">Der Betrieb des \u201eDokumentationszentrums UN \u2013 EU\u201c wird eingestellt. Die entsprechende Literatur bleibt im Bestand und ist weiterhin zug\u00e4nglich.<\/span><\/em><\/p>\n\n\n<p><figure id=\"attachment_25871\" aria-describedby=\"caption-attachment-25871\" style=\"width: 300px\" class=\"wp-caption alignright\"><img loading=\"lazy\" decoding=\"async\" class=\"wp-image-25871 size-medium\" src=\"https:\/\/blogs.fu-berlin.de\/bibliotheken\/files\/2020\/01\/496436-300x200.jpg\" alt=\"\" width=\"300\" height=\"200\" srcset=\"https:\/\/blogs.fu-berlin.de\/bibliotheken\/files\/2020\/01\/496436-300x200.jpg 300w, https:\/\/blogs.fu-berlin.de\/bibliotheken\/files\/2020\/01\/496436-1200x800.jpg 1200w\" sizes=\"auto, (max-width: 300px) 85vw, 300px\" \/><figcaption id=\"caption-attachment-25871\" class=\"wp-caption-text\">The Knotted Gun Sculpture by Swedish artist Carl Fredrik Reutersw\u00e4rd on display in the UN Visitor&#8217;s Plaza. Quelle: United Nations Library #496436<\/figcaption><\/figure><\/p>\n<p>Am <strong>21.01.2020<\/strong> von <strong>14:00-18:30 Uhr<\/strong> findet im Henry-Ford-Bau, Senatssaal der <a href=\"https:\/\/www.fu-berlin.de\/sites\/ub\/ueber-uns\/un-eu\/veranstaltungen\/index.html\">FUN-Day &#8211; die Vereinten Nationen an der Freien Universit\u00e4t<\/a> statt.<\/p>\n<p><strong>Programm:<\/strong><\/p>\n<p><strong>14:00 &#8211; 16:00 Uhr:<\/strong><br>\n<strong>#beUNactive!&nbsp;\u2013 Einrichtungen und Hochschulinititativen stellen sich vor<\/strong><\/p>\n<p>14:00&nbsp;\u2013 Begr\u00fc\u00dfung, Dr. Peggy Wittke<br>\n14:10 \u2013 Model United Nations, Fachbereich Rechtswissenschaft<br>\n14:15 \u2013 Dokumentationszentrum UN-EU, Universit\u00e4tsbibliothek<br>\n14:20&nbsp;\u2013 Minute Madness, Moderation: Michael Franke-Maier:<\/p>\n<ul>\n<li>Hochschulgruppe des Berliner Komitees f\u00fcr UNESCO-Arbeit<\/li>\n<li>UNi-Gruppe der Deutschen Gesellschaft f\u00fcr die Vereinten Nationen<\/li>\n<li>UNICEF-Hochschulgruppe Berlin<\/li>\n<li>Amnesty International, Hochschulgruppe FU Berlin<\/li>\n<li>Welcome@FUBerlin<\/li>\n<\/ul>\n<p>ab 14:50 \u2013 Informationsbasar<\/p>\n<p><strong>16:00 &#8211; 18:30 Uhr:<br>\nAusstellung<\/strong> <strong><a href=\"https:\/\/www.auswaertiges-amt.de\/de\/aamt\/zugastimaa\/ausstellungen-im-auswaertigen-amt\/-\/2202288\">#stronger UNited: Deutschland im VN-Sicherheitsrat des Ausw\u00e4rtigen Amtes<\/a> an der FU-Berlin&nbsp; &#8211; Ausstellungser\u00f6ffnung mit Programm<\/strong><br>\nModeration: Prof. Dr. Verena Blechinger-Talcott, Vizepr\u00e4sidentin der Freien Universit\u00e4t Berlin<\/p>\n<p>16:00 \u2013 Begr\u00fc\u00dfung durch Prof. Dr. Verena Blechinger-Talcott<br>\n16:10 \u2013 Deutschland im VN-Sicherheitsrat, MDg Andreas K\u00fcnne, Beauftragter f\u00fcr Vereinte Nationen und Terrorismusbek\u00e4mpfung im Ausw\u00e4rtigen Amt<br>\n17:00 \u2013 Weltweit wir: Berufsperspektiven im h\u00f6heren Ausw\u00e4rtigen Dienst, David Westenfelder, Ausw\u00e4rtiges Amt<br>\n17:45 \u2013&nbsp;Arbeiten weltweit \u2013 Jobs bei den Vereinten Nationen, Arne Molfenter, UNRIC Verbindungsb\u00fcro in Deutschland, Bonn<br>\nab 18:30 \u2013 Get Together bei der Ausstellung<\/p>\n<p>Die Ausstellung endet am <strong>30.01.2020<\/strong> mit einer Finissage, organisiert von Dr. Peggy Wittke: <strong>16:20-18:00 Uhr, Henry-Ford-Bau &#8211;&nbsp; Simulation einer VN-Sicherheitsratssitzung:<\/strong><\/p>\n<p>16:20-16:50 \u2013 Er\u00f6ffnungsreden der Mitgliedstaaten am Verhandlungstisch, Foyer, 2. OG &#8211; Thema: Climate Change: Matter of International Security?<br>\n16:50-17:30 \u2013 Informelle Verhandlungen des Sicherheitsrats im Senatssaal<br>\n17:30-18:00 \u2013 Abstimmungen am Verhandlungstisch<\/p>\n<p>Organisiert wird der FUN-Day von Frau Dr. Peggy Wittke (Model United Nations, Fachbereich Rechtswissenschaft), Frau Sabine Hertel und Michael Franke-Maier (Dokumentationszentrum UN-EU, Universit\u00e4tsbibliothek).<br>\nAlle Veranstaltungen sind \u00f6ffentlich, der Eintritt ist frei.<\/p>\n<p>Es wird um Anmeldung bis zum 20. Januar 2020 gebeten: <a href=\"mailto:anmeldung-funday@ub.fu-berlin.de\">anmeldung-funday@ub.fu-berlin.de<\/a><\/p>\n<p>Noch mehr Informationen zur UN und EU bekommen Sie in unserem <a href=\"https:\/\/www.ub.fu-berlin.de\/bibliothek\/uneu\/\">Dokumentationszentrum UN-EU<\/a>.<\/p>","protected":false},"excerpt":{"rendered":"<p>Der Betrieb des \u201eDokumentationszentrums UN \u2013 EU\u201c wird eingestellt. Die entsprechende Literatur bleibt im Bestand und ist weiterhin zug\u00e4nglich. Am 21.01.2020 von 14:00-18:30 Uhr findet im Henry-Ford-Bau, Senatssaal der FUN-Day &#8211; die Vereinten Nationen an der Freien Universit\u00e4t statt. Programm: 14:00 &#8211; 16:00 Uhr: #beUNactive!&nbsp;\u2013 Einrichtungen und Hochschulinititativen stellen sich vor 14:00&nbsp;\u2013 Begr\u00fc\u00dfung, Dr. Peggy &hellip; <a href=\"https:\/\/blogs.fu-berlin.de\/bibliotheken\/2020\/01\/16\/21-januar-2020-fun-day-die-vereinten-nationen-an-der-freien-universitaet-berlin\/\" class=\"more-link\"><span class=\"screen-reader-text\">\u201e21. Januar 2020: FUN-Day &#8211; Die Vereinten Nationen an der Freien Universit\u00e4t Berlin\u201c<\/span> weiterlesen<\/a><\/p>\n","protected":false},"author":2907,"featured_media":0,"comment_status":"open","ping_status":"open","sticky":false,"template":"","format":"standard","meta":{"footnotes":""},"categories":[9,70],"tags":[237782,237783,2458,237781,12086],"class_list":["post-25862","post","type-post","status-publish","format-standard","hentry","category-allgemein","category-veranstaltungen","tag-beunactive","tag-stronger-united","tag-dokumentationszentrum-un-eu","tag-fun-day","tag-vereinte-nationen"],"_links":{"self":[{"href":"https:\/\/blogs.fu-berlin.de\/bibliotheken\/wp-json\/wp\/v2\/posts\/25862","targetHints":{"allow":["GET"]}}],"collection":[{"href":"https:\/\/blogs.fu-berlin.de\/bibliotheken\/wp-json\/wp\/v2\/posts"}],"about":[{"href":"https:\/\/blogs.fu-berlin.de\/bibliotheken\/wp-json\/wp\/v2\/types\/post"}],"author":[{"embeddable":true,"href":"https:\/\/blogs.fu-berlin.de\/bibliotheken\/wp-json\/wp\/v2\/users\/2907"}],"replies":[{"embeddable":true,"href":"https:\/\/blogs.fu-berlin.de\/bibliotheken\/wp-json\/wp\/v2\/comments?post=25862"}],"version-history":[{"count":29,"href":"https:\/\/blogs.fu-berlin.de\/bibliotheken\/wp-json\/wp\/v2\/posts\/25862\/revisions"}],"predecessor-version":[{"id":29122,"href":"https:\/\/blogs.fu-berlin.de\/bibliotheken\/wp-json\/wp\/v2\/posts\/25862\/revisions\/29122"}],"wp:attachment":[{"href":"https:\/\/blogs.fu-berlin.de\/bibliotheken\/wp-json\/wp\/v2\/media?parent=25862"}],"wp:term":[{"taxonomy":"category","embeddable":true,"href":"https:\/\/blogs.fu-berlin.de\/bibliotheken\/wp-json\/wp\/v2\/categories?post=25862"},{"taxonomy":"post_tag","embeddable":true,"href":"https:\/\/blogs.fu-berlin.de\/bibliotheken\/wp-json\/wp\/v2\/tags?post=25862"}],"curies":[{"name":"wp","href":"https:\/\/api.w.org\/{rel}","templated":true}]}}