{"id":25902,"date":"2020-01-15T19:11:24","date_gmt":"2020-01-15T18:11:24","guid":{"rendered":"https:\/\/blogs.fu-berlin.de\/bibliotheken\/?p=25902"},"modified":"2020-01-15T19:11:24","modified_gmt":"2020-01-15T18:11:24","slug":"universitaetsbibliothek-schliesst-am-23-januar-2020-frueher","status":"publish","type":"post","link":"https:\/\/blogs.fu-berlin.de\/bibliotheken\/2020\/01\/15\/universitaetsbibliothek-schliesst-am-23-januar-2020-frueher\/","title":{"rendered":"Universit\u00e4tsbibliothek schlie\u00dft am 23. Januar 2020 fr\u00fcher"},"content":{"rendered":"<p>Wegen einer internen Veranstaltung schlie\u00dft die <a href=\"https:\/\/www.fu-berlin.de\/sites\/ub\">Universit\u00e4tsbibliothek<\/a> am <strong>Donnerstag, den 23. Januar 2020<\/strong> schon um <strong>16.00 Uhr<\/strong>.<\/p>\n<p>Wir bitten um Verst\u00e4ndnis!<br \/>\nIhre Universit\u00e4tsbibliothek<\/p>\n","protected":false},"excerpt":{"rendered":"<p>Wegen einer internen Veranstaltung schlie\u00dft die Universit\u00e4tsbibliothek am Donnerstag, den 23. Januar 2020 schon um 16.00 Uhr. Wir bitten um Verst\u00e4ndnis! Ihre Universit\u00e4tsbibliothek<\/p>\n","protected":false},"author":293,"featured_media":0,"comment_status":"open","ping_status":"open","sticky":false,"template":"","format":"standard","meta":{"footnotes":""},"categories":[9,601],"tags":[237774],"class_list":["post-25902","post","type-post","status-publish","format-standard","hentry","category-allgemein","category-universitatsbibliothek","tag-sonderschliesszeiten"],"_links":{"self":[{"href":"https:\/\/blogs.fu-berlin.de\/bibliotheken\/wp-json\/wp\/v2\/posts\/25902","targetHints":{"allow":["GET"]}}],"collection":[{"href":"https:\/\/blogs.fu-berlin.de\/bibliotheken\/wp-json\/wp\/v2\/posts"}],"about":[{"href":"https:\/\/blogs.fu-berlin.de\/bibliotheken\/wp-json\/wp\/v2\/types\/post"}],"author":[{"embeddable":true,"href":"https:\/\/blogs.fu-berlin.de\/bibliotheken\/wp-json\/wp\/v2\/users\/293"}],"replies":[{"embeddable":true,"href":"https:\/\/blogs.fu-berlin.de\/bibliotheken\/wp-json\/wp\/v2\/comments?post=25902"}],"version-history":[{"count":1,"href":"https:\/\/blogs.fu-berlin.de\/bibliotheken\/wp-json\/wp\/v2\/posts\/25902\/revisions"}],"predecessor-version":[{"id":25903,"href":"https:\/\/blogs.fu-berlin.de\/bibliotheken\/wp-json\/wp\/v2\/posts\/25902\/revisions\/25903"}],"wp:attachment":[{"href":"https:\/\/blogs.fu-berlin.de\/bibliotheken\/wp-json\/wp\/v2\/media?parent=25902"}],"wp:term":[{"taxonomy":"category","embeddable":true,"href":"https:\/\/blogs.fu-berlin.de\/bibliotheken\/wp-json\/wp\/v2\/categories?post=25902"},{"taxonomy":"post_tag","embeddable":true,"href":"https:\/\/blogs.fu-berlin.de\/bibliotheken\/wp-json\/wp\/v2\/tags?post=25902"}],"curies":[{"name":"wp","href":"https:\/\/api.w.org\/{rel}","templated":true}]}}