{"id":26093,"date":"2020-03-13T08:43:38","date_gmt":"2020-03-13T07:43:38","guid":{"rendered":"https:\/\/blogs.fu-berlin.de\/bibliotheken\/?p=26093"},"modified":"2020-03-13T09:41:02","modified_gmt":"2020-03-13T08:41:02","slug":"ausfaelle-von-ub-kursen-durch-verschiebung-des-sommersemesters","status":"publish","type":"post","link":"https:\/\/blogs.fu-berlin.de\/bibliotheken\/2020\/03\/13\/ausfaelle-von-ub-kursen-durch-verschiebung-des-sommersemesters\/","title":{"rendered":"Ausf\u00e4lle von UB-Kursen durch Verschiebung des Sommersemesters"},"content":{"rendered":"<p>In Hinblick auf die Ausbreitung des neuartigen Coronavirus hat die Universit\u00e4tsleitung der FU Berlin erste <a href=\"https:\/\/www.fu-berlin.de\/sites\/coronavirus\">Sofortma\u00dfnahmen<\/a> erarbeitet und ver\u00f6ffentlicht. Dazu z\u00e4hlt auch, dass das Sommersemester erst am 20. April 2020 beginnen soll.<\/p>\n<p>Vor diesem Datum waren bereits erste Einf\u00fchrungsveranstaltungen der <a href=\"https:\/\/www.fu-berlin.de\/sites\/ub\">Universit\u00e4tsbibliothek<\/a> geplant. Diese werden leider entfallen.<\/p>\n<p>Die gestrichenenen Kurse im \u00dcberblick:<\/p>\n<table border=\"1\" cellpadding=\"5\">\n<tbody>\n<tr>\n<td><strong>Termin<\/strong><\/td>\n<td><strong>Uhrzeit<\/strong><\/td>\n<td><strong>Thema<\/strong><\/td>\n<td><strong>Ort<\/strong><\/td>\n<\/tr>\n<tr>\n<td>27.03.<\/td>\n<td>14:00 Uhr<\/td>\n<td>Einf\u00fchrung in das Literaturveraltungsprogramm EndNote<\/td>\n<td>Universit\u00e4tsbibliothek<\/td>\n<\/tr>\n<tr>\n<td>15.04.<\/td>\n<td>10:00 Uhr<\/td>\n<td>Recherchieren im Bibliotheksportal Primo<\/td>\n<td>Universit\u00e4tsbibliothek<\/td>\n<\/tr>\n<tr>\n<td>17.04.<\/td>\n<td>14:00 Uhr<\/td>\n<td>Recherchieren im Bibliotheksportal Primo<\/td>\n<td>Universit\u00e4tsbibliothek<\/td>\n<\/tr>\n<\/tbody>\n<\/table>\n<p>Nach bekanntgewordenen Infektionsf\u00e4llen in Deutschland hat die Freie Universit\u00e4t Berlin eine Website mit Themen des Lehr-, Studien- und Arbeitsalltags im Zusammenhang mit dem Coronavirus erstellt, die auch tagesaktuelle Informationen und Hinweise enth\u00e4lt:<\/p>\n<p><a href=\"http:\/\/www.fu-berlin.de\/sites\/coronavirus\">www.fu-berlin.de\/sites\/coronavirus<\/a><\/p>\n<p>Dennoch stellen Sie sich bitte darauf ein, dass es in der jetzigen Situation zu kurzfristigen \u00c4nderungen kommen kann. Wir halten Sie weiterhin auf dem Laufenden.<\/p>\n","protected":false},"excerpt":{"rendered":"<p>In Hinblick auf die Ausbreitung des neuartigen Coronavirus hat die Universit\u00e4tsleitung der FU Berlin erste Sofortma\u00dfnahmen erarbeitet und ver\u00f6ffentlicht. Dazu z\u00e4hlt auch, dass das Sommersemester erst am 20. April 2020 beginnen soll. Vor diesem Datum waren bereits erste Einf\u00fchrungsveranstaltungen der Universit\u00e4tsbibliothek geplant. Diese werden leider entfallen. Die gestrichenenen Kurse im \u00dcberblick: Termin Uhrzeit Thema Ort &hellip; <a href=\"https:\/\/blogs.fu-berlin.de\/bibliotheken\/2020\/03\/13\/ausfaelle-von-ub-kursen-durch-verschiebung-des-sommersemesters\/\" class=\"more-link\"><span class=\"screen-reader-text\">\u201eAusf\u00e4lle von UB-Kursen durch Verschiebung des Sommersemesters\u201c<\/span> weiterlesen<\/a><\/p>\n","protected":false},"author":293,"featured_media":0,"comment_status":"open","ping_status":"open","sticky":false,"template":"","format":"standard","meta":{"footnotes":""},"categories":[9,601,70],"tags":[237795,237814,436],"class_list":["post-26093","post","type-post","status-publish","format-standard","hentry","category-allgemein","category-universitatsbibliothek","category-veranstaltungen","tag-coronavirus","tag-kursausfall","tag-schulung"],"_links":{"self":[{"href":"https:\/\/blogs.fu-berlin.de\/bibliotheken\/wp-json\/wp\/v2\/posts\/26093","targetHints":{"allow":["GET"]}}],"collection":[{"href":"https:\/\/blogs.fu-berlin.de\/bibliotheken\/wp-json\/wp\/v2\/posts"}],"about":[{"href":"https:\/\/blogs.fu-berlin.de\/bibliotheken\/wp-json\/wp\/v2\/types\/post"}],"author":[{"embeddable":true,"href":"https:\/\/blogs.fu-berlin.de\/bibliotheken\/wp-json\/wp\/v2\/users\/293"}],"replies":[{"embeddable":true,"href":"https:\/\/blogs.fu-berlin.de\/bibliotheken\/wp-json\/wp\/v2\/comments?post=26093"}],"version-history":[{"count":4,"href":"https:\/\/blogs.fu-berlin.de\/bibliotheken\/wp-json\/wp\/v2\/posts\/26093\/revisions"}],"predecessor-version":[{"id":26097,"href":"https:\/\/blogs.fu-berlin.de\/bibliotheken\/wp-json\/wp\/v2\/posts\/26093\/revisions\/26097"}],"wp:attachment":[{"href":"https:\/\/blogs.fu-berlin.de\/bibliotheken\/wp-json\/wp\/v2\/media?parent=26093"}],"wp:term":[{"taxonomy":"category","embeddable":true,"href":"https:\/\/blogs.fu-berlin.de\/bibliotheken\/wp-json\/wp\/v2\/categories?post=26093"},{"taxonomy":"post_tag","embeddable":true,"href":"https:\/\/blogs.fu-berlin.de\/bibliotheken\/wp-json\/wp\/v2\/tags?post=26093"}],"curies":[{"name":"wp","href":"https:\/\/api.w.org\/{rel}","templated":true}]}}