{"id":26098,"date":"2020-03-17T08:55:47","date_gmt":"2020-03-17T07:55:47","guid":{"rendered":"https:\/\/blogs.fu-berlin.de\/bibliotheken\/?p=26098"},"modified":"2021-09-13T13:02:23","modified_gmt":"2021-09-13T12:02:23","slug":"europaeisches-jahr-der-schiene-2021","status":"publish","type":"post","link":"https:\/\/blogs.fu-berlin.de\/bibliotheken\/2020\/03\/17\/europaeisches-jahr-der-schiene-2021\/","title":{"rendered":"Europ\u00e4isches Jahr der Schiene 2021"},"content":{"rendered":"\n<p><em><span class=\"has-inline-color has-bright-red-color\">Der Betrieb des \u201eDokumentationszentrums UN \u2013 EU\u201c wird eingestellt. Die entsprechende Literatur bleibt im Bestand und ist weiterhin zug\u00e4nglich.<\/span><\/em><\/p>\n\n\n<p><figure id=\"attachment_26099\" aria-describedby=\"caption-attachment-26099\" style=\"width: 300px\" class=\"wp-caption alignright\"><img loading=\"lazy\" decoding=\"async\" class=\"size-medium wp-image-26099\" src=\"https:\/\/blogs.fu-berlin.de\/bibliotheken\/files\/2020\/03\/cologne-1527780_1920-300x153.jpg\" alt=\"\" width=\"300\" height=\"153\" srcset=\"https:\/\/blogs.fu-berlin.de\/bibliotheken\/files\/2020\/03\/cologne-1527780_1920-300x153.jpg 300w, https:\/\/blogs.fu-berlin.de\/bibliotheken\/files\/2020\/03\/cologne-1527780_1920-1200x611.jpg 1200w, https:\/\/blogs.fu-berlin.de\/bibliotheken\/files\/2020\/03\/cologne-1527780_1920.jpg 1920w\" sizes=\"auto, (max-width: 300px) 85vw, 300px\" \/><figcaption id=\"caption-attachment-26099\" class=\"wp-caption-text\">Quelle: https:\/\/pixabay.com\/images\/id-1527780\/<\/figcaption><\/figure><\/p>\n<p>Im Bezug zur Verwirklichung des <a href=\"https:\/\/ec.europa.eu\/info\/strategy\/priorities-2019-2024\/european-green-deal_de\">Green Deals<\/a> schlug die Europ\u00e4ische Kommission am 04.03.2020 vor, 2021 zum Europ\u00e4ischen Jahr der Schiene auszurufen.<\/p>\n<p>Der Verkehr ist einer der gr\u00f6\u00dften Gegner des Klimaschutzes: Er verursacht ungef\u00e4hr ein Viertel aller Treibhausgase. Das Ziel ist es, bis 2050 diese um bis zu 90% zu reduzieren. Das Europ\u00e4ische Jahr der Schiene soll dabei helfen, indem vor allem an der Umsetzung der Vorschriften des <a href=\"https:\/\/ec.europa.eu\/commission\/presscorner\/detail\/de\/MEMO_16_1383\">vierten Eisenbahnpakets von 2013<\/a> gearbeitet werden soll.<\/p>\n<p>Die Bahn ist nicht nur einer der sichersten Verkehrstr\u00e4ger, sie ist auch eines der nachhaltigsten Verkehrsmittel. In den letzten 30 Jahren sind ihre Treibhausgas-Emissionen stetig gesunken, obwohl sie in der Zeit immer mehr zur Bef\u00f6rderung genutzt wurde. Damit w\u00fcrde sich die Bahn als eine Ma\u00dfnahme f\u00fcr die angestrebten Ziele des Green Deals eignen.<\/p>\n<p>Laut Green Deal sollen beispielsweise 75% der auf Stra\u00dfen bef\u00f6rderten Inlandsfracht auf andere Wege, wie die Schienen- und Binnenwasserstra\u00dfen, umgestellt werden. Zur Nutzung der Vorteile m\u00fcssten, nach Aussage von Adina V\u0103lean, der EU-Kommissarin f\u00fcr Verkehr, allerdings auch die Verwaltung und die Technik das Qualit\u00e4tsniveau des 21.&nbsp;Jahrhunderts erf\u00fcllen.<\/p>\n<p>F\u00fcr das Europ\u00e4ische Jahr der Schiene wurde bewusst das f\u00fcr die Bahn Jubil\u00e4en reiche Jahr 2021 ausgew\u00e4hlt. Auch politisch bietet sich der Zeitraum an, denn der Aufbau eines einheitlichen Eisenbahnraums k\u00f6nnte neben der Nachhaltigkeit auch den Zusammenhalt in Europa f\u00f6rdern, wie V\u0103lean bei der Bekanntgabe des Vorschlages mitteilte.<\/p>\n<p>Um den Vorschlag der Europ\u00e4ischen Kommission auch in die Tat umzusetzen, m\u00fcssen noch der Rat der Europ\u00e4ischen Union und das Europ\u00e4ische Parlament zustimmen.<\/p>\n<p>Mehr Informationen zum Europ\u00e4ischen Jahr der Schiene finden Sie unter <a href=\"https:\/\/ec.europa.eu\/commission\/presscorner\/detail\/de\/ip_20_364\">https:\/\/ec.europa.eu\/commission\/presscorner\/detail\/de\/ip_20_364<\/a><\/p>\n<p>Noch mehr Informationen zur EU bekommen Sie in unserem <a href=\"https:\/\/www.ub.fu-berlin.de\/bibliothek\/uneu\/\">Dokumentationszentrum UN-EU<\/a>.<\/p>\n<p>Dieser Blog-Beitrag wurde von Frau Wiebke Scheinpflug (Auszubildende im 3. Lehrjahr) geschrieben.<\/p>","protected":false},"excerpt":{"rendered":"<p>Der Betrieb des \u201eDokumentationszentrums UN \u2013 EU\u201c wird eingestellt. Die entsprechende Literatur bleibt im Bestand und ist weiterhin zug\u00e4nglich. Im Bezug zur Verwirklichung des Green Deals schlug die Europ\u00e4ische Kommission am 04.03.2020 vor, 2021 zum Europ\u00e4ischen Jahr der Schiene auszurufen. Der Verkehr ist einer der gr\u00f6\u00dften Gegner des Klimaschutzes: Er verursacht ungef\u00e4hr ein Viertel aller &hellip; <a href=\"https:\/\/blogs.fu-berlin.de\/bibliotheken\/2020\/03\/17\/europaeisches-jahr-der-schiene-2021\/\" class=\"more-link\"><span class=\"screen-reader-text\">\u201eEurop\u00e4isches Jahr der Schiene 2021\u201c<\/span> weiterlesen<\/a><\/p>\n","protected":false},"author":3230,"featured_media":0,"comment_status":"open","ping_status":"open","sticky":false,"template":"","format":"standard","meta":{"footnotes":""},"categories":[9],"tags":[],"class_list":["post-26098","post","type-post","status-publish","format-standard","hentry","category-allgemein"],"_links":{"self":[{"href":"https:\/\/blogs.fu-berlin.de\/bibliotheken\/wp-json\/wp\/v2\/posts\/26098","targetHints":{"allow":["GET"]}}],"collection":[{"href":"https:\/\/blogs.fu-berlin.de\/bibliotheken\/wp-json\/wp\/v2\/posts"}],"about":[{"href":"https:\/\/blogs.fu-berlin.de\/bibliotheken\/wp-json\/wp\/v2\/types\/post"}],"author":[{"embeddable":true,"href":"https:\/\/blogs.fu-berlin.de\/bibliotheken\/wp-json\/wp\/v2\/users\/3230"}],"replies":[{"embeddable":true,"href":"https:\/\/blogs.fu-berlin.de\/bibliotheken\/wp-json\/wp\/v2\/comments?post=26098"}],"version-history":[{"count":4,"href":"https:\/\/blogs.fu-berlin.de\/bibliotheken\/wp-json\/wp\/v2\/posts\/26098\/revisions"}],"predecessor-version":[{"id":29105,"href":"https:\/\/blogs.fu-berlin.de\/bibliotheken\/wp-json\/wp\/v2\/posts\/26098\/revisions\/29105"}],"wp:attachment":[{"href":"https:\/\/blogs.fu-berlin.de\/bibliotheken\/wp-json\/wp\/v2\/media?parent=26098"}],"wp:term":[{"taxonomy":"category","embeddable":true,"href":"https:\/\/blogs.fu-berlin.de\/bibliotheken\/wp-json\/wp\/v2\/categories?post=26098"},{"taxonomy":"post_tag","embeddable":true,"href":"https:\/\/blogs.fu-berlin.de\/bibliotheken\/wp-json\/wp\/v2\/tags?post=26098"}],"curies":[{"name":"wp","href":"https:\/\/api.w.org\/{rel}","templated":true}]}}