{"id":26102,"date":"2020-03-23T10:04:08","date_gmt":"2020-03-23T09:04:08","guid":{"rendered":"https:\/\/blogs.fu-berlin.de\/bibliotheken\/?p=26102"},"modified":"2021-09-13T13:01:07","modified_gmt":"2021-09-13T12:01:07","slug":"eu-ebnet-den-weg-fuer-eine-staerkere-und-ehrgeizigere-partnerschaft-mit-afrika","status":"publish","type":"post","link":"https:\/\/blogs.fu-berlin.de\/bibliotheken\/2020\/03\/23\/eu-ebnet-den-weg-fuer-eine-staerkere-und-ehrgeizigere-partnerschaft-mit-afrika\/","title":{"rendered":"EU ebnet den Weg f\u00fcr eine st\u00e4rkere und ehrgeizigere Partnerschaft mit Afrika"},"content":{"rendered":"\n<p><em><span class=\"has-inline-color has-bright-red-color\">Der Betrieb des \u201eDokumentationszentrums UN \u2013 EU\u201c wird eingestellt. Die entsprechende Literatur bleibt im Bestand und ist weiterhin zug\u00e4nglich.<\/span><\/em><\/p>\n\n\n<p><figure id=\"attachment_24874\" aria-describedby=\"caption-attachment-24874\" style=\"width: 300px\" class=\"wp-caption alignright\"><img loading=\"lazy\" decoding=\"async\" class=\"size-medium wp-image-24874\" src=\"https:\/\/blogs.fu-berlin.de\/bibliotheken\/files\/2019\/04\/brussels-4056171_1280-300x200.jpg\" alt=\"\" width=\"300\" height=\"200\" srcset=\"https:\/\/blogs.fu-berlin.de\/bibliotheken\/files\/2019\/04\/brussels-4056171_1280-300x200.jpg 300w, https:\/\/blogs.fu-berlin.de\/bibliotheken\/files\/2019\/04\/brussels-4056171_1280-1200x800.jpg 1200w, https:\/\/blogs.fu-berlin.de\/bibliotheken\/files\/2019\/04\/brussels-4056171_1280.jpg 1280w\" sizes=\"auto, (max-width: 300px) 85vw, 300px\" \/><figcaption id=\"caption-attachment-24874\" class=\"wp-caption-text\">https:\/\/pixabay.com\/images\/id-4056171\/<\/figcaption><\/figure><\/p>\n<p>Am 27. Februar 2020 fand die 10. Sitzung der Europ\u00e4ischen Kommission und der Kommission der Afrikanischen Union statt. Hierbei wurde die k\u00fcnftige Zusammenarbeit mit Afrika in den Bereichen gr\u00fcne Wende, digitaler Wandel, nachhaltiges Wachstum und Besch\u00e4ftigung, Frieden und Governance, Migration und Mobilit\u00e4t er\u00f6rtert. Auf Grundlage von dieser Sitzung wurde ein Vorschlag erarbeitet.<\/p>\n<p>Als Basis wird dieses <a href=\"https:\/\/ec.europa.eu\/commission\/presscorner\/detail\/de\/ip_20_373\">Dokument<\/a> dienen, damit Europa mit Afrika Gespr\u00e4che bez\u00fcglich einer neuen gemeinsamen Strategie f\u00fchren kann. Die in dem Zusammentreffen erarbeiteten Vorschl\u00e4ge sollen auf dem Gipfeltreffen der Europ\u00e4ischen Union und der Afrikanischen Union im Oktober 2020 gebilligt werden.<\/p>\n<p>Der Vorschlag baut auf einer wachsenden Dynamik in der Beziehung zwischen der EU und Afrika auf. Das Jahr 2020 wird mit dem 6. Gipfeltreffen zwischen der Afrikanischen Union und der EU und dem Abschluss wichtiger Verhandlungen entscheidend f\u00fcr eine noch engere Partnerschaft mit Afrika sein.<\/p>\n<p>Es wird vorgeschlagen, dass die EU und Afrika bei folgenden Ma\u00dfnahmen zusammenarbeiten sollten:<\/p>\n<ol>\n<li>Maximierung der gr\u00fcnen Wende und Minimierung der Gefahren f\u00fcr die Umwelt<\/li>\n<li>Beschleunigung des digitalen Wandels auf dem Kontinent<\/li>\n<li>deutliche Aufstockung \u00f6kologisch, sozial und finanziell nachhaltiger und klimaresilienter Investitionen<\/li>\n<li>Unterst\u00fctzung afrikanischer Staaten bei der Annahme von Strategien und Regulierungsreformen, die das Unternehmensumfeld und das Investitionsklima verbessern<\/li>\n<li>rasche Verbesserung des Lernens, der Kenntnisse und F\u00e4higkeiten, der Kapazit\u00e4ten f\u00fcr Forschung und Innovation, insbesondere von Frauen und Jugendlichen, Schutz und St\u00e4rkung der sozialen Rechte und Unterbindung von Kinderarbeit<\/li>\n<li>Anpassung und Vertiefung der EU-Unterst\u00fctzung f\u00fcr die afrikanischen Friedensbem\u00fchungen bei besonders bed\u00fcrftigen Regionen<\/li>\n<li>Einbeziehung der verantwortungsvollen Staatsf\u00fchrung, der Demokratie, der Menschenrechte, der Rechtsstaatlichkeit und der Gleichstellung der Geschlechter in die Ma\u00dfnahmen und Zusammenarbeit<\/li>\n<li>Sicherstellung der Resilienz durch Verkn\u00fcpfung von humanit\u00e4ren, entwicklungspolitischen, friedens- und sicherheitspolitischen Ma\u00dfnahmen<\/li>\n<li>Gew\u00e4hrleistung einer ausgewogenen, koh\u00e4renten und umfassenden Partnerschaft f\u00fcr Mobilit\u00e4t und Migration<\/li>\n<li>St\u00e4rkung der regelbasierten internationalen Ordnung und des multilateralen Systems, wobei die Vereinten Nationen im Mittelpunkt stehen<\/li>\n<\/ol>\n<p>F\u00fcr weitere Informationen zu diesem Thema empfehlen wir unter anderem das Informationsblatt \u201e<a href=\"https:\/\/ec.europa.eu\/commission\/presscorner\/api\/files\/attachment\/863047\/Towards_a_comprehensive_strategy_with_Africa.pdf.pdf\">TOWARDS A COMPREHENSIVESTRATEGY WITH AFRICA<\/a>\u201c.<\/p>\n<p>Noch mehr Informationen zur EU bekommen Sie in unserem <a href=\"https:\/\/www.ub.fu-berlin.de\/bibliothek\/uneu\/\">Dokumentationszentrum UN-EU<\/a>.<\/p>\n<p>Dieser Blog-Beitrag wurde von Frau Jule Lange (Auszubildende im 3. Lehrjahr) geschrieben.<\/p>","protected":false},"excerpt":{"rendered":"<p>Der Betrieb des \u201eDokumentationszentrums UN \u2013 EU\u201c wird eingestellt. Die entsprechende Literatur bleibt im Bestand und ist weiterhin zug\u00e4nglich. Am 27. Februar 2020 fand die 10. Sitzung der Europ\u00e4ischen Kommission und der Kommission der Afrikanischen Union statt. Hierbei wurde die k\u00fcnftige Zusammenarbeit mit Afrika in den Bereichen gr\u00fcne Wende, digitaler Wandel, nachhaltiges Wachstum und Besch\u00e4ftigung, &hellip; <a href=\"https:\/\/blogs.fu-berlin.de\/bibliotheken\/2020\/03\/23\/eu-ebnet-den-weg-fuer-eine-staerkere-und-ehrgeizigere-partnerschaft-mit-afrika\/\" class=\"more-link\"><span class=\"screen-reader-text\">\u201eEU ebnet den Weg f\u00fcr eine st\u00e4rkere und ehrgeizigere Partnerschaft mit Afrika\u201c<\/span> weiterlesen<\/a><\/p>\n","protected":false},"author":3230,"featured_media":0,"comment_status":"open","ping_status":"open","sticky":false,"template":"","format":"standard","meta":{"footnotes":""},"categories":[9],"tags":[],"class_list":["post-26102","post","type-post","status-publish","format-standard","hentry","category-allgemein"],"_links":{"self":[{"href":"https:\/\/blogs.fu-berlin.de\/bibliotheken\/wp-json\/wp\/v2\/posts\/26102","targetHints":{"allow":["GET"]}}],"collection":[{"href":"https:\/\/blogs.fu-berlin.de\/bibliotheken\/wp-json\/wp\/v2\/posts"}],"about":[{"href":"https:\/\/blogs.fu-berlin.de\/bibliotheken\/wp-json\/wp\/v2\/types\/post"}],"author":[{"embeddable":true,"href":"https:\/\/blogs.fu-berlin.de\/bibliotheken\/wp-json\/wp\/v2\/users\/3230"}],"replies":[{"embeddable":true,"href":"https:\/\/blogs.fu-berlin.de\/bibliotheken\/wp-json\/wp\/v2\/comments?post=26102"}],"version-history":[{"count":4,"href":"https:\/\/blogs.fu-berlin.de\/bibliotheken\/wp-json\/wp\/v2\/posts\/26102\/revisions"}],"predecessor-version":[{"id":29103,"href":"https:\/\/blogs.fu-berlin.de\/bibliotheken\/wp-json\/wp\/v2\/posts\/26102\/revisions\/29103"}],"wp:attachment":[{"href":"https:\/\/blogs.fu-berlin.de\/bibliotheken\/wp-json\/wp\/v2\/media?parent=26102"}],"wp:term":[{"taxonomy":"category","embeddable":true,"href":"https:\/\/blogs.fu-berlin.de\/bibliotheken\/wp-json\/wp\/v2\/categories?post=26102"},{"taxonomy":"post_tag","embeddable":true,"href":"https:\/\/blogs.fu-berlin.de\/bibliotheken\/wp-json\/wp\/v2\/tags?post=26102"}],"curies":[{"name":"wp","href":"https:\/\/api.w.org\/{rel}","templated":true}]}}