{"id":26106,"date":"2020-03-13T18:20:12","date_gmt":"2020-03-13T17:20:12","guid":{"rendered":"https:\/\/blogs.fu-berlin.de\/bibliotheken\/?p=26106"},"modified":"2020-03-27T19:44:38","modified_gmt":"2020-03-27T18:44:38","slug":"information-der-universitaetsbibliothek-zu-benutzungseinschraenkungen-durch-das-coronavirus","status":"publish","type":"post","link":"https:\/\/blogs.fu-berlin.de\/bibliotheken\/2020\/03\/13\/information-der-universitaetsbibliothek-zu-benutzungseinschraenkungen-durch-das-coronavirus\/","title":{"rendered":"Information der Universit\u00e4tsbibliothek zu Benutzungseinschr\u00e4nkungen durch das Coronavirus"},"content":{"rendered":"<p><strong>Vorsorglich bleiben alle Bibliotheken der Freien Universit\u00e4t Berlin (Universit\u00e4tsbibliothek und Fachbibliotheken) ab dem 14. M\u00e4rz. 2020 bis auf Weiteres geschlossen.<\/strong><\/p>\n<p>In dieser Zeit k\u00f6nnen keine physischen Medien \u00fcber das Bibliotheksportal Primo bestellt, vorgemerkt, ausgeliehen oder zur\u00fcckgegeben werden.<\/p>\n<p>Angeh\u00f6rige der Freien Universit\u00e4t Berlin haben ortsunabh\u00e4ngig \u00fcber das Bibliotheksportal Primo (<a href=\"http:\/\/primo.fu-berlin.de\" target=\"_blank\" rel=\"noopener\">http:\/\/primo.fu-berlin.de<\/a>) Zugang zu allen lizenzierten elektronischen Texten und Recherchequellen.<\/p>\n<p>\u2022 Die Fristen von ausgeliehenen Medien werden angepasst.<br \/>\n\u2022 In der Schlie\u00dfzeit fallen keine neuen Mahngeb\u00fchren an.<br \/>\n\u2022 Vormerkungen auf entliehene Werke bleiben erhalten.<br \/>\n\u2022 Vorhandene Bereitstellungen bleiben bis eine Woche nach Wiederaufnahme des Betriebes liegen.<br \/>\n\u2022 Bestellungen verf\u00fcgbarer Medien aus den Magazinen sind in diesem Zeitraum nicht m\u00f6glich.<br \/>\n\u2022 Die Aufgabe von Fernleihbestellungen ist in diesem Zeitraum nicht m\u00f6glich.<br \/>\n\u2022 Bitte keine R\u00fccksendungen von Werken mit der Post.<br \/>\n\u2022 Die R\u00fcckgabek\u00e4sten am Haupteingang der Universit\u00e4tsbibliothek sind ge\u00f6ffnet.<\/p>\n<p>\u00dcber alle weiteren organisatorischen Fragen halten wir Sie an dieser Stelle auf dem Laufenden.<\/p>\n<p>Bei dringenden Anliegen und Fragen kontaktieren Sie bitte :<\/p>\n<p>Telefon: (030) 838-511 11 (Informationszentrum) \/ -522 65 (Leihstelle)<br \/>\nE-Mail: <a href=\"mailto:auskunft@ub.fu-berlin.de\">auskunft@ub.fu-berlin.de<\/a> (Informationszentrum)<br \/>\nE-Mail: <a href=\"mailto:ausleihe@ub.fu-berlin.de\">ausleihe@ub.fu-berlin.de<\/a> (Leihstelle)<\/p>\n","protected":false},"excerpt":{"rendered":"<p>Vorsorglich bleiben alle Bibliotheken der Freien Universit\u00e4t Berlin (Universit\u00e4tsbibliothek und Fachbibliotheken) ab dem 14. M\u00e4rz. 2020 bis auf Weiteres geschlossen. In dieser Zeit k\u00f6nnen keine physischen Medien \u00fcber das Bibliotheksportal Primo bestellt, vorgemerkt, ausgeliehen oder zur\u00fcckgegeben werden. Angeh\u00f6rige der Freien Universit\u00e4t Berlin haben ortsunabh\u00e4ngig \u00fcber das Bibliotheksportal Primo (http:\/\/primo.fu-berlin.de) Zugang zu allen lizenzierten elektronischen Texten &hellip; <a href=\"https:\/\/blogs.fu-berlin.de\/bibliotheken\/2020\/03\/13\/information-der-universitaetsbibliothek-zu-benutzungseinschraenkungen-durch-das-coronavirus\/\" class=\"more-link\"><span class=\"screen-reader-text\">\u201eInformation der Universit\u00e4tsbibliothek zu Benutzungseinschr\u00e4nkungen durch das Coronavirus\u201c<\/span> weiterlesen<\/a><\/p>\n","protected":false},"author":266,"featured_media":0,"comment_status":"open","ping_status":"open","sticky":false,"template":"","format":"standard","meta":{"footnotes":""},"categories":[9,600,601],"tags":[237795],"class_list":["post-26106","post","type-post","status-publish","format-standard","hentry","category-allgemein","category-fachbibliotheken","category-universitatsbibliothek","tag-coronavirus"],"_links":{"self":[{"href":"https:\/\/blogs.fu-berlin.de\/bibliotheken\/wp-json\/wp\/v2\/posts\/26106","targetHints":{"allow":["GET"]}}],"collection":[{"href":"https:\/\/blogs.fu-berlin.de\/bibliotheken\/wp-json\/wp\/v2\/posts"}],"about":[{"href":"https:\/\/blogs.fu-berlin.de\/bibliotheken\/wp-json\/wp\/v2\/types\/post"}],"author":[{"embeddable":true,"href":"https:\/\/blogs.fu-berlin.de\/bibliotheken\/wp-json\/wp\/v2\/users\/266"}],"replies":[{"embeddable":true,"href":"https:\/\/blogs.fu-berlin.de\/bibliotheken\/wp-json\/wp\/v2\/comments?post=26106"}],"version-history":[{"count":7,"href":"https:\/\/blogs.fu-berlin.de\/bibliotheken\/wp-json\/wp\/v2\/posts\/26106\/revisions"}],"predecessor-version":[{"id":26132,"href":"https:\/\/blogs.fu-berlin.de\/bibliotheken\/wp-json\/wp\/v2\/posts\/26106\/revisions\/26132"}],"wp:attachment":[{"href":"https:\/\/blogs.fu-berlin.de\/bibliotheken\/wp-json\/wp\/v2\/media?parent=26106"}],"wp:term":[{"taxonomy":"category","embeddable":true,"href":"https:\/\/blogs.fu-berlin.de\/bibliotheken\/wp-json\/wp\/v2\/categories?post=26106"},{"taxonomy":"post_tag","embeddable":true,"href":"https:\/\/blogs.fu-berlin.de\/bibliotheken\/wp-json\/wp\/v2\/tags?post=26106"}],"curies":[{"name":"wp","href":"https:\/\/api.w.org\/{rel}","templated":true}]}}